{"id":1347,"date":"2021-03-23T12:50:19","date_gmt":"2021-03-23T12:50:19","guid":{"rendered":"https:\/\/www.ametllerorigenwp.com\/?p=1347"},"modified":"2021-03-23T12:50:22","modified_gmt":"2021-03-23T12:50:22","slug":"recepta-mini-alberginies-amb-curri-de-verdures","status":"publish","type":"post","link":"https:\/\/www.ametllerorigenwp.com\/ca\/recepta-mini-alberginies-amb-curri-de-verdures\/","title":{"rendered":"Recepta: mini alberg\u00ednies amb curri de verdures"},"content":{"rendered":"\n<p><strong>L\u2019alberg\u00ednia \u00e9s una verdura rica en fibra i amb propietats antioxidants. \u00a0Avui us volem ensenyar una forma r\u00e0pida i senzilla de cuinar la seva versi\u00f3 mini, <\/strong>m\u00e9s enll\u00e0 de farcir-la amb carn o verdures i cuinar-la al forn. <\/p>\n\n\n\n<p><strong>El Cintet t\u2019ensenya en <a href=\"https:\/\/www.instagram.com\/tv\/CMsElrKItQC\/?igshid=mdz9cof0kwxj\">aquest v\u00eddeo<\/a> com preparar les mini alberg\u00ednies caramel\u00b7litzades amb salsa de soja i mel, acompanyades d\u2019un curri de verdures amb moniato i col Kale!<\/strong> Una recepta saludable, original i molt saborosa per poder incorporar aquesta verdura al teu men\u00fa setmanal.<\/p>\n","protected":false},"excerpt":{"rendered":"<p>L\u2019alberg\u00ednia \u00e9s una verdura rica en fibra i amb propietats antioxidants. \u00a0Avui us volem ensenyar una forma r\u00e0pida i senzilla de cuinar la seva versi\u00f3 mini, m\u00e9s enll\u00e0 de farcir-la amb carn o verdures i cuinar-la al forn. El Cintet t\u2019ensenya en aquest v\u00eddeo com preparar les mini alberg\u00ednies caramel\u00b7litzades amb salsa de soja i &hellip; <a href=\"https:\/\/www.ametllerorigenwp.com\/ca\/recepta-mini-alberginies-amb-curri-de-verdures\/\" class=\"more-link\">Continua llegint <span class=\"screen-reader-text\">\u00abRecepta: mini alberg\u00ednies amb curri de verdures\u00bb<\/span><\/a><\/p>\n","protected":false},"author":5,"featured_media":1348,"comment_status":"open","ping_status":"open","sticky":false,"template":"","format":"standard","meta":{"_uag_custom_page_level_css":"","advgb_blocks_editor_width":"","advgb_blocks_columns_visual_guide":"","footnotes":""},"categories":[2],"tags":[],"class_list":["post-1347","post","type-post","status-publish","format-standard","has-post-thumbnail","hentry","category-noticies"],"author_meta":{"display_name":"Mireia Zaragoza","author_link":"https:\/\/www.ametllerorigenwp.com\/ca\/author\/mzaragoza\/"},"featured_img":"https:\/\/www.ametllerorigenwp.com\/wp-content\/uploads\/2021\/03\/alberginia-mini-300x102.jpg","uagb_featured_image_src":{"full":["https:\/\/www.ametllerorigenwp.com\/wp-content\/uploads\/2021\/03\/alberginia-mini.jpg",1000,340,false],"thumbnail":["https:\/\/www.ametllerorigenwp.com\/wp-content\/uploads\/2021\/03\/alberginia-mini-150x150.jpg",150,150,true],"medium":["https:\/\/www.ametllerorigenwp.com\/wp-content\/uploads\/2021\/03\/alberginia-mini-300x102.jpg",300,102,true],"medium_large":["https:\/\/www.ametllerorigenwp.com\/wp-content\/uploads\/2021\/03\/alberginia-mini-768x261.jpg",768,261,true],"large":["https:\/\/www.ametllerorigenwp.com\/wp-content\/uploads\/2021\/03\/alberginia-mini.jpg",840,286,false],"1536x1536":["https:\/\/www.ametllerorigenwp.com\/wp-content\/uploads\/2021\/03\/alberginia-mini.jpg",1000,340,false],"2048x2048":["https:\/\/www.ametllerorigenwp.com\/wp-content\/uploads\/2021\/03\/alberginia-mini.jpg",1000,340,false],"post-thumbnail":["https:\/\/www.ametllerorigenwp.com\/wp-content\/uploads\/2021\/03\/alberginia-mini.jpg",1000,340,false]},"uagb_author_info":{"display_name":"Mireia Zaragoza","author_link":"https:\/\/www.ametllerorigenwp.com\/ca\/author\/mzaragoza\/"},"uagb_comment_info":0,"uagb_excerpt":"L\u2019alberg\u00ednia \u00e9s una verdura rica en fibra i amb propietats antioxidants. \u00a0Avui us volem ensenyar una forma r\u00e0pida i senzilla de cuinar la seva versi\u00f3 mini, m\u00e9s enll\u00e0 de farcir-la amb carn o verdures i cuinar-la al forn. El Cintet t\u2019ensenya en aquest v\u00eddeo com preparar les mini alberg\u00ednies caramel\u00b7litzades amb salsa de soja i&hellip;","coauthors":[],"tax_additional":{"categories":{"linked":["<a href=\"https:\/\/www.ametllerorigenwp.com\/ca\/category\/noticies\/\" class=\"advgb-post-tax-term\">Noticies<\/a>"],"unlinked":["<span class=\"advgb-post-tax-term\">Noticies<\/span>"]}},"comment_count":"0","relative_dates":{"created":"Posted 5 anys ago","modified":"Updated 5 anys ago"},"absolute_dates":{"created":"Posted on 23 de mar\u00e7 de 2021","modified":"Updated on 23 de mar\u00e7 de 2021"},"absolute_dates_time":{"created":"Posted on 23 de mar\u00e7 de 2021 12:50","modified":"Updated on 23 de mar\u00e7 de 2021 12:50"},"featured_img_caption":"","series_order":"","show_in_app":true,"fecha_inicio_destacado":null,"hora_inicio_visualizacion":null,"minutos_inicio_visualizacion":null,"fecha_final_destacado":null,"hora_final_visualizacion":null,"minutos_final_visualizacion":null,"posicion_visualizacion":null,"estado_destacado":null,"niveles_destacados":null,"url_del_enlace":null,"banner_destacado":null,"posicion_visualizacion_de_la_noticia":null,"estado_noticia":null,"fecha_de_inicio_de_visualizacion_del_tutorial":null,"hora_inicio_visualizacion_tutorial":null,"minutos_inicio_visualizacion_tutorial":null,"fecha_de_final_de_visualizacion_del_tutorial":null,"hora_final_visualizacion_tutorial":null,"minutos_final_visualizacion_tutorial":null,"numero_de_veces_visto":null,"numero_de_veces_total":null,"niveles_tutorial":null,"tutorial_recursos_castellano":null,"tutorial_recursos_catalan":null,"dias_disponibles":null,"dias_de_la_semana":null,"dias_del_mes":null,"other_lang_post_id":null,"lang":"ca","campanya_descripcion":null,"campanya_fecha_inicio":null,"campanya_fecha_fin":null,"campanya_legales":null,"campanya_imagen":null,"campanya_characteristics":null,"campanya_url":null,"campanya_posicion_visualizacion":null,"campanya_estado":null,"_links":{"self":[{"href":"https:\/\/www.ametllerorigenwp.com\/ca\/wp-json\/wp\/v2\/posts\/1347","targetHints":{"allow":["GET"]}}],"collection":[{"href":"https:\/\/www.ametllerorigenwp.com\/ca\/wp-json\/wp\/v2\/posts"}],"about":[{"href":"https:\/\/www.ametllerorigenwp.com\/ca\/wp-json\/wp\/v2\/types\/post"}],"author":[{"embeddable":true,"href":"https:\/\/www.ametllerorigenwp.com\/ca\/wp-json\/wp\/v2\/users\/5"}],"replies":[{"embeddable":true,"href":"https:\/\/www.ametllerorigenwp.com\/ca\/wp-json\/wp\/v2\/comments?post=1347"}],"version-history":[{"count":2,"href":"https:\/\/www.ametllerorigenwp.com\/ca\/wp-json\/wp\/v2\/posts\/1347\/revisions"}],"predecessor-version":[{"id":1351,"href":"https:\/\/www.ametllerorigenwp.com\/ca\/wp-json\/wp\/v2\/posts\/1347\/revisions\/1351"}],"wp:featuredmedia":[{"embeddable":true,"href":"https:\/\/www.ametllerorigenwp.com\/ca\/wp-json\/wp\/v2\/media\/1348"}],"wp:attachment":[{"href":"https:\/\/www.ametllerorigenwp.com\/ca\/wp-json\/wp\/v2\/media?parent=1347"}],"wp:term":[{"taxonomy":"category","embeddable":true,"href":"https:\/\/www.ametllerorigenwp.com\/ca\/wp-json\/wp\/v2\/categories?post=1347"},{"taxonomy":"post_tag","embeddable":true,"href":"https:\/\/www.ametllerorigenwp.com\/ca\/wp-json\/wp\/v2\/tags?post=1347"}],"curies":[{"name":"wp","href":"https:\/\/api.w.org\/{rel}","templated":true}]}}