{"id":13548,"date":"2025-09-08T01:00:29","date_gmt":"2025-09-08T01:00:29","guid":{"rendered":"https:\/\/www.ametllerorigenwp.com\/?p=13548"},"modified":"2025-09-30T11:15:09","modified_gmt":"2025-09-30T11:15:09","slug":"recupera-lequilibri-amb-les-nostres-experiencies-de-setembre","status":"publish","type":"post","link":"https:\/\/www.ametllerorigenwp.com\/ca\/recupera-lequilibri-amb-les-nostres-experiencies-de-setembre\/","title":{"rendered":"Recupera l\u2019equilibri amb les nostres experi\u00e8ncies de setembre"},"content":{"rendered":"<p class=\"p1\"><span class=\"s1\">Tornar a la rutina \u00e9s m\u00e9s f\u00e0cil amb el calendari d\u2019experi\u00e8ncies que et proposem: no te\u2019n perdis ni una, n\u2019hi ha per tots els gustos! <\/span><\/p>\n<p class=\"p1\"><span class=\"s1\">Consulta el <a href=\"https:\/\/tallers.ametllerorigen.com\/\"><span class=\"s2\">calendari<\/span><\/a> i gaudeix d\u2019un taller de <b>receptes saludables amb la instagramer @albitrips<\/b> i d\u2019un taller per aprendre a <b>cuinar i donar una segona vida als aliments<\/b> amb motiu del Dia Mundial contra el Malbaratament Alimentari. <\/span><\/p>\n<p class=\"p1\"><span class=\"s1\">Tanmateix, si t\u2019encanten els tom\u00e0quets, et proposem gaudir de l\u2019activitat <b>degustaci\u00f3 de tom\u00e0quets a l\u2019hivernacle I+D de Cabrera de Mar<\/b>. I aix\u00f2 no \u00e9s tot: pels amants de la gastronomia tamb\u00e9 hem organitzat un <b>sopar gastron\u00f2mic on les figues i el ra\u00efm seran els protagonistes<\/b>.<\/span><\/p>\n<p class=\"p1\"><span class=\"s1\">No esperis m\u00e9s i apunta\u2019t a totes les experi\u00e8ncies que vulguis. T\u2019hi esperem! <\/span><\/p>\n","protected":false},"excerpt":{"rendered":"<p>Tornar a la rutina \u00e9s m\u00e9s f\u00e0cil amb el calendari d\u2019experi\u00e8ncies que et proposem: no te\u2019n perdis ni una, n\u2019hi ha per tots els gustos! Consulta el calendari i gaudeix d\u2019un taller de receptes saludables amb la instagramer @albitrips i d\u2019un taller per aprendre a cuinar i donar una segona vida als aliments amb motiu &hellip; <a href=\"https:\/\/www.ametllerorigenwp.com\/ca\/recupera-lequilibri-amb-les-nostres-experiencies-de-setembre\/\" class=\"more-link\">Continua llegint <span class=\"screen-reader-text\">\u00abRecupera l\u2019equilibri amb les nostres experi\u00e8ncies de setembre\u00bb<\/span><\/a><\/p>\n","protected":false},"author":5,"featured_media":13549,"comment_status":"closed","ping_status":"closed","sticky":false,"template":"","format":"standard","meta":{"_uag_custom_page_level_css":"","advgb_blocks_editor_width":"","advgb_blocks_columns_visual_guide":"","footnotes":""},"categories":[2],"tags":[],"class_list":["post-13548","post","type-post","status-publish","format-standard","has-post-thumbnail","hentry","category-noticies"],"author_meta":{"display_name":"Mireia Zaragoza","author_link":"https:\/\/www.ametllerorigenwp.com\/ca\/author\/mzaragoza\/"},"featured_img":"https:\/\/www.ametllerorigenwp.com\/wp-content\/uploads\/2025\/08\/FOTO_APP_TALLERS_SETEMBRE-300x102.jpeg","uagb_featured_image_src":{"full":["https:\/\/www.ametllerorigenwp.com\/wp-content\/uploads\/2025\/08\/FOTO_APP_TALLERS_SETEMBRE.jpeg",2083,708,false],"thumbnail":["https:\/\/www.ametllerorigenwp.com\/wp-content\/uploads\/2025\/08\/FOTO_APP_TALLERS_SETEMBRE-150x150.jpeg",150,150,true],"medium":["https:\/\/www.ametllerorigenwp.com\/wp-content\/uploads\/2025\/08\/FOTO_APP_TALLERS_SETEMBRE-300x102.jpeg",300,102,true],"medium_large":["https:\/\/www.ametllerorigenwp.com\/wp-content\/uploads\/2025\/08\/FOTO_APP_TALLERS_SETEMBRE-768x261.jpeg",768,261,true],"large":["https:\/\/www.ametllerorigenwp.com\/wp-content\/uploads\/2025\/08\/FOTO_APP_TALLERS_SETEMBRE-1024x348.jpeg",840,285,true],"1536x1536":["https:\/\/www.ametllerorigenwp.com\/wp-content\/uploads\/2025\/08\/FOTO_APP_TALLERS_SETEMBRE-1536x522.jpeg",1536,522,true],"2048x2048":["https:\/\/www.ametllerorigenwp.com\/wp-content\/uploads\/2025\/08\/FOTO_APP_TALLERS_SETEMBRE-2048x696.jpeg",2048,696,true],"post-thumbnail":["https:\/\/www.ametllerorigenwp.com\/wp-content\/uploads\/2025\/08\/FOTO_APP_TALLERS_SETEMBRE-1200x408.jpeg",1200,408,true]},"uagb_author_info":{"display_name":"Mireia Zaragoza","author_link":"https:\/\/www.ametllerorigenwp.com\/ca\/author\/mzaragoza\/"},"uagb_comment_info":0,"uagb_excerpt":"Tornar a la rutina \u00e9s m\u00e9s f\u00e0cil amb el calendari d\u2019experi\u00e8ncies que et proposem: no te\u2019n perdis ni una, n\u2019hi ha per tots els gustos! Consulta el calendari i gaudeix d\u2019un taller de receptes saludables amb la instagramer @albitrips i d\u2019un taller per aprendre a cuinar i donar una segona vida als aliments amb motiu&hellip;","coauthors":[],"tax_additional":{"categories":{"linked":["<a href=\"https:\/\/www.ametllerorigenwp.com\/ca\/category\/noticies\/\" class=\"advgb-post-tax-term\">Noticies<\/a>"],"unlinked":["<span class=\"advgb-post-tax-term\">Noticies<\/span>"]}},"comment_count":"0","relative_dates":{"created":"Posted 8 mesos ago","modified":"Updated 7 mesos ago"},"absolute_dates":{"created":"Posted on 8 de setembre de 2025","modified":"Updated on 30 de setembre de 2025"},"absolute_dates_time":{"created":"Posted on 8 de setembre de 2025 01:00","modified":"Updated on 30 de setembre de 2025 11:15"},"featured_img_caption":"","series_order":"","show_in_app":true,"fecha_inicio_destacado":null,"hora_inicio_visualizacion":null,"minutos_inicio_visualizacion":null,"fecha_final_destacado":null,"hora_final_visualizacion":null,"minutos_final_visualizacion":null,"posicion_visualizacion":null,"estado_destacado":null,"niveles_destacados":null,"url_del_enlace":null,"banner_destacado":null,"posicion_visualizacion_de_la_noticia":"01","estado_noticia":["Visible"],"fecha_de_inicio_de_visualizacion_del_tutorial":null,"hora_inicio_visualizacion_tutorial":null,"minutos_inicio_visualizacion_tutorial":null,"fecha_de_final_de_visualizacion_del_tutorial":null,"hora_final_visualizacion_tutorial":null,"minutos_final_visualizacion_tutorial":null,"numero_de_veces_visto":null,"numero_de_veces_total":null,"niveles_tutorial":null,"tutorial_recursos_castellano":null,"tutorial_recursos_catalan":null,"dias_disponibles":null,"dias_de_la_semana":null,"dias_del_mes":null,"other_lang_post_id":null,"lang":"ca","campanya_descripcion":null,"campanya_fecha_inicio":null,"campanya_fecha_fin":null,"campanya_legales":null,"campanya_imagen":null,"campanya_characteristics":null,"campanya_url":null,"campanya_posicion_visualizacion":null,"campanya_estado":null,"_links":{"self":[{"href":"https:\/\/www.ametllerorigenwp.com\/ca\/wp-json\/wp\/v2\/posts\/13548","targetHints":{"allow":["GET"]}}],"collection":[{"href":"https:\/\/www.ametllerorigenwp.com\/ca\/wp-json\/wp\/v2\/posts"}],"about":[{"href":"https:\/\/www.ametllerorigenwp.com\/ca\/wp-json\/wp\/v2\/types\/post"}],"author":[{"embeddable":true,"href":"https:\/\/www.ametllerorigenwp.com\/ca\/wp-json\/wp\/v2\/users\/5"}],"replies":[{"embeddable":true,"href":"https:\/\/www.ametllerorigenwp.com\/ca\/wp-json\/wp\/v2\/comments?post=13548"}],"version-history":[{"count":4,"href":"https:\/\/www.ametllerorigenwp.com\/ca\/wp-json\/wp\/v2\/posts\/13548\/revisions"}],"predecessor-version":[{"id":13690,"href":"https:\/\/www.ametllerorigenwp.com\/ca\/wp-json\/wp\/v2\/posts\/13548\/revisions\/13690"}],"wp:featuredmedia":[{"embeddable":true,"href":"https:\/\/www.ametllerorigenwp.com\/ca\/wp-json\/wp\/v2\/media\/13549"}],"wp:attachment":[{"href":"https:\/\/www.ametllerorigenwp.com\/ca\/wp-json\/wp\/v2\/media?parent=13548"}],"wp:term":[{"taxonomy":"category","embeddable":true,"href":"https:\/\/www.ametllerorigenwp.com\/ca\/wp-json\/wp\/v2\/categories?post=13548"},{"taxonomy":"post_tag","embeddable":true,"href":"https:\/\/www.ametllerorigenwp.com\/ca\/wp-json\/wp\/v2\/tags?post=13548"}],"curies":[{"name":"wp","href":"https:\/\/api.w.org\/{rel}","templated":true}]}}