{"id":13913,"date":"2025-12-12T16:23:31","date_gmt":"2025-12-12T16:23:31","guid":{"rendered":"https:\/\/www.ametllerorigenwp.com\/?p=13913"},"modified":"2025-12-12T16:23:31","modified_gmt":"2025-12-12T16:23:31","slug":"mes-de-80-000-e-recaptats-per-lsjd-pediatric-cancer-center-barcelona","status":"publish","type":"post","link":"https:\/\/www.ametllerorigenwp.com\/ca\/mes-de-80-000-e-recaptats-per-lsjd-pediatric-cancer-center-barcelona\/","title":{"rendered":"M\u00e9s de 80.000 \u20ac recaptats per l\u2019SJD Pediatric Cancer Center Barcelona"},"content":{"rendered":"<p><span style=\"font-weight: 400;\">Ahir <\/span><b>m\u00e9s de 900 persones vam viure plegats una de les nits m\u00e9s m\u00e0giques i solid\u00e0ries de l\u2019any, el IV Sopar solidari de Nadal d\u2019Ametller Origen, celebrat en benefici de l\u2019Hospital Sant Joan de D\u00e9u Barcelona<\/b><span style=\"font-weight: 400;\">.<\/span><\/p>\n<p><span style=\"font-weight: 400;\">Els assistents van gaudir d\u2019espectacles plens de m\u00fasica i ball, com l\u2019<\/span><b>actuaci\u00f3 del Ramon Mirabet<\/b><span style=\"font-weight: 400;\">. La <\/span><b>Bibiana Ballb\u00e8 i el Quim Masferrer<\/b><span style=\"font-weight: 400;\"> ens van acompanyar durant tota la nit, i a m\u00e9s, vam poder gaudir dels plats dels xefs de renom <\/span><b>Carlota Claver, Hideki Matsuhisa, Martina Puigvert, Nandu Jubany, Jordi Cruz, Lluc Crusellas i Oriol Balaguer<\/b><span style=\"font-weight: 400;\">.\u00a0<\/span><\/p>\n<p><span style=\"font-weight: 400;\">Gr\u00e0cies a totes les persones que han fet possible aquesta edici\u00f3 del Sopar solidari d\u2019Ametller Origen, <\/span><b>hem aconseguit recaptar m\u00e9s de 80.000 \u20ac, que es destinaran \u00edntegrament al Pediatric Cancer Center Barcelona<\/b><span style=\"font-weight: 400;\">, un centre \u00fanic a Espanya dedicat a l&#8217;atenci\u00f3 ambulat\u00f2ria i hospitalitzaci\u00f3, tractaments i recerca del c\u00e0ncer infantojuvenil.\u00a0<\/span><\/p>\n<p><span style=\"font-weight: 400;\">Ens omple d\u2019orgull dir que ha estat tot un \u00e8xit!\u00a0<\/span><\/p>\n<p>&nbsp;<\/p>\n<p><span style=\"font-weight: 400;\">Aquest esdeveniment ha comptat amb la col\u00b7laboraci\u00f3 de:\u00a0<\/span><span style=\"font-weight: 400;\">Panasonic, Biocop, Valcoiberia, El abuelo de los melones, Torrent i Fills, Damm, Ahumados Dominguez, Torrons Vicen\u00e7, Europastry, Ibermicar, Caf\u00e8s Novell, Entemont, Ous roig, Etiquetas Anver, NaturSoy, Hinojosa, Lactalis, Quesos el Pastor, Mid\u00f3 Group, Frit Ravich, Banc Sabadell, PriceWaterhouseCoopers, La Granja, Artyplan, Aldel\u00eds, Sim\u00f3n Coll, Mitjans, Liquats YoSoy, Arla Food, Audens Foods, Formatge de Su\u00efssa, Tacisa, Orsero, Santiveri, Biopack, Mammafiore, Borja, Pl\u00e1tanos Ruiz, Lider Villaconejos, Anecoop, Soul K, Moyca Grapes, C\u00e0rnia, Bocatto di Cardinale, Tropicales del Valle Europe, Familia Torres, Pirinat, Fot-li Vermut, H\u00e4gen Daaz, Raimba Fluidtech, HL Display, Banca March, Kreston Iberaudit, Protegim l&#8217;alarma catalana, Andreu Alimentaci\u00f3, Queixos Barral, Germans Barri, La Cosa Nostra, ProvelPack, Garda import, Nomen Foods, Cultivar, Berryworld Iberia, Fontestad Citrus, Frutas y Verduras Antonio, Guaperal, Eversia, Dehesa de los Llanos, Neules Artesanes Sant Tirs, Prats Fruits, ERA Group, Panet, Sa Croqueta, Can Company, Gr\u00e0fiques Impres R\u00e0pid, Bliss, Barnhouse, Driscoll\u2019s, Profruit, Casa Mas, Fuencampo, Torra, Plastic Free, Driscoll\u2019s, Cynara The Artichoke Company, Limdor &amp; Castang, Plastic Free, Farm House i Covert Security.<\/span><\/p>\n","protected":false},"excerpt":{"rendered":"<p>Ahir m\u00e9s de 900 persones vam viure plegats una de les nits m\u00e9s m\u00e0giques i solid\u00e0ries de l\u2019any, el IV Sopar solidari de Nadal d\u2019Ametller Origen, celebrat en benefici de l\u2019Hospital Sant Joan de D\u00e9u Barcelona. Els assistents van gaudir d\u2019espectacles plens de m\u00fasica i ball, com l\u2019actuaci\u00f3 del Ramon Mirabet. La Bibiana Ballb\u00e8 i &hellip; <a href=\"https:\/\/www.ametllerorigenwp.com\/ca\/mes-de-80-000-e-recaptats-per-lsjd-pediatric-cancer-center-barcelona\/\" class=\"more-link\">Continua llegint <span class=\"screen-reader-text\">\u00abM\u00e9s de 80.000 \u20ac recaptats per l\u2019SJD Pediatric Cancer Center Barcelona\u00bb<\/span><\/a><\/p>\n","protected":false},"author":5,"featured_media":13914,"comment_status":"closed","ping_status":"closed","sticky":false,"template":"","format":"standard","meta":{"_uag_custom_page_level_css":"","advgb_blocks_editor_width":"","advgb_blocks_columns_visual_guide":"","footnotes":""},"categories":[2],"tags":[],"class_list":["post-13913","post","type-post","status-publish","format-standard","has-post-thumbnail","hentry","category-noticies"],"author_meta":{"display_name":"Mireia Zaragoza","author_link":"https:\/\/www.ametllerorigenwp.com\/ca\/author\/mzaragoza\/"},"featured_img":"https:\/\/www.ametllerorigenwp.com\/wp-content\/uploads\/2025\/12\/IV-Sopar-Solidari-Ametller-Origen-112-\u00a9-2025-Miquel-Monfort-1-300x102.jpg","uagb_featured_image_src":{"full":["https:\/\/www.ametllerorigenwp.com\/wp-content\/uploads\/2025\/12\/IV-Sopar-Solidari-Ametller-Origen-112-\u00a9-2025-Miquel-Monfort-1.jpg",1000,340,false],"thumbnail":["https:\/\/www.ametllerorigenwp.com\/wp-content\/uploads\/2025\/12\/IV-Sopar-Solidari-Ametller-Origen-112-\u00a9-2025-Miquel-Monfort-1-150x150.jpg",150,150,true],"medium":["https:\/\/www.ametllerorigenwp.com\/wp-content\/uploads\/2025\/12\/IV-Sopar-Solidari-Ametller-Origen-112-\u00a9-2025-Miquel-Monfort-1-300x102.jpg",300,102,true],"medium_large":["https:\/\/www.ametllerorigenwp.com\/wp-content\/uploads\/2025\/12\/IV-Sopar-Solidari-Ametller-Origen-112-\u00a9-2025-Miquel-Monfort-1-768x261.jpg",768,261,true],"large":["https:\/\/www.ametllerorigenwp.com\/wp-content\/uploads\/2025\/12\/IV-Sopar-Solidari-Ametller-Origen-112-\u00a9-2025-Miquel-Monfort-1.jpg",840,286,false],"1536x1536":["https:\/\/www.ametllerorigenwp.com\/wp-content\/uploads\/2025\/12\/IV-Sopar-Solidari-Ametller-Origen-112-\u00a9-2025-Miquel-Monfort-1.jpg",1000,340,false],"2048x2048":["https:\/\/www.ametllerorigenwp.com\/wp-content\/uploads\/2025\/12\/IV-Sopar-Solidari-Ametller-Origen-112-\u00a9-2025-Miquel-Monfort-1.jpg",1000,340,false],"post-thumbnail":["https:\/\/www.ametllerorigenwp.com\/wp-content\/uploads\/2025\/12\/IV-Sopar-Solidari-Ametller-Origen-112-\u00a9-2025-Miquel-Monfort-1.jpg",1000,340,false]},"uagb_author_info":{"display_name":"Mireia Zaragoza","author_link":"https:\/\/www.ametllerorigenwp.com\/ca\/author\/mzaragoza\/"},"uagb_comment_info":0,"uagb_excerpt":"Ahir m\u00e9s de 900 persones vam viure plegats una de les nits m\u00e9s m\u00e0giques i solid\u00e0ries de l\u2019any, el IV Sopar solidari de Nadal d\u2019Ametller Origen, celebrat en benefici de l\u2019Hospital Sant Joan de D\u00e9u Barcelona. Els assistents van gaudir d\u2019espectacles plens de m\u00fasica i ball, com l\u2019actuaci\u00f3 del Ramon Mirabet. La Bibiana Ballb\u00e8 i&hellip;","coauthors":[],"tax_additional":{"categories":{"linked":["<a href=\"https:\/\/www.ametllerorigenwp.com\/ca\/category\/noticies\/\" class=\"advgb-post-tax-term\">Noticies<\/a>"],"unlinked":["<span class=\"advgb-post-tax-term\">Noticies<\/span>"]}},"comment_count":"0","relative_dates":{"created":"Posted 5 mesos ago","modified":"Updated 5 mesos ago"},"absolute_dates":{"created":"Posted on 12 de desembre de 2025","modified":"Updated on 12 de desembre de 2025"},"absolute_dates_time":{"created":"Posted on 12 de desembre de 2025 16:23","modified":"Updated on 12 de desembre de 2025 16:23"},"featured_img_caption":"","series_order":"","show_in_app":true,"fecha_inicio_destacado":null,"hora_inicio_visualizacion":null,"minutos_inicio_visualizacion":null,"fecha_final_destacado":null,"hora_final_visualizacion":null,"minutos_final_visualizacion":null,"posicion_visualizacion":null,"estado_destacado":null,"niveles_destacados":null,"url_del_enlace":null,"banner_destacado":null,"posicion_visualizacion_de_la_noticia":"01","estado_noticia":["Visible"],"fecha_de_inicio_de_visualizacion_del_tutorial":null,"hora_inicio_visualizacion_tutorial":null,"minutos_inicio_visualizacion_tutorial":null,"fecha_de_final_de_visualizacion_del_tutorial":null,"hora_final_visualizacion_tutorial":null,"minutos_final_visualizacion_tutorial":null,"numero_de_veces_visto":null,"numero_de_veces_total":null,"niveles_tutorial":null,"tutorial_recursos_castellano":null,"tutorial_recursos_catalan":null,"dias_disponibles":null,"dias_de_la_semana":null,"dias_del_mes":null,"other_lang_post_id":null,"lang":"ca","campanya_descripcion":null,"campanya_fecha_inicio":null,"campanya_fecha_fin":null,"campanya_legales":null,"campanya_imagen":null,"campanya_characteristics":null,"campanya_url":null,"campanya_posicion_visualizacion":null,"campanya_estado":null,"_links":{"self":[{"href":"https:\/\/www.ametllerorigenwp.com\/ca\/wp-json\/wp\/v2\/posts\/13913","targetHints":{"allow":["GET"]}}],"collection":[{"href":"https:\/\/www.ametllerorigenwp.com\/ca\/wp-json\/wp\/v2\/posts"}],"about":[{"href":"https:\/\/www.ametllerorigenwp.com\/ca\/wp-json\/wp\/v2\/types\/post"}],"author":[{"embeddable":true,"href":"https:\/\/www.ametllerorigenwp.com\/ca\/wp-json\/wp\/v2\/users\/5"}],"replies":[{"embeddable":true,"href":"https:\/\/www.ametllerorigenwp.com\/ca\/wp-json\/wp\/v2\/comments?post=13913"}],"version-history":[{"count":1,"href":"https:\/\/www.ametllerorigenwp.com\/ca\/wp-json\/wp\/v2\/posts\/13913\/revisions"}],"predecessor-version":[{"id":13916,"href":"https:\/\/www.ametllerorigenwp.com\/ca\/wp-json\/wp\/v2\/posts\/13913\/revisions\/13916"}],"wp:featuredmedia":[{"embeddable":true,"href":"https:\/\/www.ametllerorigenwp.com\/ca\/wp-json\/wp\/v2\/media\/13914"}],"wp:attachment":[{"href":"https:\/\/www.ametllerorigenwp.com\/ca\/wp-json\/wp\/v2\/media?parent=13913"}],"wp:term":[{"taxonomy":"category","embeddable":true,"href":"https:\/\/www.ametllerorigenwp.com\/ca\/wp-json\/wp\/v2\/categories?post=13913"},{"taxonomy":"post_tag","embeddable":true,"href":"https:\/\/www.ametllerorigenwp.com\/ca\/wp-json\/wp\/v2\/tags?post=13913"}],"curies":[{"name":"wp","href":"https:\/\/api.w.org\/{rel}","templated":true}]}}