{"id":1393,"date":"2021-03-26T07:17:48","date_gmt":"2021-03-26T07:17:48","guid":{"rendered":"https:\/\/www.ametllerorigenwp.com\/?p=1393"},"modified":"2021-03-26T07:17:52","modified_gmt":"2021-03-26T07:17:52","slug":"ens-unim-a-lhora-del-planeta","status":"publish","type":"post","link":"https:\/\/www.ametllerorigenwp.com\/ca\/ens-unim-a-lhora-del-planeta\/","title":{"rendered":"Ens unim a l\u2019Hora del Planeta!"},"content":{"rendered":"\n<p>Avui, <strong>coincidint amb l\u2019Hora del Planeta, totes les nostres botigues tancaran a les 20.30 h, trenta minuts abans de l\u2019habitual, per sumar-nos a l\u2019apagada el\u00e8ctrica mundial<\/strong>.<\/p>\n\n\n\n<p>El nostre objectiu \u00e9s <strong>arribar a la neutralitat d\u2019emissions en abast 1, 2 i 3, l\u2019any 2027<\/strong>, vint-i-tres anys abans de l\u2019Acord de Par\u00eds. Estem conven\u00e7uts que cada petita acci\u00f3 \u00e9s un pas per frenar l\u2019augment de temperatura del planeta i avan\u00e7ar plegats cap a un m\u00f3n m\u00e9s sostenible. Per aix\u00f2, ens adherim a aquesta campanya internacional amb el tancament de totes les nostres botigues a les 20.30 h, acci\u00f3 amb la qual et volem involucrar.<\/p>\n\n\n\n<p>Avancem junts cap al m\u00f3n on volem viure!<\/p>\n","protected":false},"excerpt":{"rendered":"<p>Avui, coincidint amb l\u2019Hora del Planeta, totes les nostres botigues tancaran a les 20.30 h, trenta minuts abans de l\u2019habitual, per sumar-nos a l\u2019apagada el\u00e8ctrica mundial. El nostre objectiu \u00e9s arribar a la neutralitat d\u2019emissions en abast 1, 2 i 3, l\u2019any 2027, vint-i-tres anys abans de l\u2019Acord de Par\u00eds. Estem conven\u00e7uts que cada petita &hellip; <a href=\"https:\/\/www.ametllerorigenwp.com\/ca\/ens-unim-a-lhora-del-planeta\/\" class=\"more-link\">Continua llegint <span class=\"screen-reader-text\">\u00abEns unim a l\u2019Hora del Planeta!\u00bb<\/span><\/a><\/p>\n","protected":false},"author":5,"featured_media":1394,"comment_status":"open","ping_status":"open","sticky":false,"template":"","format":"standard","meta":{"_uag_custom_page_level_css":"","advgb_blocks_editor_width":"","advgb_blocks_columns_visual_guide":"","footnotes":""},"categories":[2],"tags":[],"class_list":["post-1393","post","type-post","status-publish","format-standard","has-post-thumbnail","hentry","category-noticies"],"author_meta":{"display_name":"Mireia Zaragoza","author_link":"https:\/\/www.ametllerorigenwp.com\/ca\/author\/mzaragoza\/"},"featured_img":"https:\/\/www.ametllerorigenwp.com\/wp-content\/uploads\/2021\/03\/Hora-del-planeta-APP-300x102.jpg","uagb_featured_image_src":{"full":["https:\/\/www.ametllerorigenwp.com\/wp-content\/uploads\/2021\/03\/Hora-del-planeta-APP.jpg",1000,340,false],"thumbnail":["https:\/\/www.ametllerorigenwp.com\/wp-content\/uploads\/2021\/03\/Hora-del-planeta-APP-150x150.jpg",150,150,true],"medium":["https:\/\/www.ametllerorigenwp.com\/wp-content\/uploads\/2021\/03\/Hora-del-planeta-APP-300x102.jpg",300,102,true],"medium_large":["https:\/\/www.ametllerorigenwp.com\/wp-content\/uploads\/2021\/03\/Hora-del-planeta-APP-768x261.jpg",768,261,true],"large":["https:\/\/www.ametllerorigenwp.com\/wp-content\/uploads\/2021\/03\/Hora-del-planeta-APP.jpg",840,286,false],"1536x1536":["https:\/\/www.ametllerorigenwp.com\/wp-content\/uploads\/2021\/03\/Hora-del-planeta-APP.jpg",1000,340,false],"2048x2048":["https:\/\/www.ametllerorigenwp.com\/wp-content\/uploads\/2021\/03\/Hora-del-planeta-APP.jpg",1000,340,false],"post-thumbnail":["https:\/\/www.ametllerorigenwp.com\/wp-content\/uploads\/2021\/03\/Hora-del-planeta-APP.jpg",1000,340,false]},"uagb_author_info":{"display_name":"Mireia Zaragoza","author_link":"https:\/\/www.ametllerorigenwp.com\/ca\/author\/mzaragoza\/"},"uagb_comment_info":0,"uagb_excerpt":"Avui, coincidint amb l\u2019Hora del Planeta, totes les nostres botigues tancaran a les 20.30 h, trenta minuts abans de l\u2019habitual, per sumar-nos a l\u2019apagada el\u00e8ctrica mundial. El nostre objectiu \u00e9s arribar a la neutralitat d\u2019emissions en abast 1, 2 i 3, l\u2019any 2027, vint-i-tres anys abans de l\u2019Acord de Par\u00eds. Estem conven\u00e7uts que cada petita&hellip;","coauthors":[],"tax_additional":{"categories":{"linked":["<a href=\"https:\/\/www.ametllerorigenwp.com\/ca\/category\/noticies\/\" class=\"advgb-post-tax-term\">Noticies<\/a>"],"unlinked":["<span class=\"advgb-post-tax-term\">Noticies<\/span>"]}},"comment_count":"0","relative_dates":{"created":"Posted 5 anys ago","modified":"Updated 5 anys ago"},"absolute_dates":{"created":"Posted on 26 de mar\u00e7 de 2021","modified":"Updated on 26 de mar\u00e7 de 2021"},"absolute_dates_time":{"created":"Posted on 26 de mar\u00e7 de 2021 07:17","modified":"Updated on 26 de mar\u00e7 de 2021 07:17"},"featured_img_caption":"","series_order":"","show_in_app":true,"fecha_inicio_destacado":null,"hora_inicio_visualizacion":null,"minutos_inicio_visualizacion":null,"fecha_final_destacado":null,"hora_final_visualizacion":null,"minutos_final_visualizacion":null,"posicion_visualizacion":null,"estado_destacado":null,"niveles_destacados":null,"url_del_enlace":null,"banner_destacado":null,"posicion_visualizacion_de_la_noticia":null,"estado_noticia":null,"fecha_de_inicio_de_visualizacion_del_tutorial":null,"hora_inicio_visualizacion_tutorial":null,"minutos_inicio_visualizacion_tutorial":null,"fecha_de_final_de_visualizacion_del_tutorial":null,"hora_final_visualizacion_tutorial":null,"minutos_final_visualizacion_tutorial":null,"numero_de_veces_visto":null,"numero_de_veces_total":null,"niveles_tutorial":null,"tutorial_recursos_castellano":null,"tutorial_recursos_catalan":null,"dias_disponibles":null,"dias_de_la_semana":null,"dias_del_mes":null,"other_lang_post_id":null,"lang":"ca","campanya_descripcion":null,"campanya_fecha_inicio":null,"campanya_fecha_fin":null,"campanya_legales":null,"campanya_imagen":null,"campanya_characteristics":null,"campanya_url":null,"campanya_posicion_visualizacion":null,"campanya_estado":null,"_links":{"self":[{"href":"https:\/\/www.ametllerorigenwp.com\/ca\/wp-json\/wp\/v2\/posts\/1393","targetHints":{"allow":["GET"]}}],"collection":[{"href":"https:\/\/www.ametllerorigenwp.com\/ca\/wp-json\/wp\/v2\/posts"}],"about":[{"href":"https:\/\/www.ametllerorigenwp.com\/ca\/wp-json\/wp\/v2\/types\/post"}],"author":[{"embeddable":true,"href":"https:\/\/www.ametllerorigenwp.com\/ca\/wp-json\/wp\/v2\/users\/5"}],"replies":[{"embeddable":true,"href":"https:\/\/www.ametllerorigenwp.com\/ca\/wp-json\/wp\/v2\/comments?post=1393"}],"version-history":[{"count":1,"href":"https:\/\/www.ametllerorigenwp.com\/ca\/wp-json\/wp\/v2\/posts\/1393\/revisions"}],"predecessor-version":[{"id":1396,"href":"https:\/\/www.ametllerorigenwp.com\/ca\/wp-json\/wp\/v2\/posts\/1393\/revisions\/1396"}],"wp:featuredmedia":[{"embeddable":true,"href":"https:\/\/www.ametllerorigenwp.com\/ca\/wp-json\/wp\/v2\/media\/1394"}],"wp:attachment":[{"href":"https:\/\/www.ametllerorigenwp.com\/ca\/wp-json\/wp\/v2\/media?parent=1393"}],"wp:term":[{"taxonomy":"category","embeddable":true,"href":"https:\/\/www.ametllerorigenwp.com\/ca\/wp-json\/wp\/v2\/categories?post=1393"},{"taxonomy":"post_tag","embeddable":true,"href":"https:\/\/www.ametllerorigenwp.com\/ca\/wp-json\/wp\/v2\/tags?post=1393"}],"curies":[{"name":"wp","href":"https:\/\/api.w.org\/{rel}","templated":true}]}}