{"id":1401,"date":"2021-03-28T13:22:00","date_gmt":"2021-03-28T13:22:00","guid":{"rendered":"https:\/\/www.ametllerorigenwp.com\/?p=1401"},"modified":"2021-03-26T13:23:53","modified_gmt":"2021-03-26T13:23:53","slug":"idees-per-preparar-la-teva-propia-mona-de-pasqua","status":"publish","type":"post","link":"https:\/\/www.ametllerorigenwp.com\/ca\/idees-per-preparar-la-teva-propia-mona-de-pasqua\/","title":{"rendered":"Idees per preparar la teva pr\u00f2pia mona de Pasqua!"},"content":{"rendered":"\n<p>Ja tens la mona de Pasqua a punt? Avui et proposem <strong>dues idees originals per preparar la mona de Pasqua amb els m\u00e9s petits de la casa!<\/strong><\/p>\n\n\n\n<p>En Cintet t\u2019ensenya en aquest <a href=\"https:\/\/www.youtube.com\/watch?v=BcraX4BC374&amp;list=PL_it555ubt2QbF9MXbVY0S66uzueX2Tv1&amp;index=11\">v\u00eddeo<\/a> una primera opci\u00f3 de mona, amb <strong>base de past\u00eds, melmelada i fruits vermells<\/strong>. Una altra opci\u00f3 \u00e9s amb <strong>garlanda, nata i fruits vermells<\/strong>. Descobreix com la prepara en aquest <a href=\"https:\/\/www.instagram.com\/tv\/CMxh12XIbb1\/?igshid=12lbiblx3fq54\">v\u00eddeo<\/a>!<\/p>\n\n\n\n<p>I per decorar la mona, hem preparat retallables pels m\u00e9s petits de casa! <a href=\"https:\/\/bases.ametllerorigen.cat\/pdf\/A4_paqua_2021_retallables.pdf?utm_source=newsletter&amp;utm_medium=email&amp;utm_campaign=NL_Univers_Ametllerenc_26032021&amp;utm_term=Descarrega-te%e2%80%99ls+aqu%c3%ad&amp;utm_id=116088&amp;sfmc_id=11967127\">Descarrega\u2019ls&nbsp;aqu\u00ed<\/a>.<\/p>\n\n\n\n<p>Bona Pasqua!<\/p>\n","protected":false},"excerpt":{"rendered":"<p>Ja tens la mona de Pasqua a punt? Avui et proposem dues idees originals per preparar la mona de Pasqua amb els m\u00e9s petits de la casa! En Cintet t\u2019ensenya en aquest v\u00eddeo una primera opci\u00f3 de mona, amb base de past\u00eds, melmelada i fruits vermells. Una altra opci\u00f3 \u00e9s amb garlanda, nata i fruits &hellip; <a href=\"https:\/\/www.ametllerorigenwp.com\/ca\/idees-per-preparar-la-teva-propia-mona-de-pasqua\/\" class=\"more-link\">Continua llegint <span class=\"screen-reader-text\">\u00abIdees per preparar la teva pr\u00f2pia mona de Pasqua!\u00bb<\/span><\/a><\/p>\n","protected":false},"author":5,"featured_media":1402,"comment_status":"open","ping_status":"open","sticky":false,"template":"","format":"standard","meta":{"_uag_custom_page_level_css":"","advgb_blocks_editor_width":"","advgb_blocks_columns_visual_guide":"","footnotes":""},"categories":[2],"tags":[],"class_list":["post-1401","post","type-post","status-publish","format-standard","has-post-thumbnail","hentry","category-noticies"],"author_meta":{"display_name":"Mireia Zaragoza","author_link":"https:\/\/www.ametllerorigenwp.com\/ca\/author\/mzaragoza\/"},"featured_img":"https:\/\/www.ametllerorigenwp.com\/wp-content\/uploads\/2021\/03\/mona-garlanda-300x102.jpg","uagb_featured_image_src":{"full":["https:\/\/www.ametllerorigenwp.com\/wp-content\/uploads\/2021\/03\/mona-garlanda.jpg",1000,340,false],"thumbnail":["https:\/\/www.ametllerorigenwp.com\/wp-content\/uploads\/2021\/03\/mona-garlanda-150x150.jpg",150,150,true],"medium":["https:\/\/www.ametllerorigenwp.com\/wp-content\/uploads\/2021\/03\/mona-garlanda-300x102.jpg",300,102,true],"medium_large":["https:\/\/www.ametllerorigenwp.com\/wp-content\/uploads\/2021\/03\/mona-garlanda-768x261.jpg",768,261,true],"large":["https:\/\/www.ametllerorigenwp.com\/wp-content\/uploads\/2021\/03\/mona-garlanda.jpg",840,286,false],"1536x1536":["https:\/\/www.ametllerorigenwp.com\/wp-content\/uploads\/2021\/03\/mona-garlanda.jpg",1000,340,false],"2048x2048":["https:\/\/www.ametllerorigenwp.com\/wp-content\/uploads\/2021\/03\/mona-garlanda.jpg",1000,340,false],"post-thumbnail":["https:\/\/www.ametllerorigenwp.com\/wp-content\/uploads\/2021\/03\/mona-garlanda.jpg",1000,340,false]},"uagb_author_info":{"display_name":"Mireia Zaragoza","author_link":"https:\/\/www.ametllerorigenwp.com\/ca\/author\/mzaragoza\/"},"uagb_comment_info":0,"uagb_excerpt":"Ja tens la mona de Pasqua a punt? Avui et proposem dues idees originals per preparar la mona de Pasqua amb els m\u00e9s petits de la casa! En Cintet t\u2019ensenya en aquest v\u00eddeo una primera opci\u00f3 de mona, amb base de past\u00eds, melmelada i fruits vermells. Una altra opci\u00f3 \u00e9s amb garlanda, nata i fruits&hellip;","coauthors":[],"tax_additional":{"categories":{"linked":["<a href=\"https:\/\/www.ametllerorigenwp.com\/ca\/category\/noticies\/\" class=\"advgb-post-tax-term\">Noticies<\/a>"],"unlinked":["<span class=\"advgb-post-tax-term\">Noticies<\/span>"]}},"comment_count":"0","relative_dates":{"created":"Posted 5 anys ago","modified":"Updated 5 anys ago"},"absolute_dates":{"created":"Posted on 28 de mar\u00e7 de 2021","modified":"Updated on 26 de mar\u00e7 de 2021"},"absolute_dates_time":{"created":"Posted on 28 de mar\u00e7 de 2021 13:22","modified":"Updated on 26 de mar\u00e7 de 2021 13:23"},"featured_img_caption":"","series_order":"","show_in_app":true,"fecha_inicio_destacado":null,"hora_inicio_visualizacion":null,"minutos_inicio_visualizacion":null,"fecha_final_destacado":null,"hora_final_visualizacion":null,"minutos_final_visualizacion":null,"posicion_visualizacion":null,"estado_destacado":null,"niveles_destacados":null,"url_del_enlace":null,"banner_destacado":null,"posicion_visualizacion_de_la_noticia":null,"estado_noticia":null,"fecha_de_inicio_de_visualizacion_del_tutorial":null,"hora_inicio_visualizacion_tutorial":null,"minutos_inicio_visualizacion_tutorial":null,"fecha_de_final_de_visualizacion_del_tutorial":null,"hora_final_visualizacion_tutorial":null,"minutos_final_visualizacion_tutorial":null,"numero_de_veces_visto":null,"numero_de_veces_total":null,"niveles_tutorial":null,"tutorial_recursos_castellano":null,"tutorial_recursos_catalan":null,"dias_disponibles":null,"dias_de_la_semana":null,"dias_del_mes":null,"other_lang_post_id":null,"lang":"ca","campanya_descripcion":null,"campanya_fecha_inicio":null,"campanya_fecha_fin":null,"campanya_legales":null,"campanya_imagen":null,"campanya_characteristics":null,"campanya_url":null,"campanya_posicion_visualizacion":null,"campanya_estado":null,"_links":{"self":[{"href":"https:\/\/www.ametllerorigenwp.com\/ca\/wp-json\/wp\/v2\/posts\/1401","targetHints":{"allow":["GET"]}}],"collection":[{"href":"https:\/\/www.ametllerorigenwp.com\/ca\/wp-json\/wp\/v2\/posts"}],"about":[{"href":"https:\/\/www.ametllerorigenwp.com\/ca\/wp-json\/wp\/v2\/types\/post"}],"author":[{"embeddable":true,"href":"https:\/\/www.ametllerorigenwp.com\/ca\/wp-json\/wp\/v2\/users\/5"}],"replies":[{"embeddable":true,"href":"https:\/\/www.ametllerorigenwp.com\/ca\/wp-json\/wp\/v2\/comments?post=1401"}],"version-history":[{"count":2,"href":"https:\/\/www.ametllerorigenwp.com\/ca\/wp-json\/wp\/v2\/posts\/1401\/revisions"}],"predecessor-version":[{"id":1405,"href":"https:\/\/www.ametllerorigenwp.com\/ca\/wp-json\/wp\/v2\/posts\/1401\/revisions\/1405"}],"wp:featuredmedia":[{"embeddable":true,"href":"https:\/\/www.ametllerorigenwp.com\/ca\/wp-json\/wp\/v2\/media\/1402"}],"wp:attachment":[{"href":"https:\/\/www.ametllerorigenwp.com\/ca\/wp-json\/wp\/v2\/media?parent=1401"}],"wp:term":[{"taxonomy":"category","embeddable":true,"href":"https:\/\/www.ametllerorigenwp.com\/ca\/wp-json\/wp\/v2\/categories?post=1401"},{"taxonomy":"post_tag","embeddable":true,"href":"https:\/\/www.ametllerorigenwp.com\/ca\/wp-json\/wp\/v2\/tags?post=1401"}],"curies":[{"name":"wp","href":"https:\/\/api.w.org\/{rel}","templated":true}]}}