{"id":1420,"date":"2021-03-30T14:16:53","date_gmt":"2021-03-30T14:16:53","guid":{"rendered":"https:\/\/www.ametllerorigenwp.com\/?p=1420"},"modified":"2021-03-30T22:04:48","modified_gmt":"2021-03-30T22:04:48","slug":"recepta-bacalla-de-quaresma-confitat","status":"publish","type":"post","link":"https:\/\/www.ametllerorigenwp.com\/ca\/recepta-bacalla-de-quaresma-confitat\/","title":{"rendered":"Recepta: bacall\u00e0 de quaresma confitat"},"content":{"rendered":"\n<p>Si hi ha un <strong>plat t\u00edpic de Setmana Santa aquest<\/strong> <strong>\u00e9s el bacall\u00e0 de quaresma<\/strong>. Una <strong>recepta senzilla i f\u00e0cil a base de bacall\u00e0, p\u00e8sols, carxofes, ceba i una mica de tom\u00e0quet<\/strong>. Si et ve de gust cuinar-lo, el Cintet t\u2019ensenya en aquest <strong><a href=\"https:\/\/www.instagram.com\/tv\/CNDdtKwF-1f\/?igshid=1czinh0reks2g\" target=\"_blank\" rel=\"noreferrer noopener\">v\u00eddeo<\/a><\/strong> com preparar-lo confitat, una alternativa al fregit, m\u00e9s saludable i que mant\u00e9 molt millor les propietats.<\/p>\n\n\n\n<p>Sabies que el bacall\u00e0 \u00e9s <strong>un peix blanc de f\u00e0cil digesti\u00f3<\/strong> que t\u2019aporta un munt de beneficis? \u00c9s una font molt <strong>important de prote\u00efnes, d\u2019\u00e0cids Omega 3, minerals, com el seleni i el f\u00f2sfor, i vitamines, especialment B6 i B12<\/strong>.<\/p>\n\n\n\n<p>Apr\u00e8n a cuinar-lo!<\/p>\n","protected":false},"excerpt":{"rendered":"<p>Si hi ha un plat t\u00edpic de Setmana Santa aquest \u00e9s el bacall\u00e0 de quaresma. Una recepta senzilla i f\u00e0cil a base de bacall\u00e0, p\u00e8sols, carxofes, ceba i una mica de tom\u00e0quet. Si et ve de gust cuinar-lo, el Cintet t\u2019ensenya en aquest v\u00eddeo com preparar-lo confitat, una alternativa al fregit, m\u00e9s saludable i que &hellip; <a href=\"https:\/\/www.ametllerorigenwp.com\/ca\/recepta-bacalla-de-quaresma-confitat\/\" class=\"more-link\">Continua llegint <span class=\"screen-reader-text\">\u00abRecepta: bacall\u00e0 de quaresma confitat\u00bb<\/span><\/a><\/p>\n","protected":false},"author":5,"featured_media":1421,"comment_status":"open","ping_status":"open","sticky":false,"template":"","format":"standard","meta":{"_uag_custom_page_level_css":"","advgb_blocks_editor_width":"","advgb_blocks_columns_visual_guide":"","footnotes":""},"categories":[2],"tags":[],"class_list":["post-1420","post","type-post","status-publish","format-standard","has-post-thumbnail","hentry","category-noticies"],"author_meta":{"display_name":"Mireia Zaragoza","author_link":"https:\/\/www.ametllerorigenwp.com\/ca\/author\/mzaragoza\/"},"featured_img":"https:\/\/www.ametllerorigenwp.com\/wp-content\/uploads\/2021\/03\/APP_bacalla-300x102.jpg","uagb_featured_image_src":{"full":["https:\/\/www.ametllerorigenwp.com\/wp-content\/uploads\/2021\/03\/APP_bacalla.jpg",1000,340,false],"thumbnail":["https:\/\/www.ametllerorigenwp.com\/wp-content\/uploads\/2021\/03\/APP_bacalla-150x150.jpg",150,150,true],"medium":["https:\/\/www.ametllerorigenwp.com\/wp-content\/uploads\/2021\/03\/APP_bacalla-300x102.jpg",300,102,true],"medium_large":["https:\/\/www.ametllerorigenwp.com\/wp-content\/uploads\/2021\/03\/APP_bacalla-768x261.jpg",768,261,true],"large":["https:\/\/www.ametllerorigenwp.com\/wp-content\/uploads\/2021\/03\/APP_bacalla.jpg",840,286,false],"1536x1536":["https:\/\/www.ametllerorigenwp.com\/wp-content\/uploads\/2021\/03\/APP_bacalla.jpg",1000,340,false],"2048x2048":["https:\/\/www.ametllerorigenwp.com\/wp-content\/uploads\/2021\/03\/APP_bacalla.jpg",1000,340,false],"post-thumbnail":["https:\/\/www.ametllerorigenwp.com\/wp-content\/uploads\/2021\/03\/APP_bacalla.jpg",1000,340,false]},"uagb_author_info":{"display_name":"Mireia Zaragoza","author_link":"https:\/\/www.ametllerorigenwp.com\/ca\/author\/mzaragoza\/"},"uagb_comment_info":0,"uagb_excerpt":"Si hi ha un plat t\u00edpic de Setmana Santa aquest \u00e9s el bacall\u00e0 de quaresma. Una recepta senzilla i f\u00e0cil a base de bacall\u00e0, p\u00e8sols, carxofes, ceba i una mica de tom\u00e0quet. Si et ve de gust cuinar-lo, el Cintet t\u2019ensenya en aquest v\u00eddeo com preparar-lo confitat, una alternativa al fregit, m\u00e9s saludable i que&hellip;","coauthors":[],"tax_additional":{"categories":{"linked":["<a href=\"https:\/\/www.ametllerorigenwp.com\/ca\/category\/noticies\/\" class=\"advgb-post-tax-term\">Noticies<\/a>"],"unlinked":["<span class=\"advgb-post-tax-term\">Noticies<\/span>"]}},"comment_count":"0","relative_dates":{"created":"Posted 5 anys ago","modified":"Updated 5 anys ago"},"absolute_dates":{"created":"Posted on 30 de mar\u00e7 de 2021","modified":"Updated on 30 de mar\u00e7 de 2021"},"absolute_dates_time":{"created":"Posted on 30 de mar\u00e7 de 2021 14:16","modified":"Updated on 30 de mar\u00e7 de 2021 22:04"},"featured_img_caption":"","series_order":"","show_in_app":true,"fecha_inicio_destacado":null,"hora_inicio_visualizacion":null,"minutos_inicio_visualizacion":null,"fecha_final_destacado":null,"hora_final_visualizacion":null,"minutos_final_visualizacion":null,"posicion_visualizacion":null,"estado_destacado":null,"niveles_destacados":null,"url_del_enlace":null,"banner_destacado":null,"posicion_visualizacion_de_la_noticia":null,"estado_noticia":null,"fecha_de_inicio_de_visualizacion_del_tutorial":null,"hora_inicio_visualizacion_tutorial":null,"minutos_inicio_visualizacion_tutorial":null,"fecha_de_final_de_visualizacion_del_tutorial":null,"hora_final_visualizacion_tutorial":null,"minutos_final_visualizacion_tutorial":null,"numero_de_veces_visto":null,"numero_de_veces_total":null,"niveles_tutorial":null,"tutorial_recursos_castellano":null,"tutorial_recursos_catalan":null,"dias_disponibles":null,"dias_de_la_semana":null,"dias_del_mes":null,"other_lang_post_id":null,"lang":"ca","campanya_descripcion":null,"campanya_fecha_inicio":null,"campanya_fecha_fin":null,"campanya_legales":null,"campanya_imagen":null,"campanya_characteristics":null,"campanya_url":null,"campanya_posicion_visualizacion":null,"campanya_estado":null,"_links":{"self":[{"href":"https:\/\/www.ametllerorigenwp.com\/ca\/wp-json\/wp\/v2\/posts\/1420","targetHints":{"allow":["GET"]}}],"collection":[{"href":"https:\/\/www.ametllerorigenwp.com\/ca\/wp-json\/wp\/v2\/posts"}],"about":[{"href":"https:\/\/www.ametllerorigenwp.com\/ca\/wp-json\/wp\/v2\/types\/post"}],"author":[{"embeddable":true,"href":"https:\/\/www.ametllerorigenwp.com\/ca\/wp-json\/wp\/v2\/users\/5"}],"replies":[{"embeddable":true,"href":"https:\/\/www.ametllerorigenwp.com\/ca\/wp-json\/wp\/v2\/comments?post=1420"}],"version-history":[{"count":3,"href":"https:\/\/www.ametllerorigenwp.com\/ca\/wp-json\/wp\/v2\/posts\/1420\/revisions"}],"predecessor-version":[{"id":1431,"href":"https:\/\/www.ametllerorigenwp.com\/ca\/wp-json\/wp\/v2\/posts\/1420\/revisions\/1431"}],"wp:featuredmedia":[{"embeddable":true,"href":"https:\/\/www.ametllerorigenwp.com\/ca\/wp-json\/wp\/v2\/media\/1421"}],"wp:attachment":[{"href":"https:\/\/www.ametllerorigenwp.com\/ca\/wp-json\/wp\/v2\/media?parent=1420"}],"wp:term":[{"taxonomy":"category","embeddable":true,"href":"https:\/\/www.ametllerorigenwp.com\/ca\/wp-json\/wp\/v2\/categories?post=1420"},{"taxonomy":"post_tag","embeddable":true,"href":"https:\/\/www.ametllerorigenwp.com\/ca\/wp-json\/wp\/v2\/tags?post=1420"}],"curies":[{"name":"wp","href":"https:\/\/api.w.org\/{rel}","templated":true}]}}