{"id":1465,"date":"2021-04-05T14:47:00","date_gmt":"2021-04-05T14:47:00","guid":{"rendered":"https:\/\/www.ametllerorigenwp.com\/?p=1465"},"modified":"2021-04-01T14:48:33","modified_gmt":"2021-04-01T14:48:33","slug":"necessites-ajuda-per-escollir-el-vi-adequat-deixat-assessorar-pel-nostre-sommelier-2","status":"publish","type":"post","link":"https:\/\/www.ametllerorigenwp.com\/ca\/necessites-ajuda-per-escollir-el-vi-adequat-deixat-assessorar-pel-nostre-sommelier-2\/","title":{"rendered":"Necessites ajuda per escollir el vi adequat? Deixa\u2019t assessorar pel nostre sommelier!"},"content":{"rendered":"\n<p>Si t\u2019agrada el vi per\u00f2 tens dubtes a l\u2019hora d\u2019escollir quin \u00e9s el m\u00e9s adequat per a cada ocasi\u00f3, deixa\u2019t assessorar pel sommelier d\u2019Ametller Origen. L\u2019<strong>\u00c0lex t\u2019atendr\u00e0 encantat a la teva botiga habitual per recomanar-te els millors vins<\/strong> segons els teus gustos. Blancs, rosats, negres, un ventall de possibilitats infinites que tenim per a tu. Et volem <strong>apropar <a href=\"https:\/\/familiaametller.com\/\">els vins de Fam\u00edlia Ametller<\/a><\/strong> i altres varietats!<\/p>\n\n\n\n<p>Aquest \u00e9s el <strong>calendari del mes d\u2019abril on podr\u00e0s rebre l\u2019assessorament del nostre sommelier<\/strong>:<\/p>\n\n\n\n<p>Dimarts 6\/4: Barcelona (C\/Calvet 33-37)&nbsp;&nbsp;&nbsp;&nbsp;&nbsp;&nbsp;&nbsp;&nbsp;&nbsp;&nbsp;&nbsp;&nbsp;&nbsp;&nbsp;<\/p>\n\n\n\n<p>Dijous 8\/4: Barcelona (C\/ Num\u00e0ncia, 47)<\/p>\n\n\n\n<p>Divendres 9\/4: Sant Cugat del Vall\u00e8s (C\/ Cerdanya, 2 &#8211; C\/ Vic, 28)<\/p>\n\n\n\n<p>Dissabte 10\/4: Barcelona (C\/ Val\u00e8ncia, 184)<\/p>\n\n\n\n<p>Diumenge 11\/4: Castelldefels (Carrer Antic Cam\u00ed Ral de Val\u00e8ncia, s\/n,)<\/p>\n\n\n\n<p>Dimarts 13\/4: Barcelona (C\/ Num\u00e0ncia, 47)<\/p>\n\n\n\n<p>Dijous 15\/4: Barcelona (Rambla Poblenou, 124)<\/p>\n\n\n\n<p>Divendres 16\/4: Matar\u00f3 (C\/ d\u2019en Palmerola, 12)<\/p>\n\n\n\n<p>Dissabte 17\/4: Barcelona (C\/ Consell de Cent, 3)<\/p>\n\n\n\n<p>Diumenge 18\/4: Castelldefels (Carrer Antic Cam\u00ed Ral de Val\u00e8ncia, s\/n,)<\/p>\n\n\n\n<p>Dimarts 20\/4: Barcelona (C\/ Num\u00e0ncia, 47)&nbsp;&nbsp;&nbsp;&nbsp;&nbsp;&nbsp;&nbsp;&nbsp;&nbsp;&nbsp;&nbsp;&nbsp;&nbsp;<\/p>\n\n\n\n<p>Dijous 22\/4: Barcelona (C\/Calvet 33-37)&nbsp;&nbsp;&nbsp;&nbsp;&nbsp;&nbsp;&nbsp;&nbsp;&nbsp;&nbsp;&nbsp;&nbsp;&nbsp;&nbsp;&nbsp;&nbsp;&nbsp;&nbsp;&nbsp;&nbsp;&nbsp;&nbsp;&nbsp;&nbsp;&nbsp;&nbsp;&nbsp;&nbsp;<\/p>\n\n\n\n<p>Divendres 23\/4: Castelldefels (Carrer Antic Cam\u00ed Ral de Val\u00e8ncia, s\/n,)<\/p>\n\n\n\n<p>Dissabte 24\/4: Barcelona (C\/ Num\u00e0ncia, 47)<\/p>\n\n\n\n<p>Dimarts 27\/4: Barcelona (C\/ Borrell, 71)<\/p>\n\n\n\n<p>Dimecres 28\/4: Premi\u00e0 de Mar (Avinguda Llu\u00eds Companys, 186)<\/p>\n\n\n\n<p>Dijous 29\/4: Barcelona (Rambla Poblenou, 124)<\/p>\n\n\n\n<p>Divendres 30\/4: Barcelona (C\/ Num\u00e0ncia, 47)&nbsp;&nbsp;&nbsp;&nbsp;&nbsp;&nbsp;&nbsp;&nbsp;&nbsp;&nbsp;&nbsp;&nbsp;&nbsp;&nbsp;&nbsp;&nbsp;&nbsp;&nbsp;&nbsp;<\/p>\n\n\n\n<p>Cada mes actualitzarem el calendari amb noves dates. Estigues atent!<\/p>\n\n\n\n<p>T\u2019esperem a la teva botiga Ametller Origen habitual!<\/p>\n","protected":false},"excerpt":{"rendered":"<p>Si t\u2019agrada el vi per\u00f2 tens dubtes a l\u2019hora d\u2019escollir quin \u00e9s el m\u00e9s adequat per a cada ocasi\u00f3, deixa\u2019t assessorar pel sommelier d\u2019Ametller Origen. L\u2019\u00c0lex t\u2019atendr\u00e0 encantat a la teva botiga habitual per recomanar-te els millors vins segons els teus gustos. Blancs, rosats, negres, un ventall de possibilitats infinites que tenim per a tu. &hellip; <a href=\"https:\/\/www.ametllerorigenwp.com\/ca\/necessites-ajuda-per-escollir-el-vi-adequat-deixat-assessorar-pel-nostre-sommelier-2\/\" class=\"more-link\">Continua llegint <span class=\"screen-reader-text\">\u00abNecessites ajuda per escollir el vi adequat? Deixa\u2019t assessorar pel nostre sommelier!\u00bb<\/span><\/a><\/p>\n","protected":false},"author":5,"featured_media":1462,"comment_status":"open","ping_status":"open","sticky":false,"template":"","format":"standard","meta":{"_uag_custom_page_level_css":"","advgb_blocks_editor_width":"","advgb_blocks_columns_visual_guide":"","footnotes":""},"categories":[2],"tags":[],"class_list":["post-1465","post","type-post","status-publish","format-standard","has-post-thumbnail","hentry","category-noticies"],"author_meta":{"display_name":"Mireia Zaragoza","author_link":"https:\/\/www.ametllerorigenwp.com\/ca\/author\/mzaragoza\/"},"featured_img":"https:\/\/www.ametllerorigenwp.com\/wp-content\/uploads\/2021\/04\/AlexAzor-300x102.jpg","uagb_featured_image_src":{"full":["https:\/\/www.ametllerorigenwp.com\/wp-content\/uploads\/2021\/04\/AlexAzor.jpg",1000,340,false],"thumbnail":["https:\/\/www.ametllerorigenwp.com\/wp-content\/uploads\/2021\/04\/AlexAzor-150x150.jpg",150,150,true],"medium":["https:\/\/www.ametllerorigenwp.com\/wp-content\/uploads\/2021\/04\/AlexAzor-300x102.jpg",300,102,true],"medium_large":["https:\/\/www.ametllerorigenwp.com\/wp-content\/uploads\/2021\/04\/AlexAzor-768x261.jpg",768,261,true],"large":["https:\/\/www.ametllerorigenwp.com\/wp-content\/uploads\/2021\/04\/AlexAzor.jpg",840,286,false],"1536x1536":["https:\/\/www.ametllerorigenwp.com\/wp-content\/uploads\/2021\/04\/AlexAzor.jpg",1000,340,false],"2048x2048":["https:\/\/www.ametllerorigenwp.com\/wp-content\/uploads\/2021\/04\/AlexAzor.jpg",1000,340,false],"post-thumbnail":["https:\/\/www.ametllerorigenwp.com\/wp-content\/uploads\/2021\/04\/AlexAzor.jpg",1000,340,false]},"uagb_author_info":{"display_name":"Mireia Zaragoza","author_link":"https:\/\/www.ametllerorigenwp.com\/ca\/author\/mzaragoza\/"},"uagb_comment_info":0,"uagb_excerpt":"Si t\u2019agrada el vi per\u00f2 tens dubtes a l\u2019hora d\u2019escollir quin \u00e9s el m\u00e9s adequat per a cada ocasi\u00f3, deixa\u2019t assessorar pel sommelier d\u2019Ametller Origen. L\u2019\u00c0lex t\u2019atendr\u00e0 encantat a la teva botiga habitual per recomanar-te els millors vins segons els teus gustos. Blancs, rosats, negres, un ventall de possibilitats infinites que tenim per a tu.&hellip;","coauthors":[],"tax_additional":{"categories":{"linked":["<a href=\"https:\/\/www.ametllerorigenwp.com\/ca\/category\/noticies\/\" class=\"advgb-post-tax-term\">Noticies<\/a>"],"unlinked":["<span class=\"advgb-post-tax-term\">Noticies<\/span>"]}},"comment_count":"0","relative_dates":{"created":"Posted 5 anys ago","modified":"Updated 5 anys ago"},"absolute_dates":{"created":"Posted on 5 d'abril de 2021","modified":"Updated on 1 d'abril de 2021"},"absolute_dates_time":{"created":"Posted on 5 d'abril de 2021 14:47","modified":"Updated on 1 d'abril de 2021 14:48"},"featured_img_caption":"","series_order":"","show_in_app":true,"fecha_inicio_destacado":null,"hora_inicio_visualizacion":null,"minutos_inicio_visualizacion":null,"fecha_final_destacado":null,"hora_final_visualizacion":null,"minutos_final_visualizacion":null,"posicion_visualizacion":null,"estado_destacado":null,"niveles_destacados":null,"url_del_enlace":null,"banner_destacado":null,"posicion_visualizacion_de_la_noticia":null,"estado_noticia":null,"fecha_de_inicio_de_visualizacion_del_tutorial":null,"hora_inicio_visualizacion_tutorial":null,"minutos_inicio_visualizacion_tutorial":null,"fecha_de_final_de_visualizacion_del_tutorial":null,"hora_final_visualizacion_tutorial":null,"minutos_final_visualizacion_tutorial":null,"numero_de_veces_visto":null,"numero_de_veces_total":null,"niveles_tutorial":null,"tutorial_recursos_castellano":null,"tutorial_recursos_catalan":null,"dias_disponibles":null,"dias_de_la_semana":null,"dias_del_mes":null,"other_lang_post_id":null,"lang":"ca","campanya_descripcion":null,"campanya_fecha_inicio":null,"campanya_fecha_fin":null,"campanya_legales":null,"campanya_imagen":null,"campanya_characteristics":null,"campanya_url":null,"campanya_posicion_visualizacion":null,"campanya_estado":null,"_links":{"self":[{"href":"https:\/\/www.ametllerorigenwp.com\/ca\/wp-json\/wp\/v2\/posts\/1465","targetHints":{"allow":["GET"]}}],"collection":[{"href":"https:\/\/www.ametllerorigenwp.com\/ca\/wp-json\/wp\/v2\/posts"}],"about":[{"href":"https:\/\/www.ametllerorigenwp.com\/ca\/wp-json\/wp\/v2\/types\/post"}],"author":[{"embeddable":true,"href":"https:\/\/www.ametllerorigenwp.com\/ca\/wp-json\/wp\/v2\/users\/5"}],"replies":[{"embeddable":true,"href":"https:\/\/www.ametllerorigenwp.com\/ca\/wp-json\/wp\/v2\/comments?post=1465"}],"version-history":[{"count":1,"href":"https:\/\/www.ametllerorigenwp.com\/ca\/wp-json\/wp\/v2\/posts\/1465\/revisions"}],"predecessor-version":[{"id":1466,"href":"https:\/\/www.ametllerorigenwp.com\/ca\/wp-json\/wp\/v2\/posts\/1465\/revisions\/1466"}],"wp:featuredmedia":[{"embeddable":true,"href":"https:\/\/www.ametllerorigenwp.com\/ca\/wp-json\/wp\/v2\/media\/1462"}],"wp:attachment":[{"href":"https:\/\/www.ametllerorigenwp.com\/ca\/wp-json\/wp\/v2\/media?parent=1465"}],"wp:term":[{"taxonomy":"category","embeddable":true,"href":"https:\/\/www.ametllerorigenwp.com\/ca\/wp-json\/wp\/v2\/categories?post=1465"},{"taxonomy":"post_tag","embeddable":true,"href":"https:\/\/www.ametllerorigenwp.com\/ca\/wp-json\/wp\/v2\/tags?post=1465"}],"curies":[{"name":"wp","href":"https:\/\/api.w.org\/{rel}","templated":true}]}}