{"id":1551,"date":"2021-04-11T15:47:00","date_gmt":"2021-04-11T15:47:00","guid":{"rendered":"https:\/\/www.ametllerorigenwp.com\/?p=1551"},"modified":"2021-04-11T21:05:22","modified_gmt":"2021-04-11T21:05:22","slug":"gracies-a-tots-hem-recaptat-mes-de-20-000-e-per-projectes-solidaris-de-lhospital-sant-joan-de-deu","status":"publish","type":"post","link":"https:\/\/www.ametllerorigenwp.com\/ca\/gracies-a-tots-hem-recaptat-mes-de-20-000-e-per-projectes-solidaris-de-lhospital-sant-joan-de-deu\/","title":{"rendered":"Hem recaptat m\u00e9s de 20.000 \u20ac per a l\u2019Hospital Sant Joan de D\u00e9u"},"content":{"rendered":"\n<p>Gr\u00e0cies a la vostra solidaritat, <strong>hem recaptat m\u00e9s de 20.000 \u20ac amb la venda de mascaretes solid\u00e0ries. Un import que es destinar\u00e0 \u00edntegrament a finan\u00e7ar projectes solidaris de l\u2019Hospital Sant Joan de D\u00e9u<\/strong>.<\/p>\n\n\n\n<p>Durant la campanya, que ha durat quatre mesos, <strong>s\u2019han venut quasi 4.000 mascaretes solid\u00e0ries per a nens i adults<\/strong>.<\/p>\n\n\n\n<p>Gr\u00e0cies a tots per fer-ho possible!<\/p>\n","protected":false},"excerpt":{"rendered":"<p>Gr\u00e0cies a la vostra solidaritat, hem recaptat m\u00e9s de 20.000 \u20ac amb la venda de mascaretes solid\u00e0ries. Un import que es destinar\u00e0 \u00edntegrament a finan\u00e7ar projectes solidaris de l\u2019Hospital Sant Joan de D\u00e9u. Durant la campanya, que ha durat quatre mesos, s\u2019han venut quasi 4.000 mascaretes solid\u00e0ries per a nens i adults. Gr\u00e0cies a tots &hellip; <a href=\"https:\/\/www.ametllerorigenwp.com\/ca\/gracies-a-tots-hem-recaptat-mes-de-20-000-e-per-projectes-solidaris-de-lhospital-sant-joan-de-deu\/\" class=\"more-link\">Continua llegint <span class=\"screen-reader-text\">\u00abHem recaptat m\u00e9s de 20.000 \u20ac per a l\u2019Hospital Sant Joan de D\u00e9u\u00bb<\/span><\/a><\/p>\n","protected":false},"author":5,"featured_media":1552,"comment_status":"open","ping_status":"open","sticky":false,"template":"","format":"standard","meta":{"_uag_custom_page_level_css":"","advgb_blocks_editor_width":"","advgb_blocks_columns_visual_guide":"","footnotes":""},"categories":[2],"tags":[],"class_list":["post-1551","post","type-post","status-publish","format-standard","has-post-thumbnail","hentry","category-noticies"],"author_meta":{"display_name":"Mireia Zaragoza","author_link":"https:\/\/www.ametllerorigenwp.com\/ca\/author\/mzaragoza\/"},"featured_img":"https:\/\/www.ametllerorigenwp.com\/wp-content\/uploads\/2021\/04\/mascareta-solidaria-300x102.jpg","uagb_featured_image_src":{"full":["https:\/\/www.ametllerorigenwp.com\/wp-content\/uploads\/2021\/04\/mascareta-solidaria.jpg",1000,340,false],"thumbnail":["https:\/\/www.ametllerorigenwp.com\/wp-content\/uploads\/2021\/04\/mascareta-solidaria-150x150.jpg",150,150,true],"medium":["https:\/\/www.ametllerorigenwp.com\/wp-content\/uploads\/2021\/04\/mascareta-solidaria-300x102.jpg",300,102,true],"medium_large":["https:\/\/www.ametllerorigenwp.com\/wp-content\/uploads\/2021\/04\/mascareta-solidaria-768x261.jpg",768,261,true],"large":["https:\/\/www.ametllerorigenwp.com\/wp-content\/uploads\/2021\/04\/mascareta-solidaria.jpg",840,286,false],"1536x1536":["https:\/\/www.ametllerorigenwp.com\/wp-content\/uploads\/2021\/04\/mascareta-solidaria.jpg",1000,340,false],"2048x2048":["https:\/\/www.ametllerorigenwp.com\/wp-content\/uploads\/2021\/04\/mascareta-solidaria.jpg",1000,340,false],"post-thumbnail":["https:\/\/www.ametllerorigenwp.com\/wp-content\/uploads\/2021\/04\/mascareta-solidaria.jpg",1000,340,false]},"uagb_author_info":{"display_name":"Mireia Zaragoza","author_link":"https:\/\/www.ametllerorigenwp.com\/ca\/author\/mzaragoza\/"},"uagb_comment_info":0,"uagb_excerpt":"Gr\u00e0cies a la vostra solidaritat, hem recaptat m\u00e9s de 20.000 \u20ac amb la venda de mascaretes solid\u00e0ries. Un import que es destinar\u00e0 \u00edntegrament a finan\u00e7ar projectes solidaris de l\u2019Hospital Sant Joan de D\u00e9u. Durant la campanya, que ha durat quatre mesos, s\u2019han venut quasi 4.000 mascaretes solid\u00e0ries per a nens i adults. Gr\u00e0cies a tots&hellip;","coauthors":[],"tax_additional":{"categories":{"linked":["<a href=\"https:\/\/www.ametllerorigenwp.com\/ca\/category\/noticies\/\" class=\"advgb-post-tax-term\">Noticies<\/a>"],"unlinked":["<span class=\"advgb-post-tax-term\">Noticies<\/span>"]}},"comment_count":"0","relative_dates":{"created":"Posted 5 anys ago","modified":"Updated 5 anys ago"},"absolute_dates":{"created":"Posted on 11 d'abril de 2021","modified":"Updated on 11 d'abril de 2021"},"absolute_dates_time":{"created":"Posted on 11 d'abril de 2021 15:47","modified":"Updated on 11 d'abril de 2021 21:05"},"featured_img_caption":"","series_order":"","show_in_app":true,"fecha_inicio_destacado":null,"hora_inicio_visualizacion":null,"minutos_inicio_visualizacion":null,"fecha_final_destacado":null,"hora_final_visualizacion":null,"minutos_final_visualizacion":null,"posicion_visualizacion":null,"estado_destacado":null,"niveles_destacados":null,"url_del_enlace":null,"banner_destacado":null,"posicion_visualizacion_de_la_noticia":null,"estado_noticia":null,"fecha_de_inicio_de_visualizacion_del_tutorial":null,"hora_inicio_visualizacion_tutorial":null,"minutos_inicio_visualizacion_tutorial":null,"fecha_de_final_de_visualizacion_del_tutorial":null,"hora_final_visualizacion_tutorial":null,"minutos_final_visualizacion_tutorial":null,"numero_de_veces_visto":null,"numero_de_veces_total":null,"niveles_tutorial":null,"tutorial_recursos_castellano":null,"tutorial_recursos_catalan":null,"dias_disponibles":null,"dias_de_la_semana":null,"dias_del_mes":null,"other_lang_post_id":null,"lang":"ca","campanya_descripcion":null,"campanya_fecha_inicio":null,"campanya_fecha_fin":null,"campanya_legales":null,"campanya_imagen":null,"campanya_characteristics":null,"campanya_url":null,"campanya_posicion_visualizacion":null,"campanya_estado":null,"_links":{"self":[{"href":"https:\/\/www.ametllerorigenwp.com\/ca\/wp-json\/wp\/v2\/posts\/1551","targetHints":{"allow":["GET"]}}],"collection":[{"href":"https:\/\/www.ametllerorigenwp.com\/ca\/wp-json\/wp\/v2\/posts"}],"about":[{"href":"https:\/\/www.ametllerorigenwp.com\/ca\/wp-json\/wp\/v2\/types\/post"}],"author":[{"embeddable":true,"href":"https:\/\/www.ametllerorigenwp.com\/ca\/wp-json\/wp\/v2\/users\/5"}],"replies":[{"embeddable":true,"href":"https:\/\/www.ametllerorigenwp.com\/ca\/wp-json\/wp\/v2\/comments?post=1551"}],"version-history":[{"count":2,"href":"https:\/\/www.ametllerorigenwp.com\/ca\/wp-json\/wp\/v2\/posts\/1551\/revisions"}],"predecessor-version":[{"id":1558,"href":"https:\/\/www.ametllerorigenwp.com\/ca\/wp-json\/wp\/v2\/posts\/1551\/revisions\/1558"}],"wp:featuredmedia":[{"embeddable":true,"href":"https:\/\/www.ametllerorigenwp.com\/ca\/wp-json\/wp\/v2\/media\/1552"}],"wp:attachment":[{"href":"https:\/\/www.ametllerorigenwp.com\/ca\/wp-json\/wp\/v2\/media?parent=1551"}],"wp:term":[{"taxonomy":"category","embeddable":true,"href":"https:\/\/www.ametllerorigenwp.com\/ca\/wp-json\/wp\/v2\/categories?post=1551"},{"taxonomy":"post_tag","embeddable":true,"href":"https:\/\/www.ametllerorigenwp.com\/ca\/wp-json\/wp\/v2\/tags?post=1551"}],"curies":[{"name":"wp","href":"https:\/\/api.w.org\/{rel}","templated":true}]}}