{"id":1639,"date":"2021-04-18T10:32:00","date_gmt":"2021-04-18T10:32:00","guid":{"rendered":"https:\/\/www.ametllerorigenwp.com\/?p=1639"},"modified":"2021-04-16T16:52:34","modified_gmt":"2021-04-16T16:52:34","slug":"et-portem-a-lhort-a-collir-faves","status":"publish","type":"post","link":"https:\/\/www.ametllerorigenwp.com\/ca\/et-portem-a-lhort-a-collir-faves\/","title":{"rendered":"Et portem a l\u2019hort a collir faves!"},"content":{"rendered":"\n<p>El <strong>pr\u00f2xim diumenge 25 d\u2019abril, de 10:30 h a 12:30 h, et convidem a visitar els nostres camps de faves perqu\u00e8 descobreixis com es cultiva aquest llegum de temporada.<\/strong><\/p>\n\n\n\n<p>El cap de finca t\u2019oferir\u00e0 una <strong>visita guiada per la nostra finca Can Farigola a Vilanova del Vall\u00e8s<\/strong> (Vall\u00e8s Oriental). Podr\u00e0s con\u00e8ixer de primera m\u00e0 com es cultiven les faves, les seves peculiaritats i propietats. <strong>Per finalitzar aquesta experi\u00e8ncia, podr\u00e0s degustar un esmorzar de pag\u00e8s, collir faves i endur-te-les a casa!<\/strong><\/p>\n\n\n\n<p>Anima\u2019t a visitar els nostres camps de faves! Pots comprar <strong><a href=\"https:\/\/www.inscribirme.com\/etportemalhortacollirfaves\" target=\"_blank\" rel=\"noreferrer noopener\">aqu\u00ed<\/a><\/strong> la teva entrada.<\/p>\n\n\n\n<p>T\u2019esperem!<\/p>\n\n\n\n<p><em>*La visita comptar\u00e0 amb totes les mesures de seguretat d\u2019acord amb els protocols Covid-19 establerts. Recorda les restriccions de mobilitat al territori que restringeixen l\u2019entrada i sortida de cada comarca.<\/em><\/p>\n","protected":false},"excerpt":{"rendered":"<p>El pr\u00f2xim diumenge 25 d\u2019abril, de 10:30 h a 12:30 h, et convidem a visitar els nostres camps de faves perqu\u00e8 descobreixis com es cultiva aquest llegum de temporada. El cap de finca t\u2019oferir\u00e0 una visita guiada per la nostra finca Can Farigola a Vilanova del Vall\u00e8s (Vall\u00e8s Oriental). Podr\u00e0s con\u00e8ixer de primera m\u00e0 com &hellip; <a href=\"https:\/\/www.ametllerorigenwp.com\/ca\/et-portem-a-lhort-a-collir-faves\/\" class=\"more-link\">Continua llegint <span class=\"screen-reader-text\">\u00abEt portem a l\u2019hort a collir faves!\u00bb<\/span><\/a><\/p>\n","protected":false},"author":4,"featured_media":1640,"comment_status":"open","ping_status":"open","sticky":false,"template":"","format":"standard","meta":{"_uag_custom_page_level_css":"","advgb_blocks_editor_width":"","advgb_blocks_columns_visual_guide":"","footnotes":""},"categories":[2],"tags":[],"class_list":["post-1639","post","type-post","status-publish","format-standard","has-post-thumbnail","hentry","category-noticies"],"author_meta":{"display_name":"Pol Alberdola","author_link":"https:\/\/www.ametllerorigenwp.com\/ca\/author\/palberola\/"},"featured_img":"https:\/\/www.ametllerorigenwp.com\/wp-content\/uploads\/2021\/04\/faves-2-300x102.jpg","uagb_featured_image_src":{"full":["https:\/\/www.ametllerorigenwp.com\/wp-content\/uploads\/2021\/04\/faves-2.jpg",1000,340,false],"thumbnail":["https:\/\/www.ametllerorigenwp.com\/wp-content\/uploads\/2021\/04\/faves-2-150x150.jpg",150,150,true],"medium":["https:\/\/www.ametllerorigenwp.com\/wp-content\/uploads\/2021\/04\/faves-2-300x102.jpg",300,102,true],"medium_large":["https:\/\/www.ametllerorigenwp.com\/wp-content\/uploads\/2021\/04\/faves-2-768x261.jpg",768,261,true],"large":["https:\/\/www.ametllerorigenwp.com\/wp-content\/uploads\/2021\/04\/faves-2.jpg",840,286,false],"1536x1536":["https:\/\/www.ametllerorigenwp.com\/wp-content\/uploads\/2021\/04\/faves-2.jpg",1000,340,false],"2048x2048":["https:\/\/www.ametllerorigenwp.com\/wp-content\/uploads\/2021\/04\/faves-2.jpg",1000,340,false],"post-thumbnail":["https:\/\/www.ametllerorigenwp.com\/wp-content\/uploads\/2021\/04\/faves-2.jpg",1000,340,false]},"uagb_author_info":{"display_name":"Pol Alberdola","author_link":"https:\/\/www.ametllerorigenwp.com\/ca\/author\/palberola\/"},"uagb_comment_info":0,"uagb_excerpt":"El pr\u00f2xim diumenge 25 d\u2019abril, de 10:30 h a 12:30 h, et convidem a visitar els nostres camps de faves perqu\u00e8 descobreixis com es cultiva aquest llegum de temporada. El cap de finca t\u2019oferir\u00e0 una visita guiada per la nostra finca Can Farigola a Vilanova del Vall\u00e8s (Vall\u00e8s Oriental). Podr\u00e0s con\u00e8ixer de primera m\u00e0 com&hellip;","coauthors":[],"tax_additional":{"categories":{"linked":["<a href=\"https:\/\/www.ametllerorigenwp.com\/ca\/category\/noticies\/\" class=\"advgb-post-tax-term\">Noticies<\/a>"],"unlinked":["<span class=\"advgb-post-tax-term\">Noticies<\/span>"]}},"comment_count":"0","relative_dates":{"created":"Posted 5 anys ago","modified":"Updated 5 anys ago"},"absolute_dates":{"created":"Posted on 18 d'abril de 2021","modified":"Updated on 16 d'abril de 2021"},"absolute_dates_time":{"created":"Posted on 18 d'abril de 2021 10:32","modified":"Updated on 16 d'abril de 2021 16:52"},"featured_img_caption":"","series_order":"","show_in_app":true,"fecha_inicio_destacado":null,"hora_inicio_visualizacion":null,"minutos_inicio_visualizacion":null,"fecha_final_destacado":null,"hora_final_visualizacion":null,"minutos_final_visualizacion":null,"posicion_visualizacion":null,"estado_destacado":null,"niveles_destacados":null,"url_del_enlace":null,"banner_destacado":null,"posicion_visualizacion_de_la_noticia":null,"estado_noticia":null,"fecha_de_inicio_de_visualizacion_del_tutorial":null,"hora_inicio_visualizacion_tutorial":null,"minutos_inicio_visualizacion_tutorial":null,"fecha_de_final_de_visualizacion_del_tutorial":null,"hora_final_visualizacion_tutorial":null,"minutos_final_visualizacion_tutorial":null,"numero_de_veces_visto":null,"numero_de_veces_total":null,"niveles_tutorial":null,"tutorial_recursos_castellano":null,"tutorial_recursos_catalan":null,"dias_disponibles":null,"dias_de_la_semana":null,"dias_del_mes":null,"other_lang_post_id":null,"lang":"ca","campanya_descripcion":null,"campanya_fecha_inicio":null,"campanya_fecha_fin":null,"campanya_legales":null,"campanya_imagen":null,"campanya_characteristics":null,"campanya_url":null,"campanya_posicion_visualizacion":null,"campanya_estado":null,"_links":{"self":[{"href":"https:\/\/www.ametllerorigenwp.com\/ca\/wp-json\/wp\/v2\/posts\/1639","targetHints":{"allow":["GET"]}}],"collection":[{"href":"https:\/\/www.ametllerorigenwp.com\/ca\/wp-json\/wp\/v2\/posts"}],"about":[{"href":"https:\/\/www.ametllerorigenwp.com\/ca\/wp-json\/wp\/v2\/types\/post"}],"author":[{"embeddable":true,"href":"https:\/\/www.ametllerorigenwp.com\/ca\/wp-json\/wp\/v2\/users\/4"}],"replies":[{"embeddable":true,"href":"https:\/\/www.ametllerorigenwp.com\/ca\/wp-json\/wp\/v2\/comments?post=1639"}],"version-history":[{"count":3,"href":"https:\/\/www.ametllerorigenwp.com\/ca\/wp-json\/wp\/v2\/posts\/1639\/revisions"}],"predecessor-version":[{"id":1652,"href":"https:\/\/www.ametllerorigenwp.com\/ca\/wp-json\/wp\/v2\/posts\/1639\/revisions\/1652"}],"wp:featuredmedia":[{"embeddable":true,"href":"https:\/\/www.ametllerorigenwp.com\/ca\/wp-json\/wp\/v2\/media\/1640"}],"wp:attachment":[{"href":"https:\/\/www.ametllerorigenwp.com\/ca\/wp-json\/wp\/v2\/media?parent=1639"}],"wp:term":[{"taxonomy":"category","embeddable":true,"href":"https:\/\/www.ametllerorigenwp.com\/ca\/wp-json\/wp\/v2\/categories?post=1639"},{"taxonomy":"post_tag","embeddable":true,"href":"https:\/\/www.ametllerorigenwp.com\/ca\/wp-json\/wp\/v2\/tags?post=1639"}],"curies":[{"name":"wp","href":"https:\/\/api.w.org\/{rel}","templated":true}]}}