{"id":1677,"date":"2021-04-21T19:00:40","date_gmt":"2021-04-21T19:00:40","guid":{"rendered":"https:\/\/www.ametllerorigenwp.com\/?p=1677"},"modified":"2021-04-21T19:31:02","modified_gmt":"2021-04-21T19:31:02","slug":"fem-cami-talks-el-futur-del-planeta-a-debat","status":"publish","type":"post","link":"https:\/\/www.ametllerorigenwp.com\/ca\/fem-cami-talks-el-futur-del-planeta-a-debat\/","title":{"rendered":"Fem Cam\u00ed Talks: el futur del planeta a debat"},"content":{"rendered":"\n<p>El pr\u00f2xim<strong> 27 d\u2019abril, a les 18.30 h, a Casa Seat<\/strong> (Passeig de Gr\u00e0cia, 109) celebrarem <strong>la primera sessi\u00f3 d\u2019aquest cicle de xerrades on abordarem l\u2019impacte del canvi clim\u00e0tic<\/strong> amb el cap de meteorologia de Televisi\u00f3 de Catalunya, <strong>Tom\u00e0s Molina<\/strong>, la periodista de medi ambient de Televisi\u00f3 de Catalunya, <strong>Cori Calero<\/strong>, el co-fundador d\u2019Ametller Origen, <strong>Jordi Ametller<\/strong> i el director general de Fam\u00edlia Torres, <strong>Miquel Torres. <\/strong>L\u2019acte &nbsp;estar\u00e0 condu\u00eft pel periodista de RAC1, Xavier Bund\u00f3.<\/p>\n\n\n\n<p>Tanmateix, durant la xerrada, tamb\u00e9 <strong>presentarem el primer n\u00famero de la revista Fem Cam\u00ed<\/strong> i les cantants <strong>Alicia Rey i La Pau interpretaran l\u2019himne del moviment #FemCam\u00ed<\/strong>.<\/p>\n\n\n\n<p>Si vols assistir-hi reserva la teva entrada <a href=\"https:\/\/www.casa.seat\/es\/agenda\/el-impacto-del-cambio-climatico-fem-cami-talks.html\" target=\"_blank\" rel=\"noreferrer noopener\">aqu\u00ed <\/a>o segueix l\u2019acte en streaming.<\/p>\n\n\n\n<p><strong>Fem Cam\u00ed Talks<\/strong> \u00e9s un cicle de xerrades que s\u2019emmarca dins el moviment #FemCam\u00ed i en el qual tractarem temes d\u2019actualitat, relacionats amb la sostenibilitat i l\u2019alimentaci\u00f3 saludable, amb l\u2019objectiu de sacsejar consci\u00e8ncies i crear debat.<\/p>\n\n\n\n<p>Fem Cam\u00ed cap al m\u00f3n on vols viure!<\/p>\n","protected":false},"excerpt":{"rendered":"<p>El pr\u00f2xim 27 d\u2019abril, a les 18.30 h, a Casa Seat (Passeig de Gr\u00e0cia, 109) celebrarem la primera sessi\u00f3 d\u2019aquest cicle de xerrades on abordarem l\u2019impacte del canvi clim\u00e0tic amb el cap de meteorologia de Televisi\u00f3 de Catalunya, Tom\u00e0s Molina, la periodista de medi ambient de Televisi\u00f3 de Catalunya, Cori Calero, el co-fundador d\u2019Ametller Origen, &hellip; <a href=\"https:\/\/www.ametllerorigenwp.com\/ca\/fem-cami-talks-el-futur-del-planeta-a-debat\/\" class=\"more-link\">Continua llegint <span class=\"screen-reader-text\">\u00abFem Cam\u00ed Talks: el futur del planeta a debat\u00bb<\/span><\/a><\/p>\n","protected":false},"author":5,"featured_media":1678,"comment_status":"open","ping_status":"open","sticky":false,"template":"","format":"standard","meta":{"_uag_custom_page_level_css":"","advgb_blocks_editor_width":"","advgb_blocks_columns_visual_guide":"","footnotes":""},"categories":[2],"tags":[],"class_list":["post-1677","post","type-post","status-publish","format-standard","has-post-thumbnail","hentry","category-noticies"],"author_meta":{"display_name":"Mireia Zaragoza","author_link":"https:\/\/www.ametllerorigenwp.com\/ca\/author\/mzaragoza\/"},"featured_img":"https:\/\/www.ametllerorigenwp.com\/wp-content\/uploads\/2021\/04\/app-talks-1-300x111.jpg","uagb_featured_image_src":{"full":["https:\/\/www.ametllerorigenwp.com\/wp-content\/uploads\/2021\/04\/app-talks-1.jpg",1000,370,false],"thumbnail":["https:\/\/www.ametllerorigenwp.com\/wp-content\/uploads\/2021\/04\/app-talks-1-150x150.jpg",150,150,true],"medium":["https:\/\/www.ametllerorigenwp.com\/wp-content\/uploads\/2021\/04\/app-talks-1-300x111.jpg",300,111,true],"medium_large":["https:\/\/www.ametllerorigenwp.com\/wp-content\/uploads\/2021\/04\/app-talks-1-768x284.jpg",768,284,true],"large":["https:\/\/www.ametllerorigenwp.com\/wp-content\/uploads\/2021\/04\/app-talks-1.jpg",840,311,false],"1536x1536":["https:\/\/www.ametllerorigenwp.com\/wp-content\/uploads\/2021\/04\/app-talks-1.jpg",1000,370,false],"2048x2048":["https:\/\/www.ametllerorigenwp.com\/wp-content\/uploads\/2021\/04\/app-talks-1.jpg",1000,370,false],"post-thumbnail":["https:\/\/www.ametllerorigenwp.com\/wp-content\/uploads\/2021\/04\/app-talks-1.jpg",1000,370,false]},"uagb_author_info":{"display_name":"Mireia Zaragoza","author_link":"https:\/\/www.ametllerorigenwp.com\/ca\/author\/mzaragoza\/"},"uagb_comment_info":0,"uagb_excerpt":"El pr\u00f2xim 27 d\u2019abril, a les 18.30 h, a Casa Seat (Passeig de Gr\u00e0cia, 109) celebrarem la primera sessi\u00f3 d\u2019aquest cicle de xerrades on abordarem l\u2019impacte del canvi clim\u00e0tic amb el cap de meteorologia de Televisi\u00f3 de Catalunya, Tom\u00e0s Molina, la periodista de medi ambient de Televisi\u00f3 de Catalunya, Cori Calero, el co-fundador d\u2019Ametller Origen,&hellip;","coauthors":[],"tax_additional":{"categories":{"linked":["<a href=\"https:\/\/www.ametllerorigenwp.com\/ca\/category\/noticies\/\" class=\"advgb-post-tax-term\">Noticies<\/a>"],"unlinked":["<span class=\"advgb-post-tax-term\">Noticies<\/span>"]}},"comment_count":"0","relative_dates":{"created":"Posted 5 anys ago","modified":"Updated 5 anys ago"},"absolute_dates":{"created":"Posted on 21 d'abril de 2021","modified":"Updated on 21 d'abril de 2021"},"absolute_dates_time":{"created":"Posted on 21 d'abril de 2021 19:00","modified":"Updated on 21 d'abril de 2021 19:31"},"featured_img_caption":"","series_order":"","show_in_app":true,"fecha_inicio_destacado":null,"hora_inicio_visualizacion":null,"minutos_inicio_visualizacion":null,"fecha_final_destacado":null,"hora_final_visualizacion":null,"minutos_final_visualizacion":null,"posicion_visualizacion":null,"estado_destacado":null,"niveles_destacados":null,"url_del_enlace":null,"banner_destacado":null,"posicion_visualizacion_de_la_noticia":null,"estado_noticia":null,"fecha_de_inicio_de_visualizacion_del_tutorial":null,"hora_inicio_visualizacion_tutorial":null,"minutos_inicio_visualizacion_tutorial":null,"fecha_de_final_de_visualizacion_del_tutorial":null,"hora_final_visualizacion_tutorial":null,"minutos_final_visualizacion_tutorial":null,"numero_de_veces_visto":null,"numero_de_veces_total":null,"niveles_tutorial":null,"tutorial_recursos_castellano":null,"tutorial_recursos_catalan":null,"dias_disponibles":null,"dias_de_la_semana":null,"dias_del_mes":null,"other_lang_post_id":null,"lang":"ca","campanya_descripcion":null,"campanya_fecha_inicio":null,"campanya_fecha_fin":null,"campanya_legales":null,"campanya_imagen":null,"campanya_characteristics":null,"campanya_url":null,"campanya_posicion_visualizacion":null,"campanya_estado":null,"_links":{"self":[{"href":"https:\/\/www.ametllerorigenwp.com\/ca\/wp-json\/wp\/v2\/posts\/1677","targetHints":{"allow":["GET"]}}],"collection":[{"href":"https:\/\/www.ametllerorigenwp.com\/ca\/wp-json\/wp\/v2\/posts"}],"about":[{"href":"https:\/\/www.ametllerorigenwp.com\/ca\/wp-json\/wp\/v2\/types\/post"}],"author":[{"embeddable":true,"href":"https:\/\/www.ametllerorigenwp.com\/ca\/wp-json\/wp\/v2\/users\/5"}],"replies":[{"embeddable":true,"href":"https:\/\/www.ametllerorigenwp.com\/ca\/wp-json\/wp\/v2\/comments?post=1677"}],"version-history":[{"count":1,"href":"https:\/\/www.ametllerorigenwp.com\/ca\/wp-json\/wp\/v2\/posts\/1677\/revisions"}],"predecessor-version":[{"id":1680,"href":"https:\/\/www.ametllerorigenwp.com\/ca\/wp-json\/wp\/v2\/posts\/1677\/revisions\/1680"}],"wp:featuredmedia":[{"embeddable":true,"href":"https:\/\/www.ametllerorigenwp.com\/ca\/wp-json\/wp\/v2\/media\/1678"}],"wp:attachment":[{"href":"https:\/\/www.ametllerorigenwp.com\/ca\/wp-json\/wp\/v2\/media?parent=1677"}],"wp:term":[{"taxonomy":"category","embeddable":true,"href":"https:\/\/www.ametllerorigenwp.com\/ca\/wp-json\/wp\/v2\/categories?post=1677"},{"taxonomy":"post_tag","embeddable":true,"href":"https:\/\/www.ametllerorigenwp.com\/ca\/wp-json\/wp\/v2\/tags?post=1677"}],"curies":[{"name":"wp","href":"https:\/\/api.w.org\/{rel}","templated":true}]}}