{"id":1704,"date":"2021-04-23T11:01:43","date_gmt":"2021-04-23T11:01:43","guid":{"rendered":"https:\/\/www.ametllerorigenwp.com\/?p=1704"},"modified":"2021-04-23T13:14:47","modified_gmt":"2021-04-23T13:14:47","slug":"descobreix-les-propietats-dels-formatges-dovella","status":"publish","type":"post","link":"https:\/\/www.ametllerorigenwp.com\/ca\/descobreix-les-propietats-dels-formatges-dovella\/","title":{"rendered":"Descobreix les propietats dels formatges d\u2019ovella!"},"content":{"rendered":"\n<p>El formatge d\u2019ovella t\u2019aporta una <strong>gran quantitat de prote\u00efnes<\/strong>, <strong>fonamentals per al creixement i cura dels teixits musculars<\/strong>. Cont\u00e9 <strong>vitamines A, D i E<\/strong>, que ajuden a <strong>la regeneraci\u00f3 dels ossos i al desenvolupament i absorci\u00f3 del calci<\/strong> i \u00e9s<strong> ric en minerals<\/strong>, els quals ajuden <strong>a prevenir l\u2019osteoporosis i la descalcificaci\u00f3<\/strong>.<\/p>\n\n\n\n<p>Avui us volem presentar un formatge d\u2019ovella de crosta natural de proced\u00e8ncia basca elaborat amb llet d\u2019ovelles aut\u00f2ctones. Es tracta del <strong><a href=\"https:\/\/www.ametllerorigen.com\/ca\/cunya-ossau-iraty-aop-4-mesos-200g\/p?utm_source=app&amp;utm_medium=appcat&amp;utm_campaign=org\" target=\"_blank\" rel=\"noreferrer noopener\">formatge Agour<\/a>, d\u2019elaboraci\u00f3 pr\u00f2pia, sense colorants ni conservants, madurats sobre taules de fusta la qual cosa li dona una textura \u00fanica. <\/strong>Un producte amb una enorme tradici\u00f3 hist\u00f2rica i un gran valor social, cultural i mediambiental. <\/p>\n\n\n\n<p>El formatge d\u2019ovella \u00e9s una opci\u00f3 ideal per incloure a la teva dieta, tant per les seves propietats com pel seu gust! Anima\u2019t a provar-lo amb una torrada o entrep\u00e0 per esmorzar, a mig mat\u00ed o berenar o posar-lo a dauets dins d\u2019una amanida. Tamb\u00e9 \u00e9s ideal per combinar amb vi blanc o cava.<\/p>\n","protected":false},"excerpt":{"rendered":"<p>El formatge d\u2019ovella t\u2019aporta una gran quantitat de prote\u00efnes, fonamentals per al creixement i cura dels teixits musculars. Cont\u00e9 vitamines A, D i E, que ajuden a la regeneraci\u00f3 dels ossos i al desenvolupament i absorci\u00f3 del calci i \u00e9s ric en minerals, els quals ajuden a prevenir l\u2019osteoporosis i la descalcificaci\u00f3. Avui us volem &hellip; <a href=\"https:\/\/www.ametllerorigenwp.com\/ca\/descobreix-les-propietats-dels-formatges-dovella\/\" class=\"more-link\">Continua llegint <span class=\"screen-reader-text\">\u00abDescobreix les propietats dels formatges d\u2019ovella!\u00bb<\/span><\/a><\/p>\n","protected":false},"author":4,"featured_media":1718,"comment_status":"open","ping_status":"open","sticky":false,"template":"","format":"standard","meta":{"_uag_custom_page_level_css":"","advgb_blocks_editor_width":"","advgb_blocks_columns_visual_guide":"","footnotes":""},"categories":[2],"tags":[],"class_list":["post-1704","post","type-post","status-publish","format-standard","has-post-thumbnail","hentry","category-noticies"],"author_meta":{"display_name":"Pol Alberdola","author_link":"https:\/\/www.ametllerorigenwp.com\/ca\/author\/palberola\/"},"featured_img":"https:\/\/www.ametllerorigenwp.com\/wp-content\/uploads\/2021\/04\/agour-300x102.png","uagb_featured_image_src":{"full":["https:\/\/www.ametllerorigenwp.com\/wp-content\/uploads\/2021\/04\/agour.png",1000,340,false],"thumbnail":["https:\/\/www.ametllerorigenwp.com\/wp-content\/uploads\/2021\/04\/agour-150x150.png",150,150,true],"medium":["https:\/\/www.ametllerorigenwp.com\/wp-content\/uploads\/2021\/04\/agour-300x102.png",300,102,true],"medium_large":["https:\/\/www.ametllerorigenwp.com\/wp-content\/uploads\/2021\/04\/agour-768x261.png",768,261,true],"large":["https:\/\/www.ametllerorigenwp.com\/wp-content\/uploads\/2021\/04\/agour.png",840,286,false],"1536x1536":["https:\/\/www.ametllerorigenwp.com\/wp-content\/uploads\/2021\/04\/agour.png",1000,340,false],"2048x2048":["https:\/\/www.ametllerorigenwp.com\/wp-content\/uploads\/2021\/04\/agour.png",1000,340,false],"post-thumbnail":["https:\/\/www.ametllerorigenwp.com\/wp-content\/uploads\/2021\/04\/agour.png",1000,340,false]},"uagb_author_info":{"display_name":"Pol Alberdola","author_link":"https:\/\/www.ametllerorigenwp.com\/ca\/author\/palberola\/"},"uagb_comment_info":0,"uagb_excerpt":"El formatge d\u2019ovella t\u2019aporta una gran quantitat de prote\u00efnes, fonamentals per al creixement i cura dels teixits musculars. Cont\u00e9 vitamines A, D i E, que ajuden a la regeneraci\u00f3 dels ossos i al desenvolupament i absorci\u00f3 del calci i \u00e9s ric en minerals, els quals ajuden a prevenir l\u2019osteoporosis i la descalcificaci\u00f3. Avui us volem&hellip;","coauthors":[],"tax_additional":{"categories":{"linked":["<a href=\"https:\/\/www.ametllerorigenwp.com\/ca\/category\/noticies\/\" class=\"advgb-post-tax-term\">Noticies<\/a>"],"unlinked":["<span class=\"advgb-post-tax-term\">Noticies<\/span>"]}},"comment_count":"0","relative_dates":{"created":"Posted 5 anys ago","modified":"Updated 5 anys ago"},"absolute_dates":{"created":"Posted on 23 d'abril de 2021","modified":"Updated on 23 d'abril de 2021"},"absolute_dates_time":{"created":"Posted on 23 d'abril de 2021 11:01","modified":"Updated on 23 d'abril de 2021 13:14"},"featured_img_caption":"","series_order":"","show_in_app":true,"fecha_inicio_destacado":null,"hora_inicio_visualizacion":null,"minutos_inicio_visualizacion":null,"fecha_final_destacado":null,"hora_final_visualizacion":null,"minutos_final_visualizacion":null,"posicion_visualizacion":null,"estado_destacado":null,"niveles_destacados":null,"url_del_enlace":null,"banner_destacado":null,"posicion_visualizacion_de_la_noticia":null,"estado_noticia":null,"fecha_de_inicio_de_visualizacion_del_tutorial":null,"hora_inicio_visualizacion_tutorial":null,"minutos_inicio_visualizacion_tutorial":null,"fecha_de_final_de_visualizacion_del_tutorial":null,"hora_final_visualizacion_tutorial":null,"minutos_final_visualizacion_tutorial":null,"numero_de_veces_visto":null,"numero_de_veces_total":null,"niveles_tutorial":null,"tutorial_recursos_castellano":null,"tutorial_recursos_catalan":null,"dias_disponibles":null,"dias_de_la_semana":null,"dias_del_mes":null,"other_lang_post_id":null,"lang":"ca","campanya_descripcion":null,"campanya_fecha_inicio":null,"campanya_fecha_fin":null,"campanya_legales":null,"campanya_imagen":null,"campanya_characteristics":null,"campanya_url":null,"campanya_posicion_visualizacion":null,"campanya_estado":null,"_links":{"self":[{"href":"https:\/\/www.ametllerorigenwp.com\/ca\/wp-json\/wp\/v2\/posts\/1704","targetHints":{"allow":["GET"]}}],"collection":[{"href":"https:\/\/www.ametllerorigenwp.com\/ca\/wp-json\/wp\/v2\/posts"}],"about":[{"href":"https:\/\/www.ametllerorigenwp.com\/ca\/wp-json\/wp\/v2\/types\/post"}],"author":[{"embeddable":true,"href":"https:\/\/www.ametllerorigenwp.com\/ca\/wp-json\/wp\/v2\/users\/4"}],"replies":[{"embeddable":true,"href":"https:\/\/www.ametllerorigenwp.com\/ca\/wp-json\/wp\/v2\/comments?post=1704"}],"version-history":[{"count":3,"href":"https:\/\/www.ametllerorigenwp.com\/ca\/wp-json\/wp\/v2\/posts\/1704\/revisions"}],"predecessor-version":[{"id":1713,"href":"https:\/\/www.ametllerorigenwp.com\/ca\/wp-json\/wp\/v2\/posts\/1704\/revisions\/1713"}],"wp:featuredmedia":[{"embeddable":true,"href":"https:\/\/www.ametllerorigenwp.com\/ca\/wp-json\/wp\/v2\/media\/1718"}],"wp:attachment":[{"href":"https:\/\/www.ametllerorigenwp.com\/ca\/wp-json\/wp\/v2\/media?parent=1704"}],"wp:term":[{"taxonomy":"category","embeddable":true,"href":"https:\/\/www.ametllerorigenwp.com\/ca\/wp-json\/wp\/v2\/categories?post=1704"},{"taxonomy":"post_tag","embeddable":true,"href":"https:\/\/www.ametllerorigenwp.com\/ca\/wp-json\/wp\/v2\/tags?post=1704"}],"curies":[{"name":"wp","href":"https:\/\/api.w.org\/{rel}","templated":true}]}}