{"id":1725,"date":"2021-04-26T13:31:47","date_gmt":"2021-04-26T13:31:47","guid":{"rendered":"https:\/\/www.ametllerorigenwp.com\/?p=1725"},"modified":"2021-04-26T16:30:54","modified_gmt":"2021-04-26T16:30:54","slug":"connectat-avui-a-la-primera-xerrada-sobre-el-futur-del-planeta","status":"publish","type":"post","link":"https:\/\/www.ametllerorigenwp.com\/ca\/connectat-avui-a-la-primera-xerrada-sobre-el-futur-del-planeta\/","title":{"rendered":"Connecta\u2019t avui a la primera xerrada sobre el futur del planeta!"},"content":{"rendered":"\n<p><strong>Aquesta tarda, a les 18:30h, iniciem el cicle FemCam\u00ed Talks on abordarem les conseq\u00fc\u00e8ncies del canvi clim\u00e0tic i el futur del planeta<\/strong> de la m\u00e0 del cap de meteorologia de Televisi\u00f3 de Catalunya, <strong>Tom\u00e0s Molina<\/strong>, la periodista de medi ambient de Televisi\u00f3 de Catalunya, <strong>Cori Calero<\/strong>, el cofundador d\u2019Ametller Origen, <strong>Jordi Ametller<\/strong>, i el director general de Fam\u00edlia Torres, <strong>Miquel Torres<\/strong>. El debat estar\u00e0 moderat pel periodista de RAC1, <strong>Xavier Bund\u00f3.<\/strong><\/p>\n\n\n\n<p>Durant la sessi\u00f3, <strong>es presentar\u00e0 el primer n\u00famero de la revista Fem Cam\u00ed<\/strong> i les cantants <strong>Alicia Rey i La Pau interpretaran l\u2019himne del moviment #FemCam\u00ed.<\/strong><\/p>\n\n\n\n<p>Recorda que pots seguir en directe l\u2019esdeveniment<strong><a href=\"https:\/\/events.yumiwi.io\/streaming-el-canvio-climatico-fem-cami-talks\/registration#\/?utm_source=app&amp;utm_medium=appes&amp;utm_campaign=org\" target=\"_blank\" rel=\"noreferrer noopener\"> aqu\u00ed<\/a><\/strong>!<\/p>\n","protected":false},"excerpt":{"rendered":"<p>Aquesta tarda, a les 18:30h, iniciem el cicle FemCam\u00ed Talks on abordarem les conseq\u00fc\u00e8ncies del canvi clim\u00e0tic i el futur del planeta de la m\u00e0 del cap de meteorologia de Televisi\u00f3 de Catalunya, Tom\u00e0s Molina, la periodista de medi ambient de Televisi\u00f3 de Catalunya, Cori Calero, el cofundador d\u2019Ametller Origen, Jordi Ametller, i el director &hellip; <a href=\"https:\/\/www.ametllerorigenwp.com\/ca\/connectat-avui-a-la-primera-xerrada-sobre-el-futur-del-planeta\/\" class=\"more-link\">Continua llegint <span class=\"screen-reader-text\">\u00abConnecta\u2019t avui a la primera xerrada sobre el futur del planeta!\u00bb<\/span><\/a><\/p>\n","protected":false},"author":4,"featured_media":1730,"comment_status":"open","ping_status":"open","sticky":false,"template":"","format":"standard","meta":{"_uag_custom_page_level_css":"","advgb_blocks_editor_width":"","advgb_blocks_columns_visual_guide":"","footnotes":""},"categories":[2],"tags":[],"class_list":["post-1725","post","type-post","status-publish","format-standard","has-post-thumbnail","hentry","category-noticies"],"author_meta":{"display_name":"Pol Alberdola","author_link":"https:\/\/www.ametllerorigenwp.com\/ca\/author\/palberola\/"},"featured_img":"https:\/\/www.ametllerorigenwp.com\/wp-content\/uploads\/2021\/04\/Banner_App-300x102.jpg","uagb_featured_image_src":{"full":["https:\/\/www.ametllerorigenwp.com\/wp-content\/uploads\/2021\/04\/Banner_App.jpg",1333,453,false],"thumbnail":["https:\/\/www.ametllerorigenwp.com\/wp-content\/uploads\/2021\/04\/Banner_App-150x150.jpg",150,150,true],"medium":["https:\/\/www.ametllerorigenwp.com\/wp-content\/uploads\/2021\/04\/Banner_App-300x102.jpg",300,102,true],"medium_large":["https:\/\/www.ametllerorigenwp.com\/wp-content\/uploads\/2021\/04\/Banner_App-768x261.jpg",768,261,true],"large":["https:\/\/www.ametllerorigenwp.com\/wp-content\/uploads\/2021\/04\/Banner_App-1024x348.jpg",840,285,true],"1536x1536":["https:\/\/www.ametllerorigenwp.com\/wp-content\/uploads\/2021\/04\/Banner_App.jpg",1333,453,false],"2048x2048":["https:\/\/www.ametllerorigenwp.com\/wp-content\/uploads\/2021\/04\/Banner_App.jpg",1333,453,false],"post-thumbnail":["https:\/\/www.ametllerorigenwp.com\/wp-content\/uploads\/2021\/04\/Banner_App-1200x408.jpg",1200,408,true]},"uagb_author_info":{"display_name":"Pol Alberdola","author_link":"https:\/\/www.ametllerorigenwp.com\/ca\/author\/palberola\/"},"uagb_comment_info":0,"uagb_excerpt":"Aquesta tarda, a les 18:30h, iniciem el cicle FemCam\u00ed Talks on abordarem les conseq\u00fc\u00e8ncies del canvi clim\u00e0tic i el futur del planeta de la m\u00e0 del cap de meteorologia de Televisi\u00f3 de Catalunya, Tom\u00e0s Molina, la periodista de medi ambient de Televisi\u00f3 de Catalunya, Cori Calero, el cofundador d\u2019Ametller Origen, Jordi Ametller, i el director&hellip;","coauthors":[],"tax_additional":{"categories":{"linked":["<a href=\"https:\/\/www.ametllerorigenwp.com\/ca\/category\/noticies\/\" class=\"advgb-post-tax-term\">Noticies<\/a>"],"unlinked":["<span class=\"advgb-post-tax-term\">Noticies<\/span>"]}},"comment_count":"0","relative_dates":{"created":"Posted 5 anys ago","modified":"Updated 5 anys ago"},"absolute_dates":{"created":"Posted on 26 d'abril de 2021","modified":"Updated on 26 d'abril de 2021"},"absolute_dates_time":{"created":"Posted on 26 d'abril de 2021 13:31","modified":"Updated on 26 d'abril de 2021 16:30"},"featured_img_caption":"","series_order":"","show_in_app":true,"fecha_inicio_destacado":null,"hora_inicio_visualizacion":null,"minutos_inicio_visualizacion":null,"fecha_final_destacado":null,"hora_final_visualizacion":null,"minutos_final_visualizacion":null,"posicion_visualizacion":null,"estado_destacado":null,"niveles_destacados":null,"url_del_enlace":null,"banner_destacado":null,"posicion_visualizacion_de_la_noticia":null,"estado_noticia":null,"fecha_de_inicio_de_visualizacion_del_tutorial":null,"hora_inicio_visualizacion_tutorial":null,"minutos_inicio_visualizacion_tutorial":null,"fecha_de_final_de_visualizacion_del_tutorial":null,"hora_final_visualizacion_tutorial":null,"minutos_final_visualizacion_tutorial":null,"numero_de_veces_visto":null,"numero_de_veces_total":null,"niveles_tutorial":null,"tutorial_recursos_castellano":null,"tutorial_recursos_catalan":null,"dias_disponibles":null,"dias_de_la_semana":null,"dias_del_mes":null,"other_lang_post_id":null,"lang":"ca","campanya_descripcion":null,"campanya_fecha_inicio":null,"campanya_fecha_fin":null,"campanya_legales":null,"campanya_imagen":null,"campanya_characteristics":null,"campanya_url":null,"campanya_posicion_visualizacion":null,"campanya_estado":null,"_links":{"self":[{"href":"https:\/\/www.ametllerorigenwp.com\/ca\/wp-json\/wp\/v2\/posts\/1725","targetHints":{"allow":["GET"]}}],"collection":[{"href":"https:\/\/www.ametllerorigenwp.com\/ca\/wp-json\/wp\/v2\/posts"}],"about":[{"href":"https:\/\/www.ametllerorigenwp.com\/ca\/wp-json\/wp\/v2\/types\/post"}],"author":[{"embeddable":true,"href":"https:\/\/www.ametllerorigenwp.com\/ca\/wp-json\/wp\/v2\/users\/4"}],"replies":[{"embeddable":true,"href":"https:\/\/www.ametllerorigenwp.com\/ca\/wp-json\/wp\/v2\/comments?post=1725"}],"version-history":[{"count":3,"href":"https:\/\/www.ametllerorigenwp.com\/ca\/wp-json\/wp\/v2\/posts\/1725\/revisions"}],"predecessor-version":[{"id":1738,"href":"https:\/\/www.ametllerorigenwp.com\/ca\/wp-json\/wp\/v2\/posts\/1725\/revisions\/1738"}],"wp:featuredmedia":[{"embeddable":true,"href":"https:\/\/www.ametllerorigenwp.com\/ca\/wp-json\/wp\/v2\/media\/1730"}],"wp:attachment":[{"href":"https:\/\/www.ametllerorigenwp.com\/ca\/wp-json\/wp\/v2\/media?parent=1725"}],"wp:term":[{"taxonomy":"category","embeddable":true,"href":"https:\/\/www.ametllerorigenwp.com\/ca\/wp-json\/wp\/v2\/categories?post=1725"},{"taxonomy":"post_tag","embeddable":true,"href":"https:\/\/www.ametllerorigenwp.com\/ca\/wp-json\/wp\/v2\/tags?post=1725"}],"curies":[{"name":"wp","href":"https:\/\/api.w.org\/{rel}","templated":true}]}}