{"id":1811,"date":"2021-05-04T15:36:18","date_gmt":"2021-05-04T15:36:18","guid":{"rendered":"https:\/\/www.ametllerorigenwp.com\/?p=1811"},"modified":"2021-05-04T16:26:15","modified_gmt":"2021-05-04T16:26:15","slug":"a-punt-per-larribada-dels-albercocs","status":"publish","type":"post","link":"https:\/\/www.ametllerorigenwp.com\/ca\/a-punt-per-larribada-dels-albercocs\/","title":{"rendered":"Albercocs, en el seu punt m\u00e0xim de sabor"},"content":{"rendered":"\n<p>Tot i que ja fa dies que n\u2019hi ha al mercat, nosaltres hem esperat per collir-los en el seu punt m\u00e0xim de sabor. A<strong> partir d\u2019aquest divendres podr\u00e0s trobar els nostres reconeguts albercocs de collita pr\u00f2pia a la teva botiga habitual i a la <a href=\"https:\/\/www.ametllerorigen.com\/ca\/?utm_source=app&amp;utm_medium=appcat&amp;utm_campaign=org\" target=\"_blank\" rel=\"noreferrer noopener\">botiga online<\/a>.<\/strong><\/p>\n\n\n\n<p>Aquesta fruita dol\u00e7a de temporada \u00e9s ideal per menjar-la sola, per\u00f2 tamb\u00e9 pots incorporar-la a&nbsp; trossets dins el iogurt o b\u00e9 preparar una bona maced\u00f2nia!<\/p>\n\n\n\n<p>Qu\u00e8 t\u2019aporten els albercocs? S\u00f3n <strong>rics en potassi, <\/strong>que contribueix al<strong> bon funcionament del sistema nervi\u00f3s i dels m\u00fasculs, en <\/strong><strong>vitamina C, <\/strong>que<strong> protegeix les c\u00e8l\u00b7lules contra l\u2019envelliment<\/strong><strong> i en betacarotens, els quals ajuden a protegir la vista i la pell.<\/strong><\/p>\n\n\n\n<p>Anima\u2019t a incorporar-la a la teva alimentaci\u00f3! Recorda que <strong>per dur una alimentaci\u00f3 equilibrada, l\u2019Organitzaci\u00f3 Mundial de la Salut (OMS) recomana consumir un m\u00ednim de tres peces de fruita al dia.<\/strong><\/p>\n","protected":false},"excerpt":{"rendered":"<p>Tot i que ja fa dies que n\u2019hi ha al mercat, nosaltres hem esperat per collir-los en el seu punt m\u00e0xim de sabor. A partir d\u2019aquest divendres podr\u00e0s trobar els nostres reconeguts albercocs de collita pr\u00f2pia a la teva botiga habitual i a la botiga online. Aquesta fruita dol\u00e7a de temporada \u00e9s ideal per menjar-la &hellip; <a href=\"https:\/\/www.ametllerorigenwp.com\/ca\/a-punt-per-larribada-dels-albercocs\/\" class=\"more-link\">Continua llegint <span class=\"screen-reader-text\">\u00abAlbercocs, en el seu punt m\u00e0xim de sabor\u00bb<\/span><\/a><\/p>\n","protected":false},"author":4,"featured_media":1812,"comment_status":"open","ping_status":"open","sticky":false,"template":"","format":"standard","meta":{"_uag_custom_page_level_css":"","advgb_blocks_editor_width":"","advgb_blocks_columns_visual_guide":"","footnotes":""},"categories":[2],"tags":[],"class_list":["post-1811","post","type-post","status-publish","format-standard","has-post-thumbnail","hentry","category-noticies"],"author_meta":{"display_name":"Pol Alberdola","author_link":"https:\/\/www.ametllerorigenwp.com\/ca\/author\/palberola\/"},"featured_img":"https:\/\/www.ametllerorigenwp.com\/wp-content\/uploads\/2021\/05\/albercocs_app-300x102.jpg","uagb_featured_image_src":{"full":["https:\/\/www.ametllerorigenwp.com\/wp-content\/uploads\/2021\/05\/albercocs_app.jpg",1000,340,false],"thumbnail":["https:\/\/www.ametllerorigenwp.com\/wp-content\/uploads\/2021\/05\/albercocs_app-150x150.jpg",150,150,true],"medium":["https:\/\/www.ametllerorigenwp.com\/wp-content\/uploads\/2021\/05\/albercocs_app-300x102.jpg",300,102,true],"medium_large":["https:\/\/www.ametllerorigenwp.com\/wp-content\/uploads\/2021\/05\/albercocs_app-768x261.jpg",768,261,true],"large":["https:\/\/www.ametllerorigenwp.com\/wp-content\/uploads\/2021\/05\/albercocs_app.jpg",840,286,false],"1536x1536":["https:\/\/www.ametllerorigenwp.com\/wp-content\/uploads\/2021\/05\/albercocs_app.jpg",1000,340,false],"2048x2048":["https:\/\/www.ametllerorigenwp.com\/wp-content\/uploads\/2021\/05\/albercocs_app.jpg",1000,340,false],"post-thumbnail":["https:\/\/www.ametllerorigenwp.com\/wp-content\/uploads\/2021\/05\/albercocs_app.jpg",1000,340,false]},"uagb_author_info":{"display_name":"Pol Alberdola","author_link":"https:\/\/www.ametllerorigenwp.com\/ca\/author\/palberola\/"},"uagb_comment_info":0,"uagb_excerpt":"Tot i que ja fa dies que n\u2019hi ha al mercat, nosaltres hem esperat per collir-los en el seu punt m\u00e0xim de sabor. A partir d\u2019aquest divendres podr\u00e0s trobar els nostres reconeguts albercocs de collita pr\u00f2pia a la teva botiga habitual i a la botiga online. Aquesta fruita dol\u00e7a de temporada \u00e9s ideal per menjar-la&hellip;","coauthors":[],"tax_additional":{"categories":{"linked":["<a href=\"https:\/\/www.ametllerorigenwp.com\/ca\/category\/noticies\/\" class=\"advgb-post-tax-term\">Noticies<\/a>"],"unlinked":["<span class=\"advgb-post-tax-term\">Noticies<\/span>"]}},"comment_count":"0","relative_dates":{"created":"Posted 5 anys ago","modified":"Updated 5 anys ago"},"absolute_dates":{"created":"Posted on 4 de maig de 2021","modified":"Updated on 4 de maig de 2021"},"absolute_dates_time":{"created":"Posted on 4 de maig de 2021 15:36","modified":"Updated on 4 de maig de 2021 16:26"},"featured_img_caption":"","series_order":"","show_in_app":true,"fecha_inicio_destacado":null,"hora_inicio_visualizacion":null,"minutos_inicio_visualizacion":null,"fecha_final_destacado":null,"hora_final_visualizacion":null,"minutos_final_visualizacion":null,"posicion_visualizacion":null,"estado_destacado":null,"niveles_destacados":null,"url_del_enlace":null,"banner_destacado":null,"posicion_visualizacion_de_la_noticia":null,"estado_noticia":null,"fecha_de_inicio_de_visualizacion_del_tutorial":null,"hora_inicio_visualizacion_tutorial":null,"minutos_inicio_visualizacion_tutorial":null,"fecha_de_final_de_visualizacion_del_tutorial":null,"hora_final_visualizacion_tutorial":null,"minutos_final_visualizacion_tutorial":null,"numero_de_veces_visto":null,"numero_de_veces_total":null,"niveles_tutorial":null,"tutorial_recursos_castellano":null,"tutorial_recursos_catalan":null,"dias_disponibles":null,"dias_de_la_semana":null,"dias_del_mes":null,"other_lang_post_id":null,"lang":"ca","campanya_descripcion":null,"campanya_fecha_inicio":null,"campanya_fecha_fin":null,"campanya_legales":null,"campanya_imagen":null,"campanya_characteristics":null,"campanya_url":null,"campanya_posicion_visualizacion":null,"campanya_estado":null,"_links":{"self":[{"href":"https:\/\/www.ametllerorigenwp.com\/ca\/wp-json\/wp\/v2\/posts\/1811","targetHints":{"allow":["GET"]}}],"collection":[{"href":"https:\/\/www.ametllerorigenwp.com\/ca\/wp-json\/wp\/v2\/posts"}],"about":[{"href":"https:\/\/www.ametllerorigenwp.com\/ca\/wp-json\/wp\/v2\/types\/post"}],"author":[{"embeddable":true,"href":"https:\/\/www.ametllerorigenwp.com\/ca\/wp-json\/wp\/v2\/users\/4"}],"replies":[{"embeddable":true,"href":"https:\/\/www.ametllerorigenwp.com\/ca\/wp-json\/wp\/v2\/comments?post=1811"}],"version-history":[{"count":5,"href":"https:\/\/www.ametllerorigenwp.com\/ca\/wp-json\/wp\/v2\/posts\/1811\/revisions"}],"predecessor-version":[{"id":1824,"href":"https:\/\/www.ametllerorigenwp.com\/ca\/wp-json\/wp\/v2\/posts\/1811\/revisions\/1824"}],"wp:featuredmedia":[{"embeddable":true,"href":"https:\/\/www.ametllerorigenwp.com\/ca\/wp-json\/wp\/v2\/media\/1812"}],"wp:attachment":[{"href":"https:\/\/www.ametllerorigenwp.com\/ca\/wp-json\/wp\/v2\/media?parent=1811"}],"wp:term":[{"taxonomy":"category","embeddable":true,"href":"https:\/\/www.ametllerorigenwp.com\/ca\/wp-json\/wp\/v2\/categories?post=1811"},{"taxonomy":"post_tag","embeddable":true,"href":"https:\/\/www.ametllerorigenwp.com\/ca\/wp-json\/wp\/v2\/tags?post=1811"}],"curies":[{"name":"wp","href":"https:\/\/api.w.org\/{rel}","templated":true}]}}