{"id":1912,"date":"2021-05-10T16:12:33","date_gmt":"2021-05-10T16:12:33","guid":{"rendered":"https:\/\/www.ametllerorigenwp.com\/?p=1912"},"modified":"2021-05-10T16:47:55","modified_gmt":"2021-05-10T16:47:55","slug":"gaudeix-dun-dels-tresors-de-temporada-els-maduixots-del-maresme","status":"publish","type":"post","link":"https:\/\/www.ametllerorigenwp.com\/ca\/gaudeix-dun-dels-tresors-de-temporada-els-maduixots-del-maresme\/","title":{"rendered":"Gaudeix d&#8217;un dels tresors de temporada, els maduixots del Maresme!"},"content":{"rendered":"\n<p>Ha arribat el moment de gaudir d\u2019una de les fruites de temporada per excel\u00b7l\u00e8ncia: els maduixots del Maresme.<\/p>\n\n\n\n<p>Com cada any, <strong>els collim<\/strong> <strong>en el moment \u00f2ptim de maduraci\u00f3 per obtenir el m\u00e0xim sabor.<\/strong> Amb delicadesa, els <strong>tallem per la tija, per no tocar el maduixot<\/strong>, i amb menys de 24 hores arriba dels nostres camps a la teva taula perqu\u00e8 puguis gaudir de la seva dol\u00e7or!<\/p>\n\n\n\n<p>Els maduixots s\u00f3n una gran font de vitamina C i contenen diversos \u00e0cids org\u00e0nics amb propietats antioxidants. A m\u00e9s, els pots utilitzar per preparar tota mena de postres: sols, a trossets dins el iogurt, en maced\u00f2nia, amb suc de taronja, en batuts o, si ets llaminer, acompanyats de nata!<\/p>\n\n\n\n<p>Aprofita que \u00e9s temps de maduixots per incorporar-los a la teva dieta i gaudeix d\u2019aquesta deliciosa fruita vermella de temporada! Ja els pots trobar la teva botiga habitual i a <a href=\"https:\/\/www.ametllerorigen.com\/ca\/maduixot-maresme-safata\/p?utm_source=app&amp;utm_medium=appcat&amp;utm_campaign=org\" target=\"_blank\" rel=\"noreferrer noopener\">la botiga online<\/a>.<\/p>\n","protected":false},"excerpt":{"rendered":"<p>Ha arribat el moment de gaudir d\u2019una de les fruites de temporada per excel\u00b7l\u00e8ncia: els maduixots del Maresme. Com cada any, els collim en el moment \u00f2ptim de maduraci\u00f3 per obtenir el m\u00e0xim sabor. Amb delicadesa, els tallem per la tija, per no tocar el maduixot, i amb menys de 24 hores arriba dels nostres &hellip; <a href=\"https:\/\/www.ametllerorigenwp.com\/ca\/gaudeix-dun-dels-tresors-de-temporada-els-maduixots-del-maresme\/\" class=\"more-link\">Continua llegint <span class=\"screen-reader-text\">\u00abGaudeix d&#8217;un dels tresors de temporada, els maduixots del Maresme!\u00bb<\/span><\/a><\/p>\n","protected":false},"author":4,"featured_media":1913,"comment_status":"open","ping_status":"open","sticky":false,"template":"","format":"standard","meta":{"_uag_custom_page_level_css":"","advgb_blocks_editor_width":"","advgb_blocks_columns_visual_guide":"","footnotes":""},"categories":[2],"tags":[],"class_list":["post-1912","post","type-post","status-publish","format-standard","has-post-thumbnail","hentry","category-noticies"],"author_meta":{"display_name":"Pol Alberdola","author_link":"https:\/\/www.ametllerorigenwp.com\/ca\/author\/palberola\/"},"featured_img":"https:\/\/www.ametllerorigenwp.com\/wp-content\/uploads\/2021\/05\/maduixeres-300x102.jpg","uagb_featured_image_src":{"full":["https:\/\/www.ametllerorigenwp.com\/wp-content\/uploads\/2021\/05\/maduixeres.jpg",1000,340,false],"thumbnail":["https:\/\/www.ametllerorigenwp.com\/wp-content\/uploads\/2021\/05\/maduixeres-150x150.jpg",150,150,true],"medium":["https:\/\/www.ametllerorigenwp.com\/wp-content\/uploads\/2021\/05\/maduixeres-300x102.jpg",300,102,true],"medium_large":["https:\/\/www.ametllerorigenwp.com\/wp-content\/uploads\/2021\/05\/maduixeres-768x261.jpg",768,261,true],"large":["https:\/\/www.ametllerorigenwp.com\/wp-content\/uploads\/2021\/05\/maduixeres.jpg",840,286,false],"1536x1536":["https:\/\/www.ametllerorigenwp.com\/wp-content\/uploads\/2021\/05\/maduixeres.jpg",1000,340,false],"2048x2048":["https:\/\/www.ametllerorigenwp.com\/wp-content\/uploads\/2021\/05\/maduixeres.jpg",1000,340,false],"post-thumbnail":["https:\/\/www.ametllerorigenwp.com\/wp-content\/uploads\/2021\/05\/maduixeres.jpg",1000,340,false]},"uagb_author_info":{"display_name":"Pol Alberdola","author_link":"https:\/\/www.ametllerorigenwp.com\/ca\/author\/palberola\/"},"uagb_comment_info":0,"uagb_excerpt":"Ha arribat el moment de gaudir d\u2019una de les fruites de temporada per excel\u00b7l\u00e8ncia: els maduixots del Maresme. Com cada any, els collim en el moment \u00f2ptim de maduraci\u00f3 per obtenir el m\u00e0xim sabor. Amb delicadesa, els tallem per la tija, per no tocar el maduixot, i amb menys de 24 hores arriba dels nostres&hellip;","coauthors":[],"tax_additional":{"categories":{"linked":["<a href=\"https:\/\/www.ametllerorigenwp.com\/ca\/category\/noticies\/\" class=\"advgb-post-tax-term\">Noticies<\/a>"],"unlinked":["<span class=\"advgb-post-tax-term\">Noticies<\/span>"]}},"comment_count":"0","relative_dates":{"created":"Posted 5 anys ago","modified":"Updated 5 anys ago"},"absolute_dates":{"created":"Posted on 10 de maig de 2021","modified":"Updated on 10 de maig de 2021"},"absolute_dates_time":{"created":"Posted on 10 de maig de 2021 16:12","modified":"Updated on 10 de maig de 2021 16:47"},"featured_img_caption":"","series_order":"","show_in_app":true,"fecha_inicio_destacado":null,"hora_inicio_visualizacion":null,"minutos_inicio_visualizacion":null,"fecha_final_destacado":null,"hora_final_visualizacion":null,"minutos_final_visualizacion":null,"posicion_visualizacion":null,"estado_destacado":null,"niveles_destacados":null,"url_del_enlace":null,"banner_destacado":null,"posicion_visualizacion_de_la_noticia":null,"estado_noticia":null,"fecha_de_inicio_de_visualizacion_del_tutorial":null,"hora_inicio_visualizacion_tutorial":null,"minutos_inicio_visualizacion_tutorial":null,"fecha_de_final_de_visualizacion_del_tutorial":null,"hora_final_visualizacion_tutorial":null,"minutos_final_visualizacion_tutorial":null,"numero_de_veces_visto":null,"numero_de_veces_total":null,"niveles_tutorial":null,"tutorial_recursos_castellano":null,"tutorial_recursos_catalan":null,"dias_disponibles":null,"dias_de_la_semana":null,"dias_del_mes":null,"other_lang_post_id":null,"lang":"ca","campanya_descripcion":null,"campanya_fecha_inicio":null,"campanya_fecha_fin":null,"campanya_legales":null,"campanya_imagen":null,"campanya_characteristics":null,"campanya_url":null,"campanya_posicion_visualizacion":null,"campanya_estado":null,"_links":{"self":[{"href":"https:\/\/www.ametllerorigenwp.com\/ca\/wp-json\/wp\/v2\/posts\/1912","targetHints":{"allow":["GET"]}}],"collection":[{"href":"https:\/\/www.ametllerorigenwp.com\/ca\/wp-json\/wp\/v2\/posts"}],"about":[{"href":"https:\/\/www.ametllerorigenwp.com\/ca\/wp-json\/wp\/v2\/types\/post"}],"author":[{"embeddable":true,"href":"https:\/\/www.ametllerorigenwp.com\/ca\/wp-json\/wp\/v2\/users\/4"}],"replies":[{"embeddable":true,"href":"https:\/\/www.ametllerorigenwp.com\/ca\/wp-json\/wp\/v2\/comments?post=1912"}],"version-history":[{"count":5,"href":"https:\/\/www.ametllerorigenwp.com\/ca\/wp-json\/wp\/v2\/posts\/1912\/revisions"}],"predecessor-version":[{"id":1928,"href":"https:\/\/www.ametllerorigenwp.com\/ca\/wp-json\/wp\/v2\/posts\/1912\/revisions\/1928"}],"wp:featuredmedia":[{"embeddable":true,"href":"https:\/\/www.ametllerorigenwp.com\/ca\/wp-json\/wp\/v2\/media\/1913"}],"wp:attachment":[{"href":"https:\/\/www.ametllerorigenwp.com\/ca\/wp-json\/wp\/v2\/media?parent=1912"}],"wp:term":[{"taxonomy":"category","embeddable":true,"href":"https:\/\/www.ametllerorigenwp.com\/ca\/wp-json\/wp\/v2\/categories?post=1912"},{"taxonomy":"post_tag","embeddable":true,"href":"https:\/\/www.ametllerorigenwp.com\/ca\/wp-json\/wp\/v2\/tags?post=1912"}],"curies":[{"name":"wp","href":"https:\/\/api.w.org\/{rel}","templated":true}]}}