{"id":1932,"date":"2021-05-13T09:58:00","date_gmt":"2021-05-13T09:58:00","guid":{"rendered":"https:\/\/www.ametllerorigenwp.com\/?p=1932"},"modified":"2021-05-13T14:27:11","modified_gmt":"2021-05-13T14:27:11","slug":"femcami-talks-la-relacio-entre-una-vida-saludable-i-la-prevencio-de-malalties-a-debat","status":"publish","type":"post","link":"https:\/\/www.ametllerorigenwp.com\/ca\/femcami-talks-la-relacio-entre-una-vida-saludable-i-la-prevencio-de-malalties-a-debat\/","title":{"rendered":"FemCam\u00ed Talks: la relaci\u00f3 entre una vida saludable i la prevenci\u00f3 de malalties, a debat"},"content":{"rendered":"\n<p>Sabies que <strong>un 40% dels c\u00e0ncers es podrien evitar amb h\u00e0bits de vida m\u00e9s saludables i que 2,8 milions de persones moren cada any a causa de l\u2019obesitat i el sobrep\u00e8s i 1,7 milions de persones a causa d\u2019un consum insuficient de fruites i verdures?<\/strong><\/p>\n\n\n\n<p><strong>El pr\u00f2xim dimarts 18 de maig, a les 19.00 h, a CASA SEAT<\/strong> (Passeig de Gr\u00e0cia, 109) <strong>abordarem la import\u00e0ncia d\u2019una vida saludable en la prevenci\u00f3 de malalties<\/strong> amb la directora del Departament de Salut P\u00fablica, Medi Ambient i Determinants Socials de la Salut de l\u2019Organitzaci\u00f3 Mundial de la Salut, la <strong>Dra. Mar\u00eda Neira<\/strong>, el cap del Servei d\u2019Oncologia M\u00e8dica de l\u2019Hospital Vall d\u2019Hebron de Barcelona, director del Vall d\u2019Hebron Institut d\u2019Oncologia (VHIO) i Responsable de la Unitat de Recerca de Ter\u00e0pia Molecular del C\u00e0ncer (UITM), el <strong>Dr. Josep Tabernero<\/strong>, la Llicenciada en Farm\u00e0cia, M\u00e0ster en Nutrici\u00f3 Humana i Qualitat dels Aliments i coordinadora del consell assessor de nutrici\u00f3 i salut d\u2019Ametller Origen, la <strong>Dra. Eul\u00e0lia Vidal<\/strong>, la Directora t\u00e8cnica de l\u00b4\u00c0rea Social i Divulgaci\u00f3 d&#8217;Alzheimer de la Fundaci\u00f3 Pasqual Maragall, la <strong>Dra. Nina Gramunt<\/strong> i l\u2019autora del llibre \u201cMi vida con el bicho: superar el c\u00e0ncer de mama\u201d, <strong>Steffi Mallebrien<\/strong>. L\u2019acte estar\u00e0 condu\u00eft per la periodista M\u00f2nica Terribas.<\/p>\n\n\n\n<p>Si vols assistir-hi presencialment, pots <strong>reserva la teva entrada <a href=\"https:\/\/www.casa.seat\/ca\/agenda\/fem-cami-talks-dieta-mediterrania-i-alimentacio-saludable.html?utm_source=app&amp;utm_medium=appcat&amp;utm_campaign=org\" target=\"_blank\" rel=\"noreferrer noopener\">aqu\u00ed<\/a><\/strong>. Tamb\u00e9 podr\u00e0s seguir l\u2019acte <strong>en streaming <a href=\"https:\/\/www.casa.seat\/ca\/agenda\/fem-cami-talks-dieta-mediterrania-i-alimentacio-saludable.html?utm_source=app&amp;utm_medium=appcat&amp;utm_campaign=org\" target=\"_blank\" rel=\"noreferrer noopener\">aqu\u00ed<\/a><\/strong>!<\/p>\n\n\n\n<p><strong>Fem Cam\u00ed Talks<\/strong> \u00e9s el cicle de xerrades, que s\u2019emmarca en el moviment #FemCam\u00ed, amb el qual volem sacsejar consci\u00e8ncies i crear debat sobre temes d\u2019actualitat relacionats amb la sostenibilitat i l\u2019alimentaci\u00f3 saludable. Fem Cam\u00ed cap al m\u00f3n on vols viure!<\/p>\n","protected":false},"excerpt":{"rendered":"<p>Sabies que un 40% dels c\u00e0ncers es podrien evitar amb h\u00e0bits de vida m\u00e9s saludables i que 2,8 milions de persones moren cada any a causa de l\u2019obesitat i el sobrep\u00e8s i 1,7 milions de persones a causa d\u2019un consum insuficient de fruites i verdures? El pr\u00f2xim dimarts 18 de maig, a les 19.00 h, &hellip; <a href=\"https:\/\/www.ametllerorigenwp.com\/ca\/femcami-talks-la-relacio-entre-una-vida-saludable-i-la-prevencio-de-malalties-a-debat\/\" class=\"more-link\">Continua llegint <span class=\"screen-reader-text\">\u00abFemCam\u00ed Talks: la relaci\u00f3 entre una vida saludable i la prevenci\u00f3 de malalties, a debat\u00bb<\/span><\/a><\/p>\n","protected":false},"author":4,"featured_media":1678,"comment_status":"open","ping_status":"open","sticky":false,"template":"","format":"standard","meta":{"_uag_custom_page_level_css":"","advgb_blocks_editor_width":"","advgb_blocks_columns_visual_guide":"","footnotes":""},"categories":[2],"tags":[],"class_list":["post-1932","post","type-post","status-publish","format-standard","has-post-thumbnail","hentry","category-noticies"],"author_meta":{"display_name":"Pol Alberdola","author_link":"https:\/\/www.ametllerorigenwp.com\/ca\/author\/palberola\/"},"featured_img":"https:\/\/www.ametllerorigenwp.com\/wp-content\/uploads\/2021\/04\/app-talks-1-300x111.jpg","uagb_featured_image_src":{"full":["https:\/\/www.ametllerorigenwp.com\/wp-content\/uploads\/2021\/04\/app-talks-1.jpg",1000,370,false],"thumbnail":["https:\/\/www.ametllerorigenwp.com\/wp-content\/uploads\/2021\/04\/app-talks-1-150x150.jpg",150,150,true],"medium":["https:\/\/www.ametllerorigenwp.com\/wp-content\/uploads\/2021\/04\/app-talks-1-300x111.jpg",300,111,true],"medium_large":["https:\/\/www.ametllerorigenwp.com\/wp-content\/uploads\/2021\/04\/app-talks-1-768x284.jpg",768,284,true],"large":["https:\/\/www.ametllerorigenwp.com\/wp-content\/uploads\/2021\/04\/app-talks-1.jpg",840,311,false],"1536x1536":["https:\/\/www.ametllerorigenwp.com\/wp-content\/uploads\/2021\/04\/app-talks-1.jpg",1000,370,false],"2048x2048":["https:\/\/www.ametllerorigenwp.com\/wp-content\/uploads\/2021\/04\/app-talks-1.jpg",1000,370,false],"post-thumbnail":["https:\/\/www.ametllerorigenwp.com\/wp-content\/uploads\/2021\/04\/app-talks-1.jpg",1000,370,false]},"uagb_author_info":{"display_name":"Pol Alberdola","author_link":"https:\/\/www.ametllerorigenwp.com\/ca\/author\/palberola\/"},"uagb_comment_info":0,"uagb_excerpt":"Sabies que un 40% dels c\u00e0ncers es podrien evitar amb h\u00e0bits de vida m\u00e9s saludables i que 2,8 milions de persones moren cada any a causa de l\u2019obesitat i el sobrep\u00e8s i 1,7 milions de persones a causa d\u2019un consum insuficient de fruites i verdures? El pr\u00f2xim dimarts 18 de maig, a les 19.00 h,&hellip;","coauthors":[],"tax_additional":{"categories":{"linked":["<a href=\"https:\/\/www.ametllerorigenwp.com\/ca\/category\/noticies\/\" class=\"advgb-post-tax-term\">Noticies<\/a>"],"unlinked":["<span class=\"advgb-post-tax-term\">Noticies<\/span>"]}},"comment_count":"0","relative_dates":{"created":"Posted 5 anys ago","modified":"Updated 5 anys ago"},"absolute_dates":{"created":"Posted on 13 de maig de 2021","modified":"Updated on 13 de maig de 2021"},"absolute_dates_time":{"created":"Posted on 13 de maig de 2021 09:58","modified":"Updated on 13 de maig de 2021 14:27"},"featured_img_caption":"","series_order":"","show_in_app":true,"fecha_inicio_destacado":null,"hora_inicio_visualizacion":null,"minutos_inicio_visualizacion":null,"fecha_final_destacado":null,"hora_final_visualizacion":null,"minutos_final_visualizacion":null,"posicion_visualizacion":null,"estado_destacado":null,"niveles_destacados":null,"url_del_enlace":null,"banner_destacado":null,"posicion_visualizacion_de_la_noticia":null,"estado_noticia":null,"fecha_de_inicio_de_visualizacion_del_tutorial":null,"hora_inicio_visualizacion_tutorial":null,"minutos_inicio_visualizacion_tutorial":null,"fecha_de_final_de_visualizacion_del_tutorial":null,"hora_final_visualizacion_tutorial":null,"minutos_final_visualizacion_tutorial":null,"numero_de_veces_visto":null,"numero_de_veces_total":null,"niveles_tutorial":null,"tutorial_recursos_castellano":null,"tutorial_recursos_catalan":null,"dias_disponibles":null,"dias_de_la_semana":null,"dias_del_mes":null,"other_lang_post_id":null,"lang":"ca","campanya_descripcion":null,"campanya_fecha_inicio":null,"campanya_fecha_fin":null,"campanya_legales":null,"campanya_imagen":null,"campanya_characteristics":null,"campanya_url":null,"campanya_posicion_visualizacion":null,"campanya_estado":null,"_links":{"self":[{"href":"https:\/\/www.ametllerorigenwp.com\/ca\/wp-json\/wp\/v2\/posts\/1932","targetHints":{"allow":["GET"]}}],"collection":[{"href":"https:\/\/www.ametllerorigenwp.com\/ca\/wp-json\/wp\/v2\/posts"}],"about":[{"href":"https:\/\/www.ametllerorigenwp.com\/ca\/wp-json\/wp\/v2\/types\/post"}],"author":[{"embeddable":true,"href":"https:\/\/www.ametllerorigenwp.com\/ca\/wp-json\/wp\/v2\/users\/4"}],"replies":[{"embeddable":true,"href":"https:\/\/www.ametllerorigenwp.com\/ca\/wp-json\/wp\/v2\/comments?post=1932"}],"version-history":[{"count":6,"href":"https:\/\/www.ametllerorigenwp.com\/ca\/wp-json\/wp\/v2\/posts\/1932\/revisions"}],"predecessor-version":[{"id":1981,"href":"https:\/\/www.ametllerorigenwp.com\/ca\/wp-json\/wp\/v2\/posts\/1932\/revisions\/1981"}],"wp:featuredmedia":[{"embeddable":true,"href":"https:\/\/www.ametllerorigenwp.com\/ca\/wp-json\/wp\/v2\/media\/1678"}],"wp:attachment":[{"href":"https:\/\/www.ametllerorigenwp.com\/ca\/wp-json\/wp\/v2\/media?parent=1932"}],"wp:term":[{"taxonomy":"category","embeddable":true,"href":"https:\/\/www.ametllerorigenwp.com\/ca\/wp-json\/wp\/v2\/categories?post=1932"},{"taxonomy":"post_tag","embeddable":true,"href":"https:\/\/www.ametllerorigenwp.com\/ca\/wp-json\/wp\/v2\/tags?post=1932"}],"curies":[{"name":"wp","href":"https:\/\/api.w.org\/{rel}","templated":true}]}}