{"id":2060,"date":"2021-05-18T13:54:13","date_gmt":"2021-05-18T13:54:13","guid":{"rendered":"https:\/\/www.ametllerorigenwp.com\/?p=2060"},"modified":"2021-05-18T15:54:47","modified_gmt":"2021-05-18T15:54:47","slug":"resol-en-directe-tots-els-teus-dubtes-dalimentacio-saludable","status":"publish","type":"post","link":"https:\/\/www.ametllerorigenwp.com\/ca\/resol-en-directe-tots-els-teus-dubtes-dalimentacio-saludable\/","title":{"rendered":"Resol en directe tots els teus dubtes d\u2019alimentaci\u00f3 saludable!"},"content":{"rendered":"\n<p>Quins aliments contenen m\u00e9s fibra? Menjar fruita despr\u00e9s d\u2019un \u00e0pat engreixa? Segur que m\u00e9s d\u2019una vegada, t\u2019has plantejat alguna d\u2019aquestes q\u00fcestions. Ara \u00e9s el moment de resoldre els teus dubtes!<\/p>\n\n\n\n<p><strong>Aquest dijous, a les 19:00 h, tens una cita al nostre <a href=\"https:\/\/www.instagram.com\/ametllerorigen\/?utm_source=app&amp;utm_medium=appcat&amp;utm_campaign=org\" target=\"_blank\" rel=\"noreferrer noopener\">perfil d\u2019Instagram<\/a><\/strong> amb la nostra experta en nutrici\u00f3, la <strong>Dra. Eul\u00e0lia Vidal. <\/strong>Una oportunitat \u00fanica perqu\u00e8 puguis preguntar-li en directe tots el dubtes que tinguis sobre alimentaci\u00f3 saludable. T\u2019hi esperem!<\/p>\n\n\n\n<p>Una iniciativa impulsada, en el marc del moviment FemCam\u00ed, per promoure uns h\u00e0bits de vida m\u00e9s saludables i sostenibles.<\/p>\n","protected":false},"excerpt":{"rendered":"<p>Quins aliments contenen m\u00e9s fibra? Menjar fruita despr\u00e9s d\u2019un \u00e0pat engreixa? Segur que m\u00e9s d\u2019una vegada, t\u2019has plantejat alguna d\u2019aquestes q\u00fcestions. Ara \u00e9s el moment de resoldre els teus dubtes! Aquest dijous, a les 19:00 h, tens una cita al nostre perfil d\u2019Instagram amb la nostra experta en nutrici\u00f3, la Dra. Eul\u00e0lia Vidal. Una oportunitat &hellip; <a href=\"https:\/\/www.ametllerorigenwp.com\/ca\/resol-en-directe-tots-els-teus-dubtes-dalimentacio-saludable\/\" class=\"more-link\">Continua llegint <span class=\"screen-reader-text\">\u00abResol en directe tots els teus dubtes d\u2019alimentaci\u00f3 saludable!\u00bb<\/span><\/a><\/p>\n","protected":false},"author":5,"featured_media":2056,"comment_status":"open","ping_status":"open","sticky":false,"template":"","format":"standard","meta":{"_uag_custom_page_level_css":"","advgb_blocks_editor_width":"","advgb_blocks_columns_visual_guide":"","footnotes":""},"categories":[2],"tags":[],"class_list":["post-2060","post","type-post","status-publish","format-standard","has-post-thumbnail","hentry","category-noticies"],"author_meta":{"display_name":"Mireia Zaragoza","author_link":"https:\/\/www.ametllerorigenwp.com\/ca\/author\/mzaragoza\/"},"featured_img":"https:\/\/www.ametllerorigenwp.com\/wp-content\/uploads\/2021\/05\/Consultoria-300x102.jpg","uagb_featured_image_src":{"full":["https:\/\/www.ametllerorigenwp.com\/wp-content\/uploads\/2021\/05\/Consultoria.jpg",1000,340,false],"thumbnail":["https:\/\/www.ametllerorigenwp.com\/wp-content\/uploads\/2021\/05\/Consultoria-150x150.jpg",150,150,true],"medium":["https:\/\/www.ametllerorigenwp.com\/wp-content\/uploads\/2021\/05\/Consultoria-300x102.jpg",300,102,true],"medium_large":["https:\/\/www.ametllerorigenwp.com\/wp-content\/uploads\/2021\/05\/Consultoria-768x261.jpg",768,261,true],"large":["https:\/\/www.ametllerorigenwp.com\/wp-content\/uploads\/2021\/05\/Consultoria.jpg",840,286,false],"1536x1536":["https:\/\/www.ametllerorigenwp.com\/wp-content\/uploads\/2021\/05\/Consultoria.jpg",1000,340,false],"2048x2048":["https:\/\/www.ametllerorigenwp.com\/wp-content\/uploads\/2021\/05\/Consultoria.jpg",1000,340,false],"post-thumbnail":["https:\/\/www.ametllerorigenwp.com\/wp-content\/uploads\/2021\/05\/Consultoria.jpg",1000,340,false]},"uagb_author_info":{"display_name":"Mireia Zaragoza","author_link":"https:\/\/www.ametllerorigenwp.com\/ca\/author\/mzaragoza\/"},"uagb_comment_info":0,"uagb_excerpt":"Quins aliments contenen m\u00e9s fibra? Menjar fruita despr\u00e9s d\u2019un \u00e0pat engreixa? Segur que m\u00e9s d\u2019una vegada, t\u2019has plantejat alguna d\u2019aquestes q\u00fcestions. Ara \u00e9s el moment de resoldre els teus dubtes! Aquest dijous, a les 19:00 h, tens una cita al nostre perfil d\u2019Instagram amb la nostra experta en nutrici\u00f3, la Dra. Eul\u00e0lia Vidal. Una oportunitat&hellip;","coauthors":[],"tax_additional":{"categories":{"linked":["<a href=\"https:\/\/www.ametllerorigenwp.com\/ca\/category\/noticies\/\" class=\"advgb-post-tax-term\">Noticies<\/a>"],"unlinked":["<span class=\"advgb-post-tax-term\">Noticies<\/span>"]}},"comment_count":"0","relative_dates":{"created":"Posted 5 anys ago","modified":"Updated 5 anys ago"},"absolute_dates":{"created":"Posted on 18 de maig de 2021","modified":"Updated on 18 de maig de 2021"},"absolute_dates_time":{"created":"Posted on 18 de maig de 2021 13:54","modified":"Updated on 18 de maig de 2021 15:54"},"featured_img_caption":"","series_order":"","show_in_app":true,"fecha_inicio_destacado":null,"hora_inicio_visualizacion":null,"minutos_inicio_visualizacion":null,"fecha_final_destacado":null,"hora_final_visualizacion":null,"minutos_final_visualizacion":null,"posicion_visualizacion":null,"estado_destacado":null,"niveles_destacados":null,"url_del_enlace":null,"banner_destacado":null,"posicion_visualizacion_de_la_noticia":null,"estado_noticia":null,"fecha_de_inicio_de_visualizacion_del_tutorial":null,"hora_inicio_visualizacion_tutorial":null,"minutos_inicio_visualizacion_tutorial":null,"fecha_de_final_de_visualizacion_del_tutorial":null,"hora_final_visualizacion_tutorial":null,"minutos_final_visualizacion_tutorial":null,"numero_de_veces_visto":null,"numero_de_veces_total":null,"niveles_tutorial":null,"tutorial_recursos_castellano":null,"tutorial_recursos_catalan":null,"dias_disponibles":null,"dias_de_la_semana":null,"dias_del_mes":null,"other_lang_post_id":null,"lang":"ca","campanya_descripcion":null,"campanya_fecha_inicio":null,"campanya_fecha_fin":null,"campanya_legales":null,"campanya_imagen":null,"campanya_characteristics":null,"campanya_url":null,"campanya_posicion_visualizacion":null,"campanya_estado":null,"_links":{"self":[{"href":"https:\/\/www.ametllerorigenwp.com\/ca\/wp-json\/wp\/v2\/posts\/2060","targetHints":{"allow":["GET"]}}],"collection":[{"href":"https:\/\/www.ametllerorigenwp.com\/ca\/wp-json\/wp\/v2\/posts"}],"about":[{"href":"https:\/\/www.ametllerorigenwp.com\/ca\/wp-json\/wp\/v2\/types\/post"}],"author":[{"embeddable":true,"href":"https:\/\/www.ametllerorigenwp.com\/ca\/wp-json\/wp\/v2\/users\/5"}],"replies":[{"embeddable":true,"href":"https:\/\/www.ametllerorigenwp.com\/ca\/wp-json\/wp\/v2\/comments?post=2060"}],"version-history":[{"count":3,"href":"https:\/\/www.ametllerorigenwp.com\/ca\/wp-json\/wp\/v2\/posts\/2060\/revisions"}],"predecessor-version":[{"id":2067,"href":"https:\/\/www.ametllerorigenwp.com\/ca\/wp-json\/wp\/v2\/posts\/2060\/revisions\/2067"}],"wp:featuredmedia":[{"embeddable":true,"href":"https:\/\/www.ametllerorigenwp.com\/ca\/wp-json\/wp\/v2\/media\/2056"}],"wp:attachment":[{"href":"https:\/\/www.ametllerorigenwp.com\/ca\/wp-json\/wp\/v2\/media?parent=2060"}],"wp:term":[{"taxonomy":"category","embeddable":true,"href":"https:\/\/www.ametllerorigenwp.com\/ca\/wp-json\/wp\/v2\/categories?post=2060"},{"taxonomy":"post_tag","embeddable":true,"href":"https:\/\/www.ametllerorigenwp.com\/ca\/wp-json\/wp\/v2\/tags?post=2060"}],"curies":[{"name":"wp","href":"https:\/\/api.w.org\/{rel}","templated":true}]}}