{"id":2118,"date":"2021-05-23T10:39:00","date_gmt":"2021-05-23T10:39:00","guid":{"rendered":"https:\/\/www.ametllerorigenwp.com\/?p=2118"},"modified":"2021-05-21T16:12:55","modified_gmt":"2021-05-21T16:12:55","slug":"collaborem-amb-la-fundacio-fero-per-impulsar-la-recerca-contra-el-cancer","status":"publish","type":"post","link":"https:\/\/www.ametllerorigenwp.com\/ca\/collaborem-amb-la-fundacio-fero-per-impulsar-la-recerca-contra-el-cancer\/","title":{"rendered":"Col\u00b7laborem amb la Fundaci\u00f3 Fero per impulsar la recerca contra el c\u00e0ncer"},"content":{"rendered":"\n<p>A partir d\u2019avui, i fins al diumenge 30 de maig, <strong>posem en marxa una acci\u00f3 solid\u00e0ria amb la Fundaci\u00f3 Fero per donar suport a la recerca contra el c\u00e0ncer. Destinarem 1\u20ac per cada gaspatxo suau de format 1L que venguem durant tota aquesta setmana!<\/strong><\/p>\n\n\n\n<p>Si hi vols col\u00b7laborar, ho pots fer comprant una ampolla de gaspatxo a les nostres botigues f\u00edsiques o a la <a href=\"https:\/\/www.ametllerorigen.com\/ca\/gaspatxo-suau-ao-1l\/p?utm_source=app&amp;utm_medium=appcat&amp;utm_campaign=org\" target=\"_blank\" rel=\"noreferrer noopener\">botiga online<\/a>.<\/p>\n\n\n\n<p>Tanmateix, <strong>dem\u00e0 a les 19 h oferirem una xerrada amb la Fundaci\u00f3 Fero sobre \u2018L\u2019estil de vida com a arma de prevenci\u00f3\u2019<\/strong>. Una sessi\u00f3 on parlarem sobre aquells h\u00e0bits ens ajuden a reduir el risc de patir c\u00e0ncer. Pots seguir-ho <a href=\"https:\/\/www.femcami.org\/ca\/esdeveniment\/apren-a-cuidar-la-teva-salut-digestiva-amb-la-fundacio-fero\/?utm_source=app&amp;utm_medium=appcat&amp;utm_campaign=org\" target=\"_blank\" rel=\"noreferrer noopener\">aqu\u00ed<\/a>. &nbsp;<\/p>\n","protected":false},"excerpt":{"rendered":"<p>A partir d\u2019avui, i fins al diumenge 30 de maig, posem en marxa una acci\u00f3 solid\u00e0ria amb la Fundaci\u00f3 Fero per donar suport a la recerca contra el c\u00e0ncer. Destinarem 1\u20ac per cada gaspatxo suau de format 1L que venguem durant tota aquesta setmana! Si hi vols col\u00b7laborar, ho pots fer comprant una ampolla de &hellip; <a href=\"https:\/\/www.ametllerorigenwp.com\/ca\/collaborem-amb-la-fundacio-fero-per-impulsar-la-recerca-contra-el-cancer\/\" class=\"more-link\">Continua llegint <span class=\"screen-reader-text\">\u00abCol\u00b7laborem amb la Fundaci\u00f3 Fero per impulsar la recerca contra el c\u00e0ncer\u00bb<\/span><\/a><\/p>\n","protected":false},"author":5,"featured_media":2140,"comment_status":"open","ping_status":"open","sticky":false,"template":"","format":"standard","meta":{"_uag_custom_page_level_css":"","advgb_blocks_editor_width":"","advgb_blocks_columns_visual_guide":"","footnotes":""},"categories":[2],"tags":[],"class_list":["post-2118","post","type-post","status-publish","format-standard","has-post-thumbnail","hentry","category-noticies"],"author_meta":{"display_name":"Mireia Zaragoza","author_link":"https:\/\/www.ametllerorigenwp.com\/ca\/author\/mzaragoza\/"},"featured_img":"https:\/\/www.ametllerorigenwp.com\/wp-content\/uploads\/2021\/05\/App_gaspatxo_FERO2-copia-300x102.jpg","uagb_featured_image_src":{"full":["https:\/\/www.ametllerorigenwp.com\/wp-content\/uploads\/2021\/05\/App_gaspatxo_FERO2-copia.jpg",1000,340,false],"thumbnail":["https:\/\/www.ametllerorigenwp.com\/wp-content\/uploads\/2021\/05\/App_gaspatxo_FERO2-copia-150x150.jpg",150,150,true],"medium":["https:\/\/www.ametllerorigenwp.com\/wp-content\/uploads\/2021\/05\/App_gaspatxo_FERO2-copia-300x102.jpg",300,102,true],"medium_large":["https:\/\/www.ametllerorigenwp.com\/wp-content\/uploads\/2021\/05\/App_gaspatxo_FERO2-copia-768x261.jpg",768,261,true],"large":["https:\/\/www.ametllerorigenwp.com\/wp-content\/uploads\/2021\/05\/App_gaspatxo_FERO2-copia.jpg",840,286,false],"1536x1536":["https:\/\/www.ametllerorigenwp.com\/wp-content\/uploads\/2021\/05\/App_gaspatxo_FERO2-copia.jpg",1000,340,false],"2048x2048":["https:\/\/www.ametllerorigenwp.com\/wp-content\/uploads\/2021\/05\/App_gaspatxo_FERO2-copia.jpg",1000,340,false],"post-thumbnail":["https:\/\/www.ametllerorigenwp.com\/wp-content\/uploads\/2021\/05\/App_gaspatxo_FERO2-copia.jpg",1000,340,false]},"uagb_author_info":{"display_name":"Mireia Zaragoza","author_link":"https:\/\/www.ametllerorigenwp.com\/ca\/author\/mzaragoza\/"},"uagb_comment_info":0,"uagb_excerpt":"A partir d\u2019avui, i fins al diumenge 30 de maig, posem en marxa una acci\u00f3 solid\u00e0ria amb la Fundaci\u00f3 Fero per donar suport a la recerca contra el c\u00e0ncer. Destinarem 1\u20ac per cada gaspatxo suau de format 1L que venguem durant tota aquesta setmana! Si hi vols col\u00b7laborar, ho pots fer comprant una ampolla de&hellip;","coauthors":[],"tax_additional":{"categories":{"linked":["<a href=\"https:\/\/www.ametllerorigenwp.com\/ca\/category\/noticies\/\" class=\"advgb-post-tax-term\">Noticies<\/a>"],"unlinked":["<span class=\"advgb-post-tax-term\">Noticies<\/span>"]}},"comment_count":"0","relative_dates":{"created":"Posted 5 anys ago","modified":"Updated 5 anys ago"},"absolute_dates":{"created":"Posted on 23 de maig de 2021","modified":"Updated on 21 de maig de 2021"},"absolute_dates_time":{"created":"Posted on 23 de maig de 2021 10:39","modified":"Updated on 21 de maig de 2021 16:12"},"featured_img_caption":"","series_order":"","show_in_app":true,"fecha_inicio_destacado":null,"hora_inicio_visualizacion":null,"minutos_inicio_visualizacion":null,"fecha_final_destacado":null,"hora_final_visualizacion":null,"minutos_final_visualizacion":null,"posicion_visualizacion":null,"estado_destacado":null,"niveles_destacados":null,"url_del_enlace":null,"banner_destacado":null,"posicion_visualizacion_de_la_noticia":null,"estado_noticia":null,"fecha_de_inicio_de_visualizacion_del_tutorial":null,"hora_inicio_visualizacion_tutorial":null,"minutos_inicio_visualizacion_tutorial":null,"fecha_de_final_de_visualizacion_del_tutorial":null,"hora_final_visualizacion_tutorial":null,"minutos_final_visualizacion_tutorial":null,"numero_de_veces_visto":null,"numero_de_veces_total":null,"niveles_tutorial":null,"tutorial_recursos_castellano":null,"tutorial_recursos_catalan":null,"dias_disponibles":null,"dias_de_la_semana":null,"dias_del_mes":null,"other_lang_post_id":null,"lang":"ca","campanya_descripcion":null,"campanya_fecha_inicio":null,"campanya_fecha_fin":null,"campanya_legales":null,"campanya_imagen":null,"campanya_characteristics":null,"campanya_url":null,"campanya_posicion_visualizacion":null,"campanya_estado":null,"_links":{"self":[{"href":"https:\/\/www.ametllerorigenwp.com\/ca\/wp-json\/wp\/v2\/posts\/2118","targetHints":{"allow":["GET"]}}],"collection":[{"href":"https:\/\/www.ametllerorigenwp.com\/ca\/wp-json\/wp\/v2\/posts"}],"about":[{"href":"https:\/\/www.ametllerorigenwp.com\/ca\/wp-json\/wp\/v2\/types\/post"}],"author":[{"embeddable":true,"href":"https:\/\/www.ametllerorigenwp.com\/ca\/wp-json\/wp\/v2\/users\/5"}],"replies":[{"embeddable":true,"href":"https:\/\/www.ametllerorigenwp.com\/ca\/wp-json\/wp\/v2\/comments?post=2118"}],"version-history":[{"count":3,"href":"https:\/\/www.ametllerorigenwp.com\/ca\/wp-json\/wp\/v2\/posts\/2118\/revisions"}],"predecessor-version":[{"id":2128,"href":"https:\/\/www.ametllerorigenwp.com\/ca\/wp-json\/wp\/v2\/posts\/2118\/revisions\/2128"}],"wp:featuredmedia":[{"embeddable":true,"href":"https:\/\/www.ametllerorigenwp.com\/ca\/wp-json\/wp\/v2\/media\/2140"}],"wp:attachment":[{"href":"https:\/\/www.ametllerorigenwp.com\/ca\/wp-json\/wp\/v2\/media?parent=2118"}],"wp:term":[{"taxonomy":"category","embeddable":true,"href":"https:\/\/www.ametllerorigenwp.com\/ca\/wp-json\/wp\/v2\/categories?post=2118"},{"taxonomy":"post_tag","embeddable":true,"href":"https:\/\/www.ametllerorigenwp.com\/ca\/wp-json\/wp\/v2\/tags?post=2118"}],"curies":[{"name":"wp","href":"https:\/\/api.w.org\/{rel}","templated":true}]}}