{"id":2313,"date":"2021-06-01T14:37:24","date_gmt":"2021-06-01T14:37:24","guid":{"rendered":"https:\/\/www.ametllerorigenwp.com\/?p=2313"},"modified":"2021-06-01T14:38:49","modified_gmt":"2021-06-01T14:38:49","slug":"quines-receptes-puc-preparar-amb-albercocs","status":"publish","type":"post","link":"https:\/\/www.ametllerorigenwp.com\/ca\/quines-receptes-puc-preparar-amb-albercocs\/","title":{"rendered":"Quines receptes puc preparar amb albercocs?"},"content":{"rendered":"\n<p>Dol\u00e7os, sucosos, saboros\u00edssims i vers\u00e0tils! Els albercocs s\u00f3n una de les fruites indispensables ara que arriba la calor. M\u00e9s enll\u00e0 de menjar-los sols a mig mat\u00ed, com a postres despr\u00e9s de dinar o sopar o b\u00e9 per berenar, els albercocs s\u00f3n <strong>ideals per acompanyar una bona amanida o b\u00e9 per confitar-los i preparar unes delicioses postres o una melmelada casolana.<\/strong><\/p>\n\n\n\n<p>Est\u00e0s preparat per descobrir noves maneres de gaudir d\u2019aquesta fruita dol\u00e7a? El Cintet t\u2019ensenya en aquest <strong><a href=\"https:\/\/www.instagram.com\/p\/CPjDt4LhmZp\/?utm_source=app&amp;utm_medium=appcat&amp;utm_campaign=org\" target=\"_blank\" rel=\"noreferrer noopener\">v\u00eddeo<\/a> tres receptes ben senzilles<\/strong> per preparar amb albercocs: <strong>una amanida d\u2019albercocs a la planxa amb pernil salat i mozzarella, unes postres per llepar-se\u2019n els dits amb albercocs al rooibos amb mel i mascarpone i una melmelada d\u2019albercocs casolana!<\/strong><\/p>\n","protected":false},"excerpt":{"rendered":"<p>Dol\u00e7os, sucosos, saboros\u00edssims i vers\u00e0tils! Els albercocs s\u00f3n una de les fruites indispensables ara que arriba la calor. M\u00e9s enll\u00e0 de menjar-los sols a mig mat\u00ed, com a postres despr\u00e9s de dinar o sopar o b\u00e9 per berenar, els albercocs s\u00f3n ideals per acompanyar una bona amanida o b\u00e9 per confitar-los i preparar unes delicioses &hellip; <a href=\"https:\/\/www.ametllerorigenwp.com\/ca\/quines-receptes-puc-preparar-amb-albercocs\/\" class=\"more-link\">Continua llegint <span class=\"screen-reader-text\">\u00abQuines receptes puc preparar amb albercocs?\u00bb<\/span><\/a><\/p>\n","protected":false},"author":5,"featured_media":2316,"comment_status":"open","ping_status":"open","sticky":false,"template":"","format":"standard","meta":{"_uag_custom_page_level_css":"","advgb_blocks_editor_width":"","advgb_blocks_columns_visual_guide":"","footnotes":""},"categories":[2],"tags":[],"class_list":["post-2313","post","type-post","status-publish","format-standard","has-post-thumbnail","hentry","category-noticies"],"author_meta":{"display_name":"Mireia Zaragoza","author_link":"https:\/\/www.ametllerorigenwp.com\/ca\/author\/mzaragoza\/"},"featured_img":"https:\/\/www.ametllerorigenwp.com\/wp-content\/uploads\/2021\/06\/albercocs-300x102.jpg","uagb_featured_image_src":{"full":["https:\/\/www.ametllerorigenwp.com\/wp-content\/uploads\/2021\/06\/albercocs.jpg",724,246,false],"thumbnail":["https:\/\/www.ametllerorigenwp.com\/wp-content\/uploads\/2021\/06\/albercocs-150x150.jpg",150,150,true],"medium":["https:\/\/www.ametllerorigenwp.com\/wp-content\/uploads\/2021\/06\/albercocs-300x102.jpg",300,102,true],"medium_large":["https:\/\/www.ametllerorigenwp.com\/wp-content\/uploads\/2021\/06\/albercocs.jpg",724,246,false],"large":["https:\/\/www.ametllerorigenwp.com\/wp-content\/uploads\/2021\/06\/albercocs.jpg",724,246,false],"1536x1536":["https:\/\/www.ametllerorigenwp.com\/wp-content\/uploads\/2021\/06\/albercocs.jpg",724,246,false],"2048x2048":["https:\/\/www.ametllerorigenwp.com\/wp-content\/uploads\/2021\/06\/albercocs.jpg",724,246,false],"post-thumbnail":["https:\/\/www.ametllerorigenwp.com\/wp-content\/uploads\/2021\/06\/albercocs.jpg",724,246,false]},"uagb_author_info":{"display_name":"Mireia Zaragoza","author_link":"https:\/\/www.ametllerorigenwp.com\/ca\/author\/mzaragoza\/"},"uagb_comment_info":0,"uagb_excerpt":"Dol\u00e7os, sucosos, saboros\u00edssims i vers\u00e0tils! Els albercocs s\u00f3n una de les fruites indispensables ara que arriba la calor. M\u00e9s enll\u00e0 de menjar-los sols a mig mat\u00ed, com a postres despr\u00e9s de dinar o sopar o b\u00e9 per berenar, els albercocs s\u00f3n ideals per acompanyar una bona amanida o b\u00e9 per confitar-los i preparar unes delicioses&hellip;","coauthors":[],"tax_additional":{"categories":{"linked":["<a href=\"https:\/\/www.ametllerorigenwp.com\/ca\/category\/noticies\/\" class=\"advgb-post-tax-term\">Noticies<\/a>"],"unlinked":["<span class=\"advgb-post-tax-term\">Noticies<\/span>"]}},"comment_count":"0","relative_dates":{"created":"Posted 5 anys ago","modified":"Updated 5 anys ago"},"absolute_dates":{"created":"Posted on 1 de juny de 2021","modified":"Updated on 1 de juny de 2021"},"absolute_dates_time":{"created":"Posted on 1 de juny de 2021 14:37","modified":"Updated on 1 de juny de 2021 14:38"},"featured_img_caption":"","series_order":"","show_in_app":true,"fecha_inicio_destacado":null,"hora_inicio_visualizacion":null,"minutos_inicio_visualizacion":null,"fecha_final_destacado":null,"hora_final_visualizacion":null,"minutos_final_visualizacion":null,"posicion_visualizacion":null,"estado_destacado":null,"niveles_destacados":null,"url_del_enlace":null,"banner_destacado":null,"posicion_visualizacion_de_la_noticia":null,"estado_noticia":null,"fecha_de_inicio_de_visualizacion_del_tutorial":null,"hora_inicio_visualizacion_tutorial":null,"minutos_inicio_visualizacion_tutorial":null,"fecha_de_final_de_visualizacion_del_tutorial":null,"hora_final_visualizacion_tutorial":null,"minutos_final_visualizacion_tutorial":null,"numero_de_veces_visto":null,"numero_de_veces_total":null,"niveles_tutorial":null,"tutorial_recursos_castellano":null,"tutorial_recursos_catalan":null,"dias_disponibles":null,"dias_de_la_semana":null,"dias_del_mes":null,"other_lang_post_id":null,"lang":"ca","campanya_descripcion":null,"campanya_fecha_inicio":null,"campanya_fecha_fin":null,"campanya_legales":null,"campanya_imagen":null,"campanya_characteristics":null,"campanya_url":null,"campanya_posicion_visualizacion":null,"campanya_estado":null,"_links":{"self":[{"href":"https:\/\/www.ametllerorigenwp.com\/ca\/wp-json\/wp\/v2\/posts\/2313","targetHints":{"allow":["GET"]}}],"collection":[{"href":"https:\/\/www.ametllerorigenwp.com\/ca\/wp-json\/wp\/v2\/posts"}],"about":[{"href":"https:\/\/www.ametllerorigenwp.com\/ca\/wp-json\/wp\/v2\/types\/post"}],"author":[{"embeddable":true,"href":"https:\/\/www.ametllerorigenwp.com\/ca\/wp-json\/wp\/v2\/users\/5"}],"replies":[{"embeddable":true,"href":"https:\/\/www.ametllerorigenwp.com\/ca\/wp-json\/wp\/v2\/comments?post=2313"}],"version-history":[{"count":1,"href":"https:\/\/www.ametllerorigenwp.com\/ca\/wp-json\/wp\/v2\/posts\/2313\/revisions"}],"predecessor-version":[{"id":2318,"href":"https:\/\/www.ametllerorigenwp.com\/ca\/wp-json\/wp\/v2\/posts\/2313\/revisions\/2318"}],"wp:featuredmedia":[{"embeddable":true,"href":"https:\/\/www.ametllerorigenwp.com\/ca\/wp-json\/wp\/v2\/media\/2316"}],"wp:attachment":[{"href":"https:\/\/www.ametllerorigenwp.com\/ca\/wp-json\/wp\/v2\/media?parent=2313"}],"wp:term":[{"taxonomy":"category","embeddable":true,"href":"https:\/\/www.ametllerorigenwp.com\/ca\/wp-json\/wp\/v2\/categories?post=2313"},{"taxonomy":"post_tag","embeddable":true,"href":"https:\/\/www.ametllerorigenwp.com\/ca\/wp-json\/wp\/v2\/tags?post=2313"}],"curies":[{"name":"wp","href":"https:\/\/api.w.org\/{rel}","templated":true}]}}