{"id":2363,"date":"2021-06-04T15:05:42","date_gmt":"2021-06-04T15:05:42","guid":{"rendered":"https:\/\/www.ametllerorigenwp.com\/?p=2363"},"modified":"2021-06-04T16:47:43","modified_gmt":"2021-06-04T16:47:43","slug":"dia-mundial-del-medi-ambient-fem-cami-cap-a-la-neutralitat-demissions-lany-2027","status":"publish","type":"post","link":"https:\/\/www.ametllerorigenwp.com\/ca\/dia-mundial-del-medi-ambient-fem-cami-cap-a-la-neutralitat-demissions-lany-2027\/","title":{"rendered":"Dia Mundial del Medi Ambient: fem cam\u00ed cap a la neutralitat d\u2019emissions l\u2019any 2027"},"content":{"rendered":"\n<p>Avui es commemora <strong>el Dia Mundial del Medi Ambient<\/strong>, una data per fomentar la sensibilitzaci\u00f3 i l\u2019acci\u00f3 a nivell mundial per a la protecci\u00f3 del medi ambient i dels ecosistemes. Des <strong>d\u2019Ametller Origen <a href=\"https:\/\/www.instagram.com\/ametllerorigen\/?utm_source=app&amp;utm_medium=appcat&amp;utm_campaign=org\" target=\"_blank\" rel=\"noreferrer noopener\">estem compromesos a reduir l\u2019impacte de la nostra activitat en el medi ambient<\/a><\/strong>, per aix\u00f2, estem fent cam\u00ed cap a la neutralitat d\u2019emissions de CO2 l\u2019any 2027, vint-i-tres anys abans dels objectius governamentals aprovats en l\u2019Acord de Par\u00eds.<\/p>\n\n\n\n<p>Tanmateix, en aquesta l\u00ednia, hem plantat ja m\u00e9s de 100 llavors que es corresponen a accions de millora en l\u2019\u00e0mbit de la sostenibilitat i seguim avan\u00e7ant junts cap al m\u00f3n on volem viure!<\/p>\n","protected":false},"excerpt":{"rendered":"<p>Avui es commemora el Dia Mundial del Medi Ambient, una data per fomentar la sensibilitzaci\u00f3 i l\u2019acci\u00f3 a nivell mundial per a la protecci\u00f3 del medi ambient i dels ecosistemes. Des d\u2019Ametller Origen estem compromesos a reduir l\u2019impacte de la nostra activitat en el medi ambient, per aix\u00f2, estem fent cam\u00ed cap a la neutralitat &hellip; <a href=\"https:\/\/www.ametllerorigenwp.com\/ca\/dia-mundial-del-medi-ambient-fem-cami-cap-a-la-neutralitat-demissions-lany-2027\/\" class=\"more-link\">Continua llegint <span class=\"screen-reader-text\">\u00abDia Mundial del Medi Ambient: fem cam\u00ed cap a la neutralitat d\u2019emissions l\u2019any 2027\u00bb<\/span><\/a><\/p>\n","protected":false},"author":5,"featured_media":2378,"comment_status":"open","ping_status":"open","sticky":false,"template":"","format":"standard","meta":{"_uag_custom_page_level_css":"","advgb_blocks_editor_width":"","advgb_blocks_columns_visual_guide":"","footnotes":""},"categories":[2],"tags":[],"class_list":["post-2363","post","type-post","status-publish","format-standard","has-post-thumbnail","hentry","category-noticies"],"author_meta":{"display_name":"Mireia Zaragoza","author_link":"https:\/\/www.ametllerorigenwp.com\/ca\/author\/mzaragoza\/"},"featured_img":"https:\/\/www.ametllerorigenwp.com\/wp-content\/uploads\/2021\/06\/IM00-300x102.jpg","uagb_featured_image_src":{"full":["https:\/\/www.ametllerorigenwp.com\/wp-content\/uploads\/2021\/06\/IM00.jpg",1000,340,false],"thumbnail":["https:\/\/www.ametllerorigenwp.com\/wp-content\/uploads\/2021\/06\/IM00-150x150.jpg",150,150,true],"medium":["https:\/\/www.ametllerorigenwp.com\/wp-content\/uploads\/2021\/06\/IM00-300x102.jpg",300,102,true],"medium_large":["https:\/\/www.ametllerorigenwp.com\/wp-content\/uploads\/2021\/06\/IM00-768x261.jpg",768,261,true],"large":["https:\/\/www.ametllerorigenwp.com\/wp-content\/uploads\/2021\/06\/IM00.jpg",840,286,false],"1536x1536":["https:\/\/www.ametllerorigenwp.com\/wp-content\/uploads\/2021\/06\/IM00.jpg",1000,340,false],"2048x2048":["https:\/\/www.ametllerorigenwp.com\/wp-content\/uploads\/2021\/06\/IM00.jpg",1000,340,false],"post-thumbnail":["https:\/\/www.ametllerorigenwp.com\/wp-content\/uploads\/2021\/06\/IM00.jpg",1000,340,false]},"uagb_author_info":{"display_name":"Mireia Zaragoza","author_link":"https:\/\/www.ametllerorigenwp.com\/ca\/author\/mzaragoza\/"},"uagb_comment_info":0,"uagb_excerpt":"Avui es commemora el Dia Mundial del Medi Ambient, una data per fomentar la sensibilitzaci\u00f3 i l\u2019acci\u00f3 a nivell mundial per a la protecci\u00f3 del medi ambient i dels ecosistemes. Des d\u2019Ametller Origen estem compromesos a reduir l\u2019impacte de la nostra activitat en el medi ambient, per aix\u00f2, estem fent cam\u00ed cap a la neutralitat&hellip;","coauthors":[],"tax_additional":{"categories":{"linked":["<a href=\"https:\/\/www.ametllerorigenwp.com\/ca\/category\/noticies\/\" class=\"advgb-post-tax-term\">Noticies<\/a>"],"unlinked":["<span class=\"advgb-post-tax-term\">Noticies<\/span>"]}},"comment_count":"0","relative_dates":{"created":"Posted 5 anys ago","modified":"Updated 5 anys ago"},"absolute_dates":{"created":"Posted on 4 de juny de 2021","modified":"Updated on 4 de juny de 2021"},"absolute_dates_time":{"created":"Posted on 4 de juny de 2021 15:05","modified":"Updated on 4 de juny de 2021 16:47"},"featured_img_caption":"","series_order":"","show_in_app":true,"fecha_inicio_destacado":null,"hora_inicio_visualizacion":null,"minutos_inicio_visualizacion":null,"fecha_final_destacado":null,"hora_final_visualizacion":null,"minutos_final_visualizacion":null,"posicion_visualizacion":null,"estado_destacado":null,"niveles_destacados":null,"url_del_enlace":null,"banner_destacado":null,"posicion_visualizacion_de_la_noticia":null,"estado_noticia":null,"fecha_de_inicio_de_visualizacion_del_tutorial":null,"hora_inicio_visualizacion_tutorial":null,"minutos_inicio_visualizacion_tutorial":null,"fecha_de_final_de_visualizacion_del_tutorial":null,"hora_final_visualizacion_tutorial":null,"minutos_final_visualizacion_tutorial":null,"numero_de_veces_visto":null,"numero_de_veces_total":null,"niveles_tutorial":null,"tutorial_recursos_castellano":null,"tutorial_recursos_catalan":null,"dias_disponibles":null,"dias_de_la_semana":null,"dias_del_mes":null,"other_lang_post_id":null,"lang":"ca","campanya_descripcion":null,"campanya_fecha_inicio":null,"campanya_fecha_fin":null,"campanya_legales":null,"campanya_imagen":null,"campanya_characteristics":null,"campanya_url":null,"campanya_posicion_visualizacion":null,"campanya_estado":null,"_links":{"self":[{"href":"https:\/\/www.ametllerorigenwp.com\/ca\/wp-json\/wp\/v2\/posts\/2363","targetHints":{"allow":["GET"]}}],"collection":[{"href":"https:\/\/www.ametllerorigenwp.com\/ca\/wp-json\/wp\/v2\/posts"}],"about":[{"href":"https:\/\/www.ametllerorigenwp.com\/ca\/wp-json\/wp\/v2\/types\/post"}],"author":[{"embeddable":true,"href":"https:\/\/www.ametllerorigenwp.com\/ca\/wp-json\/wp\/v2\/users\/5"}],"replies":[{"embeddable":true,"href":"https:\/\/www.ametllerorigenwp.com\/ca\/wp-json\/wp\/v2\/comments?post=2363"}],"version-history":[{"count":1,"href":"https:\/\/www.ametllerorigenwp.com\/ca\/wp-json\/wp\/v2\/posts\/2363\/revisions"}],"predecessor-version":[{"id":2364,"href":"https:\/\/www.ametllerorigenwp.com\/ca\/wp-json\/wp\/v2\/posts\/2363\/revisions\/2364"}],"wp:featuredmedia":[{"embeddable":true,"href":"https:\/\/www.ametllerorigenwp.com\/ca\/wp-json\/wp\/v2\/media\/2378"}],"wp:attachment":[{"href":"https:\/\/www.ametllerorigenwp.com\/ca\/wp-json\/wp\/v2\/media?parent=2363"}],"wp:term":[{"taxonomy":"category","embeddable":true,"href":"https:\/\/www.ametllerorigenwp.com\/ca\/wp-json\/wp\/v2\/categories?post=2363"},{"taxonomy":"post_tag","embeddable":true,"href":"https:\/\/www.ametllerorigenwp.com\/ca\/wp-json\/wp\/v2\/tags?post=2363"}],"curies":[{"name":"wp","href":"https:\/\/api.w.org\/{rel}","templated":true}]}}