{"id":2445,"date":"2021-06-11T11:27:02","date_gmt":"2021-06-11T11:27:02","guid":{"rendered":"https:\/\/www.ametllerorigenwp.com\/?p=2445"},"modified":"2021-06-11T12:54:49","modified_gmt":"2021-06-11T12:54:49","slug":"taller-presencial-apren-a-preparar-smoothies-i-batuts-saludables-i-deliciosos","status":"publish","type":"post","link":"https:\/\/www.ametllerorigenwp.com\/ca\/taller-presencial-apren-a-preparar-smoothies-i-batuts-saludables-i-deliciosos\/","title":{"rendered":"Taller presencial: apr\u00e8n a preparar smoothies i batuts saludables i deliciosos!"},"content":{"rendered":"\n<p>En el marc del dia mundial de les verdures fresques, el <strong>dimecres 16 de juny a les 18 h, <\/strong>t\u2019animem a participar en el <strong>taller presencial d\u2019smoothies i batuts <\/strong>que impartir\u00e0 la nostra nutricionista, la Dra. Eul\u00e0lia Vidal i el Cintet!<\/p>\n\n\n\n<p>Apr\u00e8n a preparar deliciosos batuts energitzants, proteics, digestius i vitam\u00ednics que t\u2019ajudin a incorporar, en el teu dia a dia, el consum de fruites i verdures!<\/p>\n\n\n\n<p>El taller es far\u00e0 a Ametller Origen Mercat d\u2019Autors (Barcelona, C\/ Num\u00e0ncia, 47)<\/p>\n\n\n\n<p>No te\u2019l perdis! <strong>Reserva la teva entrada presencial <a href=\"https:\/\/www.inscribirme.com\/tallerdsmoothiesibatutsambencintetiladraeulaliavidal?utm_source=app&amp;utm_medium=appcat&amp;utm_campaign=org\" target=\"_blank\" rel=\"noreferrer noopener\">aqu\u00ed<\/a>!<\/strong><\/p>\n","protected":false},"excerpt":{"rendered":"<p>En el marc del dia mundial de les verdures fresques, el dimecres 16 de juny a les 18 h, t\u2019animem a participar en el taller presencial d\u2019smoothies i batuts que impartir\u00e0 la nostra nutricionista, la Dra. Eul\u00e0lia Vidal i el Cintet! Apr\u00e8n a preparar deliciosos batuts energitzants, proteics, digestius i vitam\u00ednics que t\u2019ajudin a incorporar, &hellip; <a href=\"https:\/\/www.ametllerorigenwp.com\/ca\/taller-presencial-apren-a-preparar-smoothies-i-batuts-saludables-i-deliciosos\/\" class=\"more-link\">Continua llegint <span class=\"screen-reader-text\">\u00abTaller presencial: apr\u00e8n a preparar smoothies i batuts saludables i deliciosos!\u00bb<\/span><\/a><\/p>\n","protected":false},"author":5,"featured_media":2456,"comment_status":"open","ping_status":"open","sticky":false,"template":"","format":"standard","meta":{"_uag_custom_page_level_css":"","advgb_blocks_editor_width":"","advgb_blocks_columns_visual_guide":"","footnotes":""},"categories":[2],"tags":[],"class_list":["post-2445","post","type-post","status-publish","format-standard","has-post-thumbnail","hentry","category-noticies"],"author_meta":{"display_name":"Mireia Zaragoza","author_link":"https:\/\/www.ametllerorigenwp.com\/ca\/author\/mzaragoza\/"},"featured_img":"https:\/\/www.ametllerorigenwp.com\/wp-content\/uploads\/2021\/06\/fotos-smoothies-2-JUNY-uai-1032x688-1-300x102.jpg","uagb_featured_image_src":{"full":["https:\/\/www.ametllerorigenwp.com\/wp-content\/uploads\/2021\/06\/fotos-smoothies-2-JUNY-uai-1032x688-1.jpg",1032,351,false],"thumbnail":["https:\/\/www.ametllerorigenwp.com\/wp-content\/uploads\/2021\/06\/fotos-smoothies-2-JUNY-uai-1032x688-1-150x150.jpg",150,150,true],"medium":["https:\/\/www.ametllerorigenwp.com\/wp-content\/uploads\/2021\/06\/fotos-smoothies-2-JUNY-uai-1032x688-1-300x102.jpg",300,102,true],"medium_large":["https:\/\/www.ametllerorigenwp.com\/wp-content\/uploads\/2021\/06\/fotos-smoothies-2-JUNY-uai-1032x688-1-768x261.jpg",768,261,true],"large":["https:\/\/www.ametllerorigenwp.com\/wp-content\/uploads\/2021\/06\/fotos-smoothies-2-JUNY-uai-1032x688-1-1024x348.jpg",840,285,true],"1536x1536":["https:\/\/www.ametllerorigenwp.com\/wp-content\/uploads\/2021\/06\/fotos-smoothies-2-JUNY-uai-1032x688-1.jpg",1032,351,false],"2048x2048":["https:\/\/www.ametllerorigenwp.com\/wp-content\/uploads\/2021\/06\/fotos-smoothies-2-JUNY-uai-1032x688-1.jpg",1032,351,false],"post-thumbnail":["https:\/\/www.ametllerorigenwp.com\/wp-content\/uploads\/2021\/06\/fotos-smoothies-2-JUNY-uai-1032x688-1.jpg",1032,351,false]},"uagb_author_info":{"display_name":"Mireia Zaragoza","author_link":"https:\/\/www.ametllerorigenwp.com\/ca\/author\/mzaragoza\/"},"uagb_comment_info":0,"uagb_excerpt":"En el marc del dia mundial de les verdures fresques, el dimecres 16 de juny a les 18 h, t\u2019animem a participar en el taller presencial d\u2019smoothies i batuts que impartir\u00e0 la nostra nutricionista, la Dra. Eul\u00e0lia Vidal i el Cintet! Apr\u00e8n a preparar deliciosos batuts energitzants, proteics, digestius i vitam\u00ednics que t\u2019ajudin a incorporar,&hellip;","coauthors":[],"tax_additional":{"categories":{"linked":["<a href=\"https:\/\/www.ametllerorigenwp.com\/ca\/category\/noticies\/\" class=\"advgb-post-tax-term\">Noticies<\/a>"],"unlinked":["<span class=\"advgb-post-tax-term\">Noticies<\/span>"]}},"comment_count":"0","relative_dates":{"created":"Posted 5 anys ago","modified":"Updated 5 anys ago"},"absolute_dates":{"created":"Posted on 11 de juny de 2021","modified":"Updated on 11 de juny de 2021"},"absolute_dates_time":{"created":"Posted on 11 de juny de 2021 11:27","modified":"Updated on 11 de juny de 2021 12:54"},"featured_img_caption":"","series_order":"","show_in_app":true,"fecha_inicio_destacado":null,"hora_inicio_visualizacion":null,"minutos_inicio_visualizacion":null,"fecha_final_destacado":null,"hora_final_visualizacion":null,"minutos_final_visualizacion":null,"posicion_visualizacion":null,"estado_destacado":null,"niveles_destacados":null,"url_del_enlace":null,"banner_destacado":null,"posicion_visualizacion_de_la_noticia":null,"estado_noticia":null,"fecha_de_inicio_de_visualizacion_del_tutorial":null,"hora_inicio_visualizacion_tutorial":null,"minutos_inicio_visualizacion_tutorial":null,"fecha_de_final_de_visualizacion_del_tutorial":null,"hora_final_visualizacion_tutorial":null,"minutos_final_visualizacion_tutorial":null,"numero_de_veces_visto":null,"numero_de_veces_total":null,"niveles_tutorial":null,"tutorial_recursos_castellano":null,"tutorial_recursos_catalan":null,"dias_disponibles":null,"dias_de_la_semana":null,"dias_del_mes":null,"other_lang_post_id":null,"lang":"ca","campanya_descripcion":null,"campanya_fecha_inicio":null,"campanya_fecha_fin":null,"campanya_legales":null,"campanya_imagen":null,"campanya_characteristics":null,"campanya_url":null,"campanya_posicion_visualizacion":null,"campanya_estado":null,"_links":{"self":[{"href":"https:\/\/www.ametllerorigenwp.com\/ca\/wp-json\/wp\/v2\/posts\/2445","targetHints":{"allow":["GET"]}}],"collection":[{"href":"https:\/\/www.ametllerorigenwp.com\/ca\/wp-json\/wp\/v2\/posts"}],"about":[{"href":"https:\/\/www.ametllerorigenwp.com\/ca\/wp-json\/wp\/v2\/types\/post"}],"author":[{"embeddable":true,"href":"https:\/\/www.ametllerorigenwp.com\/ca\/wp-json\/wp\/v2\/users\/5"}],"replies":[{"embeddable":true,"href":"https:\/\/www.ametllerorigenwp.com\/ca\/wp-json\/wp\/v2\/comments?post=2445"}],"version-history":[{"count":1,"href":"https:\/\/www.ametllerorigenwp.com\/ca\/wp-json\/wp\/v2\/posts\/2445\/revisions"}],"predecessor-version":[{"id":2446,"href":"https:\/\/www.ametllerorigenwp.com\/ca\/wp-json\/wp\/v2\/posts\/2445\/revisions\/2446"}],"wp:featuredmedia":[{"embeddable":true,"href":"https:\/\/www.ametllerorigenwp.com\/ca\/wp-json\/wp\/v2\/media\/2456"}],"wp:attachment":[{"href":"https:\/\/www.ametllerorigenwp.com\/ca\/wp-json\/wp\/v2\/media?parent=2445"}],"wp:term":[{"taxonomy":"category","embeddable":true,"href":"https:\/\/www.ametllerorigenwp.com\/ca\/wp-json\/wp\/v2\/categories?post=2445"},{"taxonomy":"post_tag","embeddable":true,"href":"https:\/\/www.ametllerorigenwp.com\/ca\/wp-json\/wp\/v2\/tags?post=2445"}],"curies":[{"name":"wp","href":"https:\/\/api.w.org\/{rel}","templated":true}]}}