{"id":2449,"date":"2021-06-13T11:28:00","date_gmt":"2021-06-13T11:28:00","guid":{"rendered":"https:\/\/www.ametllerorigenwp.com\/?p=2449"},"modified":"2021-06-11T11:30:45","modified_gmt":"2021-06-11T11:30:45","slug":"descobreix-els-secrets-de-les-nostres-vinyes-del-priorat","status":"publish","type":"post","link":"https:\/\/www.ametllerorigenwp.com\/ca\/descobreix-els-secrets-de-les-nostres-vinyes-del-priorat\/","title":{"rendered":"Descobreix els secrets de les nostres vinyes del Priorat!"},"content":{"rendered":"\n<p>El Cintet viatja fins al Priorat per <strong>descobrir de la m\u00e0 de Joan Ametller les vinyes de Fam\u00edlia Ametller,<\/strong> un terreny amb unes caracter\u00edstiques \u00faniques on s\u2019elabora un vi excepcional, que conserva l\u2019empremta del s\u00f2l, del clima i de les seves varietats, i que et far\u00e0 gaudir del Priorat.<\/p>\n\n\n\n<p><strong>Descobreix en aquest <a href=\"https:\/\/www.instagram.com\/p\/CP6SHUXoBHl\/?utm_source=app&amp;utm_medium=appcat&amp;utm_campaign=org\" target=\"_blank\" rel=\"noreferrer noopener\">v\u00eddeo<\/a> el secret de com elaborem un bon vi de garnatxa blanca fresca i arom\u00e0tica, com podem la vinya, com afecta l\u2019altitud al resultat final&#8230;<\/strong><\/p>\n\n\n\n<p>A m\u00e9s, si ets amant del vi, ara tamb\u00e9 tens l&#8217;oportunitat de delectar-te amb aquests paratges i un bon tast de vins!<strong> El Celler Joan Ametller t\u2019obre les portes perqu\u00e8 puguis gaudir d&#8217;una jornada d&#8217;enoturisme \u00fanica! Apunta\u2019t <a href=\"https:\/\/familiaametller.com\/enoturisme\/?utm_source=app&amp;utm_medium=appcat&amp;utm_campaign=org\" target=\"_blank\" rel=\"noreferrer noopener\">aqu\u00ed<\/a>!<\/strong><\/p>\n","protected":false},"excerpt":{"rendered":"<p>El Cintet viatja fins al Priorat per descobrir de la m\u00e0 de Joan Ametller les vinyes de Fam\u00edlia Ametller, un terreny amb unes caracter\u00edstiques \u00faniques on s\u2019elabora un vi excepcional, que conserva l\u2019empremta del s\u00f2l, del clima i de les seves varietats, i que et far\u00e0 gaudir del Priorat. Descobreix en aquest v\u00eddeo el secret &hellip; <a href=\"https:\/\/www.ametllerorigenwp.com\/ca\/descobreix-els-secrets-de-les-nostres-vinyes-del-priorat\/\" class=\"more-link\">Continua llegint <span class=\"screen-reader-text\">\u00abDescobreix els secrets de les nostres vinyes del Priorat!\u00bb<\/span><\/a><\/p>\n","protected":false},"author":5,"featured_media":2450,"comment_status":"open","ping_status":"open","sticky":false,"template":"","format":"standard","meta":{"_uag_custom_page_level_css":"","advgb_blocks_editor_width":"","advgb_blocks_columns_visual_guide":"","footnotes":""},"categories":[2],"tags":[],"class_list":["post-2449","post","type-post","status-publish","format-standard","has-post-thumbnail","hentry","category-noticies"],"author_meta":{"display_name":"Mireia Zaragoza","author_link":"https:\/\/www.ametllerorigenwp.com\/ca\/author\/mzaragoza\/"},"featured_img":"https:\/\/www.ametllerorigenwp.com\/wp-content\/uploads\/2021\/06\/Celler_JA_1.1.1-300x102.jpg","uagb_featured_image_src":{"full":["https:\/\/www.ametllerorigenwp.com\/wp-content\/uploads\/2021\/06\/Celler_JA_1.1.1.jpg",1080,367,false],"thumbnail":["https:\/\/www.ametllerorigenwp.com\/wp-content\/uploads\/2021\/06\/Celler_JA_1.1.1-150x150.jpg",150,150,true],"medium":["https:\/\/www.ametllerorigenwp.com\/wp-content\/uploads\/2021\/06\/Celler_JA_1.1.1-300x102.jpg",300,102,true],"medium_large":["https:\/\/www.ametllerorigenwp.com\/wp-content\/uploads\/2021\/06\/Celler_JA_1.1.1-768x261.jpg",768,261,true],"large":["https:\/\/www.ametllerorigenwp.com\/wp-content\/uploads\/2021\/06\/Celler_JA_1.1.1-1024x348.jpg",840,285,true],"1536x1536":["https:\/\/www.ametllerorigenwp.com\/wp-content\/uploads\/2021\/06\/Celler_JA_1.1.1.jpg",1080,367,false],"2048x2048":["https:\/\/www.ametllerorigenwp.com\/wp-content\/uploads\/2021\/06\/Celler_JA_1.1.1.jpg",1080,367,false],"post-thumbnail":["https:\/\/www.ametllerorigenwp.com\/wp-content\/uploads\/2021\/06\/Celler_JA_1.1.1.jpg",1080,367,false]},"uagb_author_info":{"display_name":"Mireia Zaragoza","author_link":"https:\/\/www.ametllerorigenwp.com\/ca\/author\/mzaragoza\/"},"uagb_comment_info":0,"uagb_excerpt":"El Cintet viatja fins al Priorat per descobrir de la m\u00e0 de Joan Ametller les vinyes de Fam\u00edlia Ametller, un terreny amb unes caracter\u00edstiques \u00faniques on s\u2019elabora un vi excepcional, que conserva l\u2019empremta del s\u00f2l, del clima i de les seves varietats, i que et far\u00e0 gaudir del Priorat. Descobreix en aquest v\u00eddeo el secret&hellip;","coauthors":[],"tax_additional":{"categories":{"linked":["<a href=\"https:\/\/www.ametllerorigenwp.com\/ca\/category\/noticies\/\" class=\"advgb-post-tax-term\">Noticies<\/a>"],"unlinked":["<span class=\"advgb-post-tax-term\">Noticies<\/span>"]}},"comment_count":"0","relative_dates":{"created":"Posted 5 anys ago","modified":"Updated 5 anys ago"},"absolute_dates":{"created":"Posted on 13 de juny de 2021","modified":"Updated on 11 de juny de 2021"},"absolute_dates_time":{"created":"Posted on 13 de juny de 2021 11:28","modified":"Updated on 11 de juny de 2021 11:30"},"featured_img_caption":"","series_order":"","show_in_app":true,"fecha_inicio_destacado":null,"hora_inicio_visualizacion":null,"minutos_inicio_visualizacion":null,"fecha_final_destacado":null,"hora_final_visualizacion":null,"minutos_final_visualizacion":null,"posicion_visualizacion":null,"estado_destacado":null,"niveles_destacados":null,"url_del_enlace":null,"banner_destacado":null,"posicion_visualizacion_de_la_noticia":null,"estado_noticia":null,"fecha_de_inicio_de_visualizacion_del_tutorial":null,"hora_inicio_visualizacion_tutorial":null,"minutos_inicio_visualizacion_tutorial":null,"fecha_de_final_de_visualizacion_del_tutorial":null,"hora_final_visualizacion_tutorial":null,"minutos_final_visualizacion_tutorial":null,"numero_de_veces_visto":null,"numero_de_veces_total":null,"niveles_tutorial":null,"tutorial_recursos_castellano":null,"tutorial_recursos_catalan":null,"dias_disponibles":null,"dias_de_la_semana":null,"dias_del_mes":null,"other_lang_post_id":null,"lang":"ca","campanya_descripcion":null,"campanya_fecha_inicio":null,"campanya_fecha_fin":null,"campanya_legales":null,"campanya_imagen":null,"campanya_characteristics":null,"campanya_url":null,"campanya_posicion_visualizacion":null,"campanya_estado":null,"_links":{"self":[{"href":"https:\/\/www.ametllerorigenwp.com\/ca\/wp-json\/wp\/v2\/posts\/2449","targetHints":{"allow":["GET"]}}],"collection":[{"href":"https:\/\/www.ametllerorigenwp.com\/ca\/wp-json\/wp\/v2\/posts"}],"about":[{"href":"https:\/\/www.ametllerorigenwp.com\/ca\/wp-json\/wp\/v2\/types\/post"}],"author":[{"embeddable":true,"href":"https:\/\/www.ametllerorigenwp.com\/ca\/wp-json\/wp\/v2\/users\/5"}],"replies":[{"embeddable":true,"href":"https:\/\/www.ametllerorigenwp.com\/ca\/wp-json\/wp\/v2\/comments?post=2449"}],"version-history":[{"count":1,"href":"https:\/\/www.ametllerorigenwp.com\/ca\/wp-json\/wp\/v2\/posts\/2449\/revisions"}],"predecessor-version":[{"id":2452,"href":"https:\/\/www.ametllerorigenwp.com\/ca\/wp-json\/wp\/v2\/posts\/2449\/revisions\/2452"}],"wp:featuredmedia":[{"embeddable":true,"href":"https:\/\/www.ametllerorigenwp.com\/ca\/wp-json\/wp\/v2\/media\/2450"}],"wp:attachment":[{"href":"https:\/\/www.ametllerorigenwp.com\/ca\/wp-json\/wp\/v2\/media?parent=2449"}],"wp:term":[{"taxonomy":"category","embeddable":true,"href":"https:\/\/www.ametllerorigenwp.com\/ca\/wp-json\/wp\/v2\/categories?post=2449"},{"taxonomy":"post_tag","embeddable":true,"href":"https:\/\/www.ametllerorigenwp.com\/ca\/wp-json\/wp\/v2\/tags?post=2449"}],"curies":[{"name":"wp","href":"https:\/\/api.w.org\/{rel}","templated":true}]}}