{"id":2561,"date":"2021-06-18T08:35:44","date_gmt":"2021-06-18T08:35:44","guid":{"rendered":"https:\/\/www.ametllerorigenwp.com\/?p=2561"},"modified":"2021-06-18T10:47:16","modified_gmt":"2021-06-18T10:47:16","slug":"cruixents-i-fundents-les-croquetes-del-nandu-jubany-no-poden-faltar-aquest-sant-joan","status":"publish","type":"post","link":"https:\/\/www.ametllerorigenwp.com\/ca\/cruixents-i-fundents-les-croquetes-del-nandu-jubany-no-poden-faltar-aquest-sant-joan\/","title":{"rendered":"Cruixents i fundents: les croquetes del Nandu Jubany no poden faltar aquest Sant Joan!"},"content":{"rendered":"\n<p>Aquest any Sant Joan comen\u00e7a a taula! I en una de les nits m\u00e9s m\u00e0giques de l\u2019any no poden faltar les croquetes del xef Nandu Jubany.<\/p>\n\n\n\n<p>Has tastat ja les <strong>noves d&#8217;alberg\u00ednia i formatge Mol\u00ed de Ger<\/strong>? Cruixents i fundents, t\u2019ensenyem en aquest <a href=\"https:\/\/www.instagram.com\/p\/CQBhtncoLtR\/?utm_source=app&amp;utm_medium=appcat&amp;utm_campaign=org\" target=\"_blank\" rel=\"noreferrer noopener\">v\u00eddeo<\/a> quins s\u00f3n els secrets del seu sabor tan irresistible!<\/p>\n\n\n\n<p>Completa la teva taula amb altres varietats igual de delicioses com les de <strong>pollastre a l&#8217;ast i &nbsp;gambes, en exclusiva a Ametller Origen, i de rostit, ib\u00e8ric, bolets i pernil dol\u00e7 i formatge fos. T\u2019encantaran!<\/strong><\/p>\n\n\n\n<p>Quina \u00e9s la teva preferida? <a href=\"https:\/\/www.ametllerorigen.com\/ca\/Mercat-d--autors\/Rostisseria-Nandu-Jubany?utm_source=app&amp;utm_medium=appcat&amp;utm_campaign=org\" target=\"_blank\" rel=\"noreferrer noopener\">Anima\u2019t a tastar-les totes<\/a>!<\/p>\n","protected":false},"excerpt":{"rendered":"<p>Aquest any Sant Joan comen\u00e7a a taula! I en una de les nits m\u00e9s m\u00e0giques de l\u2019any no poden faltar les croquetes del xef Nandu Jubany. Has tastat ja les noves d&#8217;alberg\u00ednia i formatge Mol\u00ed de Ger? Cruixents i fundents, t\u2019ensenyem en aquest v\u00eddeo quins s\u00f3n els secrets del seu sabor tan irresistible! Completa la &hellip; <a href=\"https:\/\/www.ametllerorigenwp.com\/ca\/cruixents-i-fundents-les-croquetes-del-nandu-jubany-no-poden-faltar-aquest-sant-joan\/\" class=\"more-link\">Continua llegint <span class=\"screen-reader-text\">\u00abCruixents i fundents: les croquetes del Nandu Jubany no poden faltar aquest Sant Joan!\u00bb<\/span><\/a><\/p>\n","protected":false},"author":5,"featured_media":2572,"comment_status":"open","ping_status":"open","sticky":false,"template":"","format":"standard","meta":{"_uag_custom_page_level_css":"","advgb_blocks_editor_width":"","advgb_blocks_columns_visual_guide":"","footnotes":""},"categories":[2],"tags":[],"class_list":["post-2561","post","type-post","status-publish","format-standard","has-post-thumbnail","hentry","category-noticies"],"author_meta":{"display_name":"Mireia Zaragoza","author_link":"https:\/\/www.ametllerorigenwp.com\/ca\/author\/mzaragoza\/"},"featured_img":"https:\/\/www.ametllerorigenwp.com\/wp-content\/uploads\/2021\/06\/MG_croq-300x102.jpg","uagb_featured_image_src":{"full":["https:\/\/www.ametllerorigenwp.com\/wp-content\/uploads\/2021\/06\/MG_croq.jpg",999,339,false],"thumbnail":["https:\/\/www.ametllerorigenwp.com\/wp-content\/uploads\/2021\/06\/MG_croq-150x150.jpg",150,150,true],"medium":["https:\/\/www.ametllerorigenwp.com\/wp-content\/uploads\/2021\/06\/MG_croq-300x102.jpg",300,102,true],"medium_large":["https:\/\/www.ametllerorigenwp.com\/wp-content\/uploads\/2021\/06\/MG_croq-768x261.jpg",768,261,true],"large":["https:\/\/www.ametllerorigenwp.com\/wp-content\/uploads\/2021\/06\/MG_croq.jpg",840,285,false],"1536x1536":["https:\/\/www.ametllerorigenwp.com\/wp-content\/uploads\/2021\/06\/MG_croq.jpg",999,339,false],"2048x2048":["https:\/\/www.ametllerorigenwp.com\/wp-content\/uploads\/2021\/06\/MG_croq.jpg",999,339,false],"post-thumbnail":["https:\/\/www.ametllerorigenwp.com\/wp-content\/uploads\/2021\/06\/MG_croq.jpg",999,339,false]},"uagb_author_info":{"display_name":"Mireia Zaragoza","author_link":"https:\/\/www.ametllerorigenwp.com\/ca\/author\/mzaragoza\/"},"uagb_comment_info":0,"uagb_excerpt":"Aquest any Sant Joan comen\u00e7a a taula! I en una de les nits m\u00e9s m\u00e0giques de l\u2019any no poden faltar les croquetes del xef Nandu Jubany. Has tastat ja les noves d&#8217;alberg\u00ednia i formatge Mol\u00ed de Ger? Cruixents i fundents, t\u2019ensenyem en aquest v\u00eddeo quins s\u00f3n els secrets del seu sabor tan irresistible! Completa la&hellip;","coauthors":[],"tax_additional":{"categories":{"linked":["<a href=\"https:\/\/www.ametllerorigenwp.com\/ca\/category\/noticies\/\" class=\"advgb-post-tax-term\">Noticies<\/a>"],"unlinked":["<span class=\"advgb-post-tax-term\">Noticies<\/span>"]}},"comment_count":"0","relative_dates":{"created":"Posted 5 anys ago","modified":"Updated 5 anys ago"},"absolute_dates":{"created":"Posted on 18 de juny de 2021","modified":"Updated on 18 de juny de 2021"},"absolute_dates_time":{"created":"Posted on 18 de juny de 2021 08:35","modified":"Updated on 18 de juny de 2021 10:47"},"featured_img_caption":"","series_order":"","show_in_app":true,"fecha_inicio_destacado":null,"hora_inicio_visualizacion":null,"minutos_inicio_visualizacion":null,"fecha_final_destacado":null,"hora_final_visualizacion":null,"minutos_final_visualizacion":null,"posicion_visualizacion":null,"estado_destacado":null,"niveles_destacados":null,"url_del_enlace":null,"banner_destacado":null,"posicion_visualizacion_de_la_noticia":null,"estado_noticia":null,"fecha_de_inicio_de_visualizacion_del_tutorial":null,"hora_inicio_visualizacion_tutorial":null,"minutos_inicio_visualizacion_tutorial":null,"fecha_de_final_de_visualizacion_del_tutorial":null,"hora_final_visualizacion_tutorial":null,"minutos_final_visualizacion_tutorial":null,"numero_de_veces_visto":null,"numero_de_veces_total":null,"niveles_tutorial":null,"tutorial_recursos_castellano":null,"tutorial_recursos_catalan":null,"dias_disponibles":null,"dias_de_la_semana":null,"dias_del_mes":null,"other_lang_post_id":null,"lang":"ca","campanya_descripcion":null,"campanya_fecha_inicio":null,"campanya_fecha_fin":null,"campanya_legales":null,"campanya_imagen":null,"campanya_characteristics":null,"campanya_url":null,"campanya_posicion_visualizacion":null,"campanya_estado":null,"_links":{"self":[{"href":"https:\/\/www.ametllerorigenwp.com\/ca\/wp-json\/wp\/v2\/posts\/2561","targetHints":{"allow":["GET"]}}],"collection":[{"href":"https:\/\/www.ametllerorigenwp.com\/ca\/wp-json\/wp\/v2\/posts"}],"about":[{"href":"https:\/\/www.ametllerorigenwp.com\/ca\/wp-json\/wp\/v2\/types\/post"}],"author":[{"embeddable":true,"href":"https:\/\/www.ametllerorigenwp.com\/ca\/wp-json\/wp\/v2\/users\/5"}],"replies":[{"embeddable":true,"href":"https:\/\/www.ametllerorigenwp.com\/ca\/wp-json\/wp\/v2\/comments?post=2561"}],"version-history":[{"count":1,"href":"https:\/\/www.ametllerorigenwp.com\/ca\/wp-json\/wp\/v2\/posts\/2561\/revisions"}],"predecessor-version":[{"id":2562,"href":"https:\/\/www.ametllerorigenwp.com\/ca\/wp-json\/wp\/v2\/posts\/2561\/revisions\/2562"}],"wp:featuredmedia":[{"embeddable":true,"href":"https:\/\/www.ametllerorigenwp.com\/ca\/wp-json\/wp\/v2\/media\/2572"}],"wp:attachment":[{"href":"https:\/\/www.ametllerorigenwp.com\/ca\/wp-json\/wp\/v2\/media?parent=2561"}],"wp:term":[{"taxonomy":"category","embeddable":true,"href":"https:\/\/www.ametllerorigenwp.com\/ca\/wp-json\/wp\/v2\/categories?post=2561"},{"taxonomy":"post_tag","embeddable":true,"href":"https:\/\/www.ametllerorigenwp.com\/ca\/wp-json\/wp\/v2\/tags?post=2561"}],"curies":[{"name":"wp","href":"https:\/\/api.w.org\/{rel}","templated":true}]}}