{"id":2576,"date":"2021-06-20T15:01:00","date_gmt":"2021-06-20T15:01:00","guid":{"rendered":"https:\/\/www.ametllerorigenwp.com\/?p=2576"},"modified":"2021-06-18T15:03:34","modified_gmt":"2021-06-18T15:03:34","slug":"el-sant-joan-es-comenca-a-celebrar-a-taula-tot-a-punt-per-a-la-revetlla","status":"publish","type":"post","link":"https:\/\/www.ametllerorigenwp.com\/ca\/el-sant-joan-es-comenca-a-celebrar-a-taula-tot-a-punt-per-a-la-revetlla\/","title":{"rendered":"El Sant Joan es comen\u00e7a a celebrar a taula: tot a punt per a la revetlla!"},"content":{"rendered":"\n<p>Aquest any toca RE RE Revetlla de Sant Joan! Per aix\u00f2 hem preparat les <strong>safates de formatges i ib\u00e8rics m\u00e9s irresistibles,<\/strong> perqu\u00e8 triomfis a taula. Una combinaci\u00f3 perfecta per encertar-la tant s\u00ed \u00a0com no, \u00a0i que ja pots encarregar a la <a href=\"https:\/\/www.ametllerorigen.com\/ca\/sant-joan?order=OrderByPriceDESC&amp;?utm_source=app&amp;utm_medium=appcat&amp;utm_campaign=org\" target=\"_blank\" rel=\"noreferrer noopener\">botiga online<\/a> i a les botigues amb carnisseria assistida.<\/p>\n\n\n\n<p>I de postres, tenim per a tu les millors coques de Sant Joan. Delectat amb les <strong>coques de llardons, xocolata o crema d\u2019Escrib\u00e0 Dreams, <\/strong>del millor pastisser del m\u00f3n, el Christian Escrib\u00e0 i la Patricia Schmidt. Ja les pots trobar <a href=\"https:\/\/www.ametllerorigen.com\/ca\/sant-joan?order=OrderByPriceDESC&amp;?utm_source=app&amp;utm_medium=appcat&amp;utm_campaign=org\" target=\"_blank\" rel=\"noreferrer noopener\">aqu\u00ed<\/a> o a la teva botiga habitual,i acompanya-les amb un bon cava de Fam\u00edlia Ametller i fes de la nit de Sant Joan una de les m\u00e9s especials!<\/p>\n\n\n\n<p>Feli\u00e7 RE RE Revetlla!<\/p>\n","protected":false},"excerpt":{"rendered":"<p>Aquest any toca RE RE Revetlla de Sant Joan! Per aix\u00f2 hem preparat les safates de formatges i ib\u00e8rics m\u00e9s irresistibles, perqu\u00e8 triomfis a taula. Una combinaci\u00f3 perfecta per encertar-la tant s\u00ed \u00a0com no, \u00a0i que ja pots encarregar a la botiga online i a les botigues amb carnisseria assistida. I de postres, tenim per &hellip; <a href=\"https:\/\/www.ametllerorigenwp.com\/ca\/el-sant-joan-es-comenca-a-celebrar-a-taula-tot-a-punt-per-a-la-revetlla\/\" class=\"more-link\">Continua llegint <span class=\"screen-reader-text\">\u00abEl Sant Joan es comen\u00e7a a celebrar a taula: tot a punt per a la revetlla!\u00bb<\/span><\/a><\/p>\n","protected":false},"author":5,"featured_media":2577,"comment_status":"open","ping_status":"open","sticky":false,"template":"","format":"standard","meta":{"_uag_custom_page_level_css":"","advgb_blocks_editor_width":"","advgb_blocks_columns_visual_guide":"","footnotes":""},"categories":[2],"tags":[],"class_list":["post-2576","post","type-post","status-publish","format-standard","has-post-thumbnail","hentry","category-noticies"],"author_meta":{"display_name":"Mireia Zaragoza","author_link":"https:\/\/www.ametllerorigenwp.com\/ca\/author\/mzaragoza\/"},"featured_img":"https:\/\/www.ametllerorigenwp.com\/wp-content\/uploads\/2021\/06\/P1012470-300x102.jpg","uagb_featured_image_src":{"full":["https:\/\/www.ametllerorigenwp.com\/wp-content\/uploads\/2021\/06\/P1012470.jpg",1001,339,false],"thumbnail":["https:\/\/www.ametllerorigenwp.com\/wp-content\/uploads\/2021\/06\/P1012470-150x150.jpg",150,150,true],"medium":["https:\/\/www.ametllerorigenwp.com\/wp-content\/uploads\/2021\/06\/P1012470-300x102.jpg",300,102,true],"medium_large":["https:\/\/www.ametllerorigenwp.com\/wp-content\/uploads\/2021\/06\/P1012470-768x260.jpg",768,260,true],"large":["https:\/\/www.ametllerorigenwp.com\/wp-content\/uploads\/2021\/06\/P1012470.jpg",840,284,false],"1536x1536":["https:\/\/www.ametllerorigenwp.com\/wp-content\/uploads\/2021\/06\/P1012470.jpg",1001,339,false],"2048x2048":["https:\/\/www.ametllerorigenwp.com\/wp-content\/uploads\/2021\/06\/P1012470.jpg",1001,339,false],"post-thumbnail":["https:\/\/www.ametllerorigenwp.com\/wp-content\/uploads\/2021\/06\/P1012470.jpg",1001,339,false]},"uagb_author_info":{"display_name":"Mireia Zaragoza","author_link":"https:\/\/www.ametllerorigenwp.com\/ca\/author\/mzaragoza\/"},"uagb_comment_info":0,"uagb_excerpt":"Aquest any toca RE RE Revetlla de Sant Joan! Per aix\u00f2 hem preparat les safates de formatges i ib\u00e8rics m\u00e9s irresistibles, perqu\u00e8 triomfis a taula. Una combinaci\u00f3 perfecta per encertar-la tant s\u00ed \u00a0com no, \u00a0i que ja pots encarregar a la botiga online i a les botigues amb carnisseria assistida. I de postres, tenim per&hellip;","coauthors":[],"tax_additional":{"categories":{"linked":["<a href=\"https:\/\/www.ametllerorigenwp.com\/ca\/category\/noticies\/\" class=\"advgb-post-tax-term\">Noticies<\/a>"],"unlinked":["<span class=\"advgb-post-tax-term\">Noticies<\/span>"]}},"comment_count":"0","relative_dates":{"created":"Posted 5 anys ago","modified":"Updated 5 anys ago"},"absolute_dates":{"created":"Posted on 20 de juny de 2021","modified":"Updated on 18 de juny de 2021"},"absolute_dates_time":{"created":"Posted on 20 de juny de 2021 15:01","modified":"Updated on 18 de juny de 2021 15:03"},"featured_img_caption":"","series_order":"","show_in_app":true,"fecha_inicio_destacado":null,"hora_inicio_visualizacion":null,"minutos_inicio_visualizacion":null,"fecha_final_destacado":null,"hora_final_visualizacion":null,"minutos_final_visualizacion":null,"posicion_visualizacion":null,"estado_destacado":null,"niveles_destacados":null,"url_del_enlace":null,"banner_destacado":null,"posicion_visualizacion_de_la_noticia":null,"estado_noticia":null,"fecha_de_inicio_de_visualizacion_del_tutorial":null,"hora_inicio_visualizacion_tutorial":null,"minutos_inicio_visualizacion_tutorial":null,"fecha_de_final_de_visualizacion_del_tutorial":null,"hora_final_visualizacion_tutorial":null,"minutos_final_visualizacion_tutorial":null,"numero_de_veces_visto":null,"numero_de_veces_total":null,"niveles_tutorial":null,"tutorial_recursos_castellano":null,"tutorial_recursos_catalan":null,"dias_disponibles":null,"dias_de_la_semana":null,"dias_del_mes":null,"other_lang_post_id":null,"lang":"ca","campanya_descripcion":null,"campanya_fecha_inicio":null,"campanya_fecha_fin":null,"campanya_legales":null,"campanya_imagen":null,"campanya_characteristics":null,"campanya_url":null,"campanya_posicion_visualizacion":null,"campanya_estado":null,"_links":{"self":[{"href":"https:\/\/www.ametllerorigenwp.com\/ca\/wp-json\/wp\/v2\/posts\/2576","targetHints":{"allow":["GET"]}}],"collection":[{"href":"https:\/\/www.ametllerorigenwp.com\/ca\/wp-json\/wp\/v2\/posts"}],"about":[{"href":"https:\/\/www.ametllerorigenwp.com\/ca\/wp-json\/wp\/v2\/types\/post"}],"author":[{"embeddable":true,"href":"https:\/\/www.ametllerorigenwp.com\/ca\/wp-json\/wp\/v2\/users\/5"}],"replies":[{"embeddable":true,"href":"https:\/\/www.ametllerorigenwp.com\/ca\/wp-json\/wp\/v2\/comments?post=2576"}],"version-history":[{"count":1,"href":"https:\/\/www.ametllerorigenwp.com\/ca\/wp-json\/wp\/v2\/posts\/2576\/revisions"}],"predecessor-version":[{"id":2579,"href":"https:\/\/www.ametllerorigenwp.com\/ca\/wp-json\/wp\/v2\/posts\/2576\/revisions\/2579"}],"wp:featuredmedia":[{"embeddable":true,"href":"https:\/\/www.ametllerorigenwp.com\/ca\/wp-json\/wp\/v2\/media\/2577"}],"wp:attachment":[{"href":"https:\/\/www.ametllerorigenwp.com\/ca\/wp-json\/wp\/v2\/media?parent=2576"}],"wp:term":[{"taxonomy":"category","embeddable":true,"href":"https:\/\/www.ametllerorigenwp.com\/ca\/wp-json\/wp\/v2\/categories?post=2576"},{"taxonomy":"post_tag","embeddable":true,"href":"https:\/\/www.ametllerorigenwp.com\/ca\/wp-json\/wp\/v2\/tags?post=2576"}],"curies":[{"name":"wp","href":"https:\/\/api.w.org\/{rel}","templated":true}]}}