{"id":2587,"date":"2021-06-21T15:39:36","date_gmt":"2021-06-21T15:39:36","guid":{"rendered":"https:\/\/www.ametllerorigenwp.com\/?p=2587"},"modified":"2021-06-21T15:39:40","modified_gmt":"2021-06-21T15:39:40","slug":"les-garnatxes-de-familia-ametller-triomfen-a-grenaches-du-monde","status":"publish","type":"post","link":"https:\/\/www.ametllerorigenwp.com\/ca\/les-garnatxes-de-familia-ametller-triomfen-a-grenaches-du-monde\/","title":{"rendered":"Les garnatxes de Fam\u00edlia Ametller triomfen a Grenaches du Monde!"},"content":{"rendered":"\n<p>Els vins de Fam\u00edlia Ametller elaborats amb la varietat garnatxa han estat premiats al <strong>Grenaches du Monde<\/strong>, un dels concursos de vi m\u00e9s prestigiosos del m\u00f3n que enguany ha celebrat la seva novena edici\u00f3. El jurat ha<strong> atorgat als nostres vins del Priorat i Pened\u00e8s, un total de&nbsp;set medalles, tres d\u2019or i quatre de plata!<\/strong><\/p>\n\n\n\n<p>El palmar\u00e8s ha estat el seg\u00fcent, per territoris:<\/p>\n\n\n\n<p>Pened\u00e8s<\/p>\n\n\n\n<ul class=\"wp-block-list\"><li>Medalla d\u2019Or per Ametller Garnatxa Negra 2018<\/li><li>Medalla d\u2019Or per Ametller Garnatxa Negra i Carinyena 2018<\/li><li>Medalla de Plata per l\u2019Ametller Garnatxa blanca 2020<\/li><\/ul>\n\n\n\n<p>Priorat<\/p>\n\n\n\n<ul class=\"wp-block-list\"><li>Medalla d\u2019Or, Els Igols 2011<\/li><li>Medalla de Plata per Clos Corriol Negre selecci\u00f3 2017<\/li><li>Medalla de Plata pel Clos Corriol Rosat 2020<\/li><li>Medalla de Plata per Clos Mustard\u00f3 Blanc 2018<\/li><\/ul>\n\n\n\n<p>Descobreix els nostres <a href=\"https:\/\/familiaametller.com\/vins\/?utm_source=app&amp;utm_medium=appcat&amp;utm_campaign=org\" target=\"_blank\" rel=\"noreferrer noopener\">vins m\u00e9s especials<\/a> perqu\u00e8 no et faltin mai a taula!<\/p>\n","protected":false},"excerpt":{"rendered":"<p>Els vins de Fam\u00edlia Ametller elaborats amb la varietat garnatxa han estat premiats al Grenaches du Monde, un dels concursos de vi m\u00e9s prestigiosos del m\u00f3n que enguany ha celebrat la seva novena edici\u00f3. El jurat ha atorgat als nostres vins del Priorat i Pened\u00e8s, un total de&nbsp;set medalles, tres d\u2019or i quatre de plata! &hellip; <a href=\"https:\/\/www.ametllerorigenwp.com\/ca\/les-garnatxes-de-familia-ametller-triomfen-a-grenaches-du-monde\/\" class=\"more-link\">Continua llegint <span class=\"screen-reader-text\">\u00abLes garnatxes de Fam\u00edlia Ametller triomfen a Grenaches du Monde!\u00bb<\/span><\/a><\/p>\n","protected":false},"author":5,"featured_media":1048,"comment_status":"open","ping_status":"open","sticky":false,"template":"","format":"standard","meta":{"_uag_custom_page_level_css":"","advgb_blocks_editor_width":"","advgb_blocks_columns_visual_guide":"","footnotes":""},"categories":[2],"tags":[],"class_list":["post-2587","post","type-post","status-publish","format-standard","has-post-thumbnail","hentry","category-noticies"],"author_meta":{"display_name":"Mireia Zaragoza","author_link":"https:\/\/www.ametllerorigenwp.com\/ca\/author\/mzaragoza\/"},"featured_img":"https:\/\/www.ametllerorigenwp.com\/wp-content\/uploads\/2021\/03\/joan_ametller-w-300x200.jpg","uagb_featured_image_src":{"full":["https:\/\/www.ametllerorigenwp.com\/wp-content\/uploads\/2021\/03\/joan_ametller-w.jpg",1200,800,false],"thumbnail":["https:\/\/www.ametllerorigenwp.com\/wp-content\/uploads\/2021\/03\/joan_ametller-w-150x150.jpg",150,150,true],"medium":["https:\/\/www.ametllerorigenwp.com\/wp-content\/uploads\/2021\/03\/joan_ametller-w-300x200.jpg",300,200,true],"medium_large":["https:\/\/www.ametllerorigenwp.com\/wp-content\/uploads\/2021\/03\/joan_ametller-w-768x512.jpg",768,512,true],"large":["https:\/\/www.ametllerorigenwp.com\/wp-content\/uploads\/2021\/03\/joan_ametller-w-1024x683.jpg",840,560,true],"1536x1536":["https:\/\/www.ametllerorigenwp.com\/wp-content\/uploads\/2021\/03\/joan_ametller-w.jpg",1200,800,false],"2048x2048":["https:\/\/www.ametllerorigenwp.com\/wp-content\/uploads\/2021\/03\/joan_ametller-w.jpg",1200,800,false],"post-thumbnail":["https:\/\/www.ametllerorigenwp.com\/wp-content\/uploads\/2021\/03\/joan_ametller-w.jpg",1200,800,false]},"uagb_author_info":{"display_name":"Mireia Zaragoza","author_link":"https:\/\/www.ametllerorigenwp.com\/ca\/author\/mzaragoza\/"},"uagb_comment_info":0,"uagb_excerpt":"Els vins de Fam\u00edlia Ametller elaborats amb la varietat garnatxa han estat premiats al Grenaches du Monde, un dels concursos de vi m\u00e9s prestigiosos del m\u00f3n que enguany ha celebrat la seva novena edici\u00f3. El jurat ha atorgat als nostres vins del Priorat i Pened\u00e8s, un total de&nbsp;set medalles, tres d\u2019or i quatre de plata!&hellip;","coauthors":[],"tax_additional":{"categories":{"linked":["<a href=\"https:\/\/www.ametllerorigenwp.com\/ca\/category\/noticies\/\" class=\"advgb-post-tax-term\">Noticies<\/a>"],"unlinked":["<span class=\"advgb-post-tax-term\">Noticies<\/span>"]}},"comment_count":"0","relative_dates":{"created":"Posted 5 anys ago","modified":"Updated 5 anys ago"},"absolute_dates":{"created":"Posted on 21 de juny de 2021","modified":"Updated on 21 de juny de 2021"},"absolute_dates_time":{"created":"Posted on 21 de juny de 2021 15:39","modified":"Updated on 21 de juny de 2021 15:39"},"featured_img_caption":"","series_order":"","show_in_app":true,"fecha_inicio_destacado":null,"hora_inicio_visualizacion":null,"minutos_inicio_visualizacion":null,"fecha_final_destacado":null,"hora_final_visualizacion":null,"minutos_final_visualizacion":null,"posicion_visualizacion":null,"estado_destacado":null,"niveles_destacados":null,"url_del_enlace":null,"banner_destacado":null,"posicion_visualizacion_de_la_noticia":null,"estado_noticia":null,"fecha_de_inicio_de_visualizacion_del_tutorial":null,"hora_inicio_visualizacion_tutorial":null,"minutos_inicio_visualizacion_tutorial":null,"fecha_de_final_de_visualizacion_del_tutorial":null,"hora_final_visualizacion_tutorial":null,"minutos_final_visualizacion_tutorial":null,"numero_de_veces_visto":null,"numero_de_veces_total":null,"niveles_tutorial":null,"tutorial_recursos_castellano":null,"tutorial_recursos_catalan":null,"dias_disponibles":null,"dias_de_la_semana":null,"dias_del_mes":null,"other_lang_post_id":null,"lang":"ca","campanya_descripcion":null,"campanya_fecha_inicio":null,"campanya_fecha_fin":null,"campanya_legales":null,"campanya_imagen":null,"campanya_characteristics":null,"campanya_url":null,"campanya_posicion_visualizacion":null,"campanya_estado":null,"_links":{"self":[{"href":"https:\/\/www.ametllerorigenwp.com\/ca\/wp-json\/wp\/v2\/posts\/2587","targetHints":{"allow":["GET"]}}],"collection":[{"href":"https:\/\/www.ametllerorigenwp.com\/ca\/wp-json\/wp\/v2\/posts"}],"about":[{"href":"https:\/\/www.ametllerorigenwp.com\/ca\/wp-json\/wp\/v2\/types\/post"}],"author":[{"embeddable":true,"href":"https:\/\/www.ametllerorigenwp.com\/ca\/wp-json\/wp\/v2\/users\/5"}],"replies":[{"embeddable":true,"href":"https:\/\/www.ametllerorigenwp.com\/ca\/wp-json\/wp\/v2\/comments?post=2587"}],"version-history":[{"count":1,"href":"https:\/\/www.ametllerorigenwp.com\/ca\/wp-json\/wp\/v2\/posts\/2587\/revisions"}],"predecessor-version":[{"id":2589,"href":"https:\/\/www.ametllerorigenwp.com\/ca\/wp-json\/wp\/v2\/posts\/2587\/revisions\/2589"}],"wp:featuredmedia":[{"embeddable":true,"href":"https:\/\/www.ametllerorigenwp.com\/ca\/wp-json\/wp\/v2\/media\/1048"}],"wp:attachment":[{"href":"https:\/\/www.ametllerorigenwp.com\/ca\/wp-json\/wp\/v2\/media?parent=2587"}],"wp:term":[{"taxonomy":"category","embeddable":true,"href":"https:\/\/www.ametllerorigenwp.com\/ca\/wp-json\/wp\/v2\/categories?post=2587"},{"taxonomy":"post_tag","embeddable":true,"href":"https:\/\/www.ametllerorigenwp.com\/ca\/wp-json\/wp\/v2\/tags?post=2587"}],"curies":[{"name":"wp","href":"https:\/\/api.w.org\/{rel}","templated":true}]}}