{"id":2601,"date":"2021-06-22T11:52:00","date_gmt":"2021-06-22T11:52:00","guid":{"rendered":"https:\/\/www.ametllerorigenwp.com\/?p=2601"},"modified":"2021-06-22T11:52:04","modified_gmt":"2021-06-22T11:52:04","slug":"bona-re-re-revetlla","status":"publish","type":"post","link":"https:\/\/www.ametllerorigenwp.com\/ca\/bona-re-re-revetlla\/","title":{"rendered":"Bona RE RE Revetlla!"},"content":{"rendered":"\n<p>Sabies que la revetlla de Sant Joan tamb\u00e9 s\u2019anomena popularment com la&nbsp;Nit del Foc, la&nbsp;Nit de les Bruixes&nbsp;o la&nbsp;Nit del Ros? En aquesta nit tan m\u00e0gica celebrem el solstici d\u2019estiu, que comen\u00e7a dos dies abans de la festivitat (el 21 de juny). Tot i que tradicionalment sempre s\u2019ha dit que la nit de Sant Joan \u00e9s la m\u00e9s curta de l\u2019any, no \u00e9s cert. La nit m\u00e9s curta de l\u2019any \u00e9s el 21 de juny, quan iniciem l\u2019estaci\u00f3 d\u2019estiu.&nbsp;<\/p>\n\n\n\n<p>Et desitgem una bona revetlla de Sant Joan! Recorda que la nit de Sant Joan comen\u00e7a a taula i, per aix\u00f2, t\u2019hem preparat una <strong>proposta gastron\u00f2mica amb la qual et llepar\u00e0s els dits!<\/strong> Que no faltin a la teva taula les <strong>croquetes del xef Nandu Jubany, les taules de formatges i d\u2019embotits ib\u00e8rics i les delicioses coques d\u2019Escrib\u00e0 Dreams, elaborades pel millor pastisser del m\u00f3n, el Christian Escrib\u00e0, i la Patricia Schmidt! <\/strong>Troba-ho tot <a href=\"https:\/\/www.ametllerorigen.com\/ca\/sant-joan?utm_source=app&amp;utm_medium=appcat&amp;utm_campaign=org\" target=\"_blank\" rel=\"noreferrer noopener\">aqu\u00ed<\/a> o a la teva botiga habitual.<\/p>\n\n\n\n<p>Bona revetlla!<\/p>\n","protected":false},"excerpt":{"rendered":"<p>Sabies que la revetlla de Sant Joan tamb\u00e9 s\u2019anomena popularment com la&nbsp;Nit del Foc, la&nbsp;Nit de les Bruixes&nbsp;o la&nbsp;Nit del Ros? En aquesta nit tan m\u00e0gica celebrem el solstici d\u2019estiu, que comen\u00e7a dos dies abans de la festivitat (el 21 de juny). Tot i que tradicionalment sempre s\u2019ha dit que la nit de Sant Joan &hellip; <a href=\"https:\/\/www.ametllerorigenwp.com\/ca\/bona-re-re-revetlla\/\" class=\"more-link\">Continua llegint <span class=\"screen-reader-text\">\u00abBona RE RE Revetlla!\u00bb<\/span><\/a><\/p>\n","protected":false},"author":5,"featured_media":2602,"comment_status":"open","ping_status":"open","sticky":false,"template":"","format":"standard","meta":{"_uag_custom_page_level_css":"","advgb_blocks_editor_width":"","advgb_blocks_columns_visual_guide":"","footnotes":""},"categories":[2],"tags":[],"class_list":["post-2601","post","type-post","status-publish","format-standard","has-post-thumbnail","hentry","category-noticies"],"author_meta":{"display_name":"Mireia Zaragoza","author_link":"https:\/\/www.ametllerorigenwp.com\/ca\/author\/mzaragoza\/"},"featured_img":"https:\/\/www.ametllerorigenwp.com\/wp-content\/uploads\/2021\/06\/coca_santJoan-300x102.jpg","uagb_featured_image_src":{"full":["https:\/\/www.ametllerorigenwp.com\/wp-content\/uploads\/2021\/06\/coca_santJoan.jpg",1000,340,false],"thumbnail":["https:\/\/www.ametllerorigenwp.com\/wp-content\/uploads\/2021\/06\/coca_santJoan-150x150.jpg",150,150,true],"medium":["https:\/\/www.ametllerorigenwp.com\/wp-content\/uploads\/2021\/06\/coca_santJoan-300x102.jpg",300,102,true],"medium_large":["https:\/\/www.ametllerorigenwp.com\/wp-content\/uploads\/2021\/06\/coca_santJoan-768x261.jpg",768,261,true],"large":["https:\/\/www.ametllerorigenwp.com\/wp-content\/uploads\/2021\/06\/coca_santJoan.jpg",840,286,false],"1536x1536":["https:\/\/www.ametllerorigenwp.com\/wp-content\/uploads\/2021\/06\/coca_santJoan.jpg",1000,340,false],"2048x2048":["https:\/\/www.ametllerorigenwp.com\/wp-content\/uploads\/2021\/06\/coca_santJoan.jpg",1000,340,false],"post-thumbnail":["https:\/\/www.ametllerorigenwp.com\/wp-content\/uploads\/2021\/06\/coca_santJoan.jpg",1000,340,false]},"uagb_author_info":{"display_name":"Mireia Zaragoza","author_link":"https:\/\/www.ametllerorigenwp.com\/ca\/author\/mzaragoza\/"},"uagb_comment_info":0,"uagb_excerpt":"Sabies que la revetlla de Sant Joan tamb\u00e9 s\u2019anomena popularment com la&nbsp;Nit del Foc, la&nbsp;Nit de les Bruixes&nbsp;o la&nbsp;Nit del Ros? En aquesta nit tan m\u00e0gica celebrem el solstici d\u2019estiu, que comen\u00e7a dos dies abans de la festivitat (el 21 de juny). Tot i que tradicionalment sempre s\u2019ha dit que la nit de Sant Joan&hellip;","coauthors":[],"tax_additional":{"categories":{"linked":["<a href=\"https:\/\/www.ametllerorigenwp.com\/ca\/category\/noticies\/\" class=\"advgb-post-tax-term\">Noticies<\/a>"],"unlinked":["<span class=\"advgb-post-tax-term\">Noticies<\/span>"]}},"comment_count":"0","relative_dates":{"created":"Posted 5 anys ago","modified":"Updated 5 anys ago"},"absolute_dates":{"created":"Posted on 22 de juny de 2021","modified":"Updated on 22 de juny de 2021"},"absolute_dates_time":{"created":"Posted on 22 de juny de 2021 11:52","modified":"Updated on 22 de juny de 2021 11:52"},"featured_img_caption":"","series_order":"","show_in_app":true,"fecha_inicio_destacado":null,"hora_inicio_visualizacion":null,"minutos_inicio_visualizacion":null,"fecha_final_destacado":null,"hora_final_visualizacion":null,"minutos_final_visualizacion":null,"posicion_visualizacion":null,"estado_destacado":null,"niveles_destacados":null,"url_del_enlace":null,"banner_destacado":null,"posicion_visualizacion_de_la_noticia":null,"estado_noticia":null,"fecha_de_inicio_de_visualizacion_del_tutorial":null,"hora_inicio_visualizacion_tutorial":null,"minutos_inicio_visualizacion_tutorial":null,"fecha_de_final_de_visualizacion_del_tutorial":null,"hora_final_visualizacion_tutorial":null,"minutos_final_visualizacion_tutorial":null,"numero_de_veces_visto":null,"numero_de_veces_total":null,"niveles_tutorial":null,"tutorial_recursos_castellano":null,"tutorial_recursos_catalan":null,"dias_disponibles":null,"dias_de_la_semana":null,"dias_del_mes":null,"other_lang_post_id":null,"lang":"ca","campanya_descripcion":null,"campanya_fecha_inicio":null,"campanya_fecha_fin":null,"campanya_legales":null,"campanya_imagen":null,"campanya_characteristics":null,"campanya_url":null,"campanya_posicion_visualizacion":null,"campanya_estado":null,"_links":{"self":[{"href":"https:\/\/www.ametllerorigenwp.com\/ca\/wp-json\/wp\/v2\/posts\/2601","targetHints":{"allow":["GET"]}}],"collection":[{"href":"https:\/\/www.ametllerorigenwp.com\/ca\/wp-json\/wp\/v2\/posts"}],"about":[{"href":"https:\/\/www.ametllerorigenwp.com\/ca\/wp-json\/wp\/v2\/types\/post"}],"author":[{"embeddable":true,"href":"https:\/\/www.ametllerorigenwp.com\/ca\/wp-json\/wp\/v2\/users\/5"}],"replies":[{"embeddable":true,"href":"https:\/\/www.ametllerorigenwp.com\/ca\/wp-json\/wp\/v2\/comments?post=2601"}],"version-history":[{"count":1,"href":"https:\/\/www.ametllerorigenwp.com\/ca\/wp-json\/wp\/v2\/posts\/2601\/revisions"}],"predecessor-version":[{"id":2604,"href":"https:\/\/www.ametllerorigenwp.com\/ca\/wp-json\/wp\/v2\/posts\/2601\/revisions\/2604"}],"wp:featuredmedia":[{"embeddable":true,"href":"https:\/\/www.ametllerorigenwp.com\/ca\/wp-json\/wp\/v2\/media\/2602"}],"wp:attachment":[{"href":"https:\/\/www.ametllerorigenwp.com\/ca\/wp-json\/wp\/v2\/media?parent=2601"}],"wp:term":[{"taxonomy":"category","embeddable":true,"href":"https:\/\/www.ametllerorigenwp.com\/ca\/wp-json\/wp\/v2\/categories?post=2601"},{"taxonomy":"post_tag","embeddable":true,"href":"https:\/\/www.ametllerorigenwp.com\/ca\/wp-json\/wp\/v2\/tags?post=2601"}],"curies":[{"name":"wp","href":"https:\/\/api.w.org\/{rel}","templated":true}]}}