{"id":2671,"date":"2021-06-28T17:46:48","date_gmt":"2021-06-28T17:46:48","guid":{"rendered":"https:\/\/www.ametllerorigenwp.com\/?p=2671"},"modified":"2021-06-28T17:56:52","modified_gmt":"2021-06-28T17:56:52","slug":"compromesos-amb-la-teva-salut-aliments-mes-saludables-sense-renunciar-al-sabor","status":"publish","type":"post","link":"https:\/\/www.ametllerorigenwp.com\/ca\/compromesos-amb-la-teva-salut-aliments-mes-saludables-sense-renunciar-al-sabor\/","title":{"rendered":"Compromesos amb la teva salut: aliments m\u00e9s saludables sense renunciar al sabor"},"content":{"rendered":"\n<p>Sabies que la majoria de persones consumim fins al doble de sal i sucre recomanats, segons l\u2019Organitzaci\u00f3 Mundial de la Salut  (OMS)? Un exc\u00e9s de sal i sucre est\u00e0 relacionat amb una major probabilitat de patir malalties cr\u00f2niques com l\u2019obesitat, la diabetis de tipus 2, la hipertensi\u00f3, algunes malalties cardiovasculars o alguns tipus de c\u00e0ncer.<\/p>\n\n\n\n<p>Amb l\u2019objectiu de revertir aquesta tend\u00e8ncia i fidels al nostre prop\u00f2sit de promoure un estil de vida saludable i sostenible a trav\u00e9s d\u2019una alimentaci\u00f3 nutritiva, plaent i neta, hem fet un pas m\u00e9s i <strong>hem aconseguit que el 100% dels nostres productes de marca pr\u00f2pia, inclosos en les categories del Pla NAOS<\/strong> (Pla de Nutrici\u00f3, Activitat F\u00edsica i Prevenci\u00f3 de l\u2019Obesitat), <strong>compleixin els criteris establerts respecte al contingut de sal, sucre i greixos totals i saturats<\/strong>.<\/p>\n\n\n\n<p>En total, hem revisat <strong>els productes de marca pr\u00f2pia sobre els quals apliquen als tretze grups establerts al Pla NAOS i nom\u00e9s n\u2019hem reformulat 52, ja que el 65% dels nostres productes ja complien els barems fixats quant a sucre, sal i greixos totals<\/strong>. A m\u00e9s, hem estat capa\u00e7os de reformular els productes, mantenint les seves propietats organol\u00e8ptiques, sense afegir cap additiu, i sense augmentar-ne les calories.<\/p>\n\n\n\n<p>Tanmateix, despr\u00e9s de revisar tots els nostres productes, <strong>hem donat de baixa cinc refer\u00e8ncies per complir amb els objectius del Pla<\/strong>.<\/p>\n\n\n\n<p>Paral\u00b7lelament, ens hem fixat com a objectiu per abans del 2023, revisar totes les refer\u00e8ncies, prop de 1.200 productes, de marca pr\u00f2pia.<\/p>\n\n\n\n<p>Seguim avan\u00e7ant junts cap a un m\u00f3n m\u00e9s saludable!<\/p>\n","protected":false},"excerpt":{"rendered":"<p>Sabies que la majoria de persones consumim fins al doble de sal i sucre recomanats, segons l\u2019Organitzaci\u00f3 Mundial de la Salut (OMS)? Un exc\u00e9s de sal i sucre est\u00e0 relacionat amb una major probabilitat de patir malalties cr\u00f2niques com l\u2019obesitat, la diabetis de tipus 2, la hipertensi\u00f3, algunes malalties cardiovasculars o alguns tipus de c\u00e0ncer. &hellip; <a href=\"https:\/\/www.ametllerorigenwp.com\/ca\/compromesos-amb-la-teva-salut-aliments-mes-saludables-sense-renunciar-al-sabor\/\" class=\"more-link\">Continua llegint <span class=\"screen-reader-text\">\u00abCompromesos amb la teva salut: aliments m\u00e9s saludables sense renunciar al sabor\u00bb<\/span><\/a><\/p>\n","protected":false},"author":5,"featured_media":2672,"comment_status":"open","ping_status":"open","sticky":false,"template":"","format":"standard","meta":{"_uag_custom_page_level_css":"","advgb_blocks_editor_width":"","advgb_blocks_columns_visual_guide":"","footnotes":""},"categories":[2],"tags":[],"class_list":["post-2671","post","type-post","status-publish","format-standard","has-post-thumbnail","hentry","category-noticies"],"author_meta":{"display_name":"Mireia Zaragoza","author_link":"https:\/\/www.ametllerorigenwp.com\/ca\/author\/mzaragoza\/"},"featured_img":"https:\/\/www.ametllerorigenwp.com\/wp-content\/uploads\/2021\/06\/NAOS-300x102.jpg","uagb_featured_image_src":{"full":["https:\/\/www.ametllerorigenwp.com\/wp-content\/uploads\/2021\/06\/NAOS.jpg",999,339,false],"thumbnail":["https:\/\/www.ametllerorigenwp.com\/wp-content\/uploads\/2021\/06\/NAOS-150x150.jpg",150,150,true],"medium":["https:\/\/www.ametllerorigenwp.com\/wp-content\/uploads\/2021\/06\/NAOS-300x102.jpg",300,102,true],"medium_large":["https:\/\/www.ametllerorigenwp.com\/wp-content\/uploads\/2021\/06\/NAOS-768x261.jpg",768,261,true],"large":["https:\/\/www.ametllerorigenwp.com\/wp-content\/uploads\/2021\/06\/NAOS.jpg",840,285,false],"1536x1536":["https:\/\/www.ametllerorigenwp.com\/wp-content\/uploads\/2021\/06\/NAOS.jpg",999,339,false],"2048x2048":["https:\/\/www.ametllerorigenwp.com\/wp-content\/uploads\/2021\/06\/NAOS.jpg",999,339,false],"post-thumbnail":["https:\/\/www.ametllerorigenwp.com\/wp-content\/uploads\/2021\/06\/NAOS.jpg",999,339,false]},"uagb_author_info":{"display_name":"Mireia Zaragoza","author_link":"https:\/\/www.ametllerorigenwp.com\/ca\/author\/mzaragoza\/"},"uagb_comment_info":0,"uagb_excerpt":"Sabies que la majoria de persones consumim fins al doble de sal i sucre recomanats, segons l\u2019Organitzaci\u00f3 Mundial de la Salut (OMS)? Un exc\u00e9s de sal i sucre est\u00e0 relacionat amb una major probabilitat de patir malalties cr\u00f2niques com l\u2019obesitat, la diabetis de tipus 2, la hipertensi\u00f3, algunes malalties cardiovasculars o alguns tipus de c\u00e0ncer.&hellip;","coauthors":[],"tax_additional":{"categories":{"linked":["<a href=\"https:\/\/www.ametllerorigenwp.com\/ca\/category\/noticies\/\" class=\"advgb-post-tax-term\">Noticies<\/a>"],"unlinked":["<span class=\"advgb-post-tax-term\">Noticies<\/span>"]}},"comment_count":"0","relative_dates":{"created":"Posted 5 anys ago","modified":"Updated 5 anys ago"},"absolute_dates":{"created":"Posted on 28 de juny de 2021","modified":"Updated on 28 de juny de 2021"},"absolute_dates_time":{"created":"Posted on 28 de juny de 2021 17:46","modified":"Updated on 28 de juny de 2021 17:56"},"featured_img_caption":"","series_order":"","show_in_app":true,"fecha_inicio_destacado":null,"hora_inicio_visualizacion":null,"minutos_inicio_visualizacion":null,"fecha_final_destacado":null,"hora_final_visualizacion":null,"minutos_final_visualizacion":null,"posicion_visualizacion":null,"estado_destacado":null,"niveles_destacados":null,"url_del_enlace":null,"banner_destacado":null,"posicion_visualizacion_de_la_noticia":null,"estado_noticia":null,"fecha_de_inicio_de_visualizacion_del_tutorial":null,"hora_inicio_visualizacion_tutorial":null,"minutos_inicio_visualizacion_tutorial":null,"fecha_de_final_de_visualizacion_del_tutorial":null,"hora_final_visualizacion_tutorial":null,"minutos_final_visualizacion_tutorial":null,"numero_de_veces_visto":null,"numero_de_veces_total":null,"niveles_tutorial":null,"tutorial_recursos_castellano":null,"tutorial_recursos_catalan":null,"dias_disponibles":null,"dias_de_la_semana":null,"dias_del_mes":null,"other_lang_post_id":null,"lang":"ca","campanya_descripcion":null,"campanya_fecha_inicio":null,"campanya_fecha_fin":null,"campanya_legales":null,"campanya_imagen":null,"campanya_characteristics":null,"campanya_url":null,"campanya_posicion_visualizacion":null,"campanya_estado":null,"_links":{"self":[{"href":"https:\/\/www.ametllerorigenwp.com\/ca\/wp-json\/wp\/v2\/posts\/2671","targetHints":{"allow":["GET"]}}],"collection":[{"href":"https:\/\/www.ametllerorigenwp.com\/ca\/wp-json\/wp\/v2\/posts"}],"about":[{"href":"https:\/\/www.ametllerorigenwp.com\/ca\/wp-json\/wp\/v2\/types\/post"}],"author":[{"embeddable":true,"href":"https:\/\/www.ametllerorigenwp.com\/ca\/wp-json\/wp\/v2\/users\/5"}],"replies":[{"embeddable":true,"href":"https:\/\/www.ametllerorigenwp.com\/ca\/wp-json\/wp\/v2\/comments?post=2671"}],"version-history":[{"count":4,"href":"https:\/\/www.ametllerorigenwp.com\/ca\/wp-json\/wp\/v2\/posts\/2671\/revisions"}],"predecessor-version":[{"id":2686,"href":"https:\/\/www.ametllerorigenwp.com\/ca\/wp-json\/wp\/v2\/posts\/2671\/revisions\/2686"}],"wp:featuredmedia":[{"embeddable":true,"href":"https:\/\/www.ametllerorigenwp.com\/ca\/wp-json\/wp\/v2\/media\/2672"}],"wp:attachment":[{"href":"https:\/\/www.ametllerorigenwp.com\/ca\/wp-json\/wp\/v2\/media?parent=2671"}],"wp:term":[{"taxonomy":"category","embeddable":true,"href":"https:\/\/www.ametllerorigenwp.com\/ca\/wp-json\/wp\/v2\/categories?post=2671"},{"taxonomy":"post_tag","embeddable":true,"href":"https:\/\/www.ametllerorigenwp.com\/ca\/wp-json\/wp\/v2\/tags?post=2671"}],"curies":[{"name":"wp","href":"https:\/\/api.w.org\/{rel}","templated":true}]}}