{"id":2693,"date":"2021-06-29T15:52:49","date_gmt":"2021-06-29T15:52:49","guid":{"rendered":"https:\/\/www.ametllerorigenwp.com\/?p=2693"},"modified":"2021-06-30T08:54:17","modified_gmt":"2021-06-30T08:54:17","slug":"apuntat-als-tallers-de-juliol","status":"publish","type":"post","link":"https:\/\/www.ametllerorigenwp.com\/ca\/apuntat-als-tallers-de-juliol\/","title":{"rendered":"Apunta\u2019t als tallers de juliol!"},"content":{"rendered":"\n<p>Preparat per un mes ple d\u2019activitats? Gaudeix dels millors <strong>tallers, xerrades i activitats, presencials, sobre alimentaci\u00f3 saludable i sostenibilitat, <\/strong>que hem organitzat en el marc del moviment Fem Cam\u00ed.<\/p>\n\n\n\n<p>Aquest mes et proposem:<\/p>\n\n\n\n<ul class=\"wp-block-list\"><li><strong>Et portem a l\u2019hort a collir fruita dol\u00e7a<\/strong>: Visita els nostres camps de fruita dol\u00e7a!<\/li><li><strong>Maridatge de vins i embotits ib\u00e8rics<\/strong>: Et convidem a gaudir d\u2019un maridatge de 4 vins i 4 embotits ib\u00e8rics a l\u2019espai gastron\u00f2mic Ametller Origen Mercat d\u2019Autors.<\/li><li><strong>Tast i trucs del pa amb en Jordi Morera<\/strong>: Vine a veure el mol\u00ed, a fer un tast dels diferents tipus de pa i a escoltar els millors trucs de com fer-lo a casa.<\/li><li><strong>Curs d\u2019iniciaci\u00f3 al tast: <\/strong>Aprofita aquesta oportunitat per ampliar els teus coneixements sobre el m\u00f3n del vi amb la sommelier i periodista Meritxell Falgueras, experta en la comunicaci\u00f3 del vi, autora de quatre llibres i guanyadora del concurs nas d\u2019or.<\/li><li><strong>Visita el celler on neixen els vins d\u2019Ametller<\/strong>: descobreix el nostre celler del Priorat!<\/li><\/ul>\n\n\n\n<p>Consulta el nostre <a href=\"https:\/\/www.femcami.org\/ca\/escola-del-bon-menjar\/esdeveniments\/?utm_source=app&amp;utm_medium=appcat&amp;utm_campaign=org\" target=\"_blank\" rel=\"noreferrer noopener\">calendari d\u2019activitats<\/a> per saber tots els detalls i no te\u2019n perdis ni una!<\/p>\n\n\n\n<p>T\u2019hi esperem!<\/p>\n","protected":false},"excerpt":{"rendered":"<p>Preparat per un mes ple d\u2019activitats? Gaudeix dels millors tallers, xerrades i activitats, presencials, sobre alimentaci\u00f3 saludable i sostenibilitat, que hem organitzat en el marc del moviment Fem Cam\u00ed. Aquest mes et proposem: Et portem a l\u2019hort a collir fruita dol\u00e7a: Visita els nostres camps de fruita dol\u00e7a! Maridatge de vins i embotits ib\u00e8rics: Et &hellip; <a href=\"https:\/\/www.ametllerorigenwp.com\/ca\/apuntat-als-tallers-de-juliol\/\" class=\"more-link\">Continua llegint <span class=\"screen-reader-text\">\u00abApunta\u2019t als tallers de juliol!\u00bb<\/span><\/a><\/p>\n","protected":false},"author":5,"featured_media":2694,"comment_status":"open","ping_status":"open","sticky":false,"template":"","format":"standard","meta":{"_uag_custom_page_level_css":"","advgb_blocks_editor_width":"","advgb_blocks_columns_visual_guide":"","footnotes":""},"categories":[2],"tags":[],"class_list":["post-2693","post","type-post","status-publish","format-standard","has-post-thumbnail","hentry","category-noticies"],"author_meta":{"display_name":"Mireia Zaragoza","author_link":"https:\/\/www.ametllerorigenwp.com\/ca\/author\/mzaragoza\/"},"featured_img":"https:\/\/www.ametllerorigenwp.com\/wp-content\/uploads\/2021\/06\/Taller_juliol_CAT-300x102.jpg","uagb_featured_image_src":{"full":["https:\/\/www.ametllerorigenwp.com\/wp-content\/uploads\/2021\/06\/Taller_juliol_CAT.jpg",1000,340,false],"thumbnail":["https:\/\/www.ametllerorigenwp.com\/wp-content\/uploads\/2021\/06\/Taller_juliol_CAT-150x150.jpg",150,150,true],"medium":["https:\/\/www.ametllerorigenwp.com\/wp-content\/uploads\/2021\/06\/Taller_juliol_CAT-300x102.jpg",300,102,true],"medium_large":["https:\/\/www.ametllerorigenwp.com\/wp-content\/uploads\/2021\/06\/Taller_juliol_CAT-768x261.jpg",768,261,true],"large":["https:\/\/www.ametllerorigenwp.com\/wp-content\/uploads\/2021\/06\/Taller_juliol_CAT.jpg",840,286,false],"1536x1536":["https:\/\/www.ametllerorigenwp.com\/wp-content\/uploads\/2021\/06\/Taller_juliol_CAT.jpg",1000,340,false],"2048x2048":["https:\/\/www.ametllerorigenwp.com\/wp-content\/uploads\/2021\/06\/Taller_juliol_CAT.jpg",1000,340,false],"post-thumbnail":["https:\/\/www.ametllerorigenwp.com\/wp-content\/uploads\/2021\/06\/Taller_juliol_CAT.jpg",1000,340,false]},"uagb_author_info":{"display_name":"Mireia Zaragoza","author_link":"https:\/\/www.ametllerorigenwp.com\/ca\/author\/mzaragoza\/"},"uagb_comment_info":0,"uagb_excerpt":"Preparat per un mes ple d\u2019activitats? Gaudeix dels millors tallers, xerrades i activitats, presencials, sobre alimentaci\u00f3 saludable i sostenibilitat, que hem organitzat en el marc del moviment Fem Cam\u00ed. Aquest mes et proposem: Et portem a l\u2019hort a collir fruita dol\u00e7a: Visita els nostres camps de fruita dol\u00e7a! Maridatge de vins i embotits ib\u00e8rics: Et&hellip;","coauthors":[],"tax_additional":{"categories":{"linked":["<a href=\"https:\/\/www.ametllerorigenwp.com\/ca\/category\/noticies\/\" class=\"advgb-post-tax-term\">Noticies<\/a>"],"unlinked":["<span class=\"advgb-post-tax-term\">Noticies<\/span>"]}},"comment_count":"0","relative_dates":{"created":"Posted 5 anys ago","modified":"Updated 5 anys ago"},"absolute_dates":{"created":"Posted on 29 de juny de 2021","modified":"Updated on 30 de juny de 2021"},"absolute_dates_time":{"created":"Posted on 29 de juny de 2021 15:52","modified":"Updated on 30 de juny de 2021 08:54"},"featured_img_caption":"","series_order":"","show_in_app":true,"fecha_inicio_destacado":null,"hora_inicio_visualizacion":null,"minutos_inicio_visualizacion":null,"fecha_final_destacado":null,"hora_final_visualizacion":null,"minutos_final_visualizacion":null,"posicion_visualizacion":null,"estado_destacado":null,"niveles_destacados":null,"url_del_enlace":null,"banner_destacado":null,"posicion_visualizacion_de_la_noticia":null,"estado_noticia":null,"fecha_de_inicio_de_visualizacion_del_tutorial":null,"hora_inicio_visualizacion_tutorial":null,"minutos_inicio_visualizacion_tutorial":null,"fecha_de_final_de_visualizacion_del_tutorial":null,"hora_final_visualizacion_tutorial":null,"minutos_final_visualizacion_tutorial":null,"numero_de_veces_visto":null,"numero_de_veces_total":null,"niveles_tutorial":null,"tutorial_recursos_castellano":null,"tutorial_recursos_catalan":null,"dias_disponibles":null,"dias_de_la_semana":null,"dias_del_mes":null,"other_lang_post_id":null,"lang":"ca","campanya_descripcion":null,"campanya_fecha_inicio":null,"campanya_fecha_fin":null,"campanya_legales":null,"campanya_imagen":null,"campanya_characteristics":null,"campanya_url":null,"campanya_posicion_visualizacion":null,"campanya_estado":null,"_links":{"self":[{"href":"https:\/\/www.ametllerorigenwp.com\/ca\/wp-json\/wp\/v2\/posts\/2693","targetHints":{"allow":["GET"]}}],"collection":[{"href":"https:\/\/www.ametllerorigenwp.com\/ca\/wp-json\/wp\/v2\/posts"}],"about":[{"href":"https:\/\/www.ametllerorigenwp.com\/ca\/wp-json\/wp\/v2\/types\/post"}],"author":[{"embeddable":true,"href":"https:\/\/www.ametllerorigenwp.com\/ca\/wp-json\/wp\/v2\/users\/5"}],"replies":[{"embeddable":true,"href":"https:\/\/www.ametllerorigenwp.com\/ca\/wp-json\/wp\/v2\/comments?post=2693"}],"version-history":[{"count":4,"href":"https:\/\/www.ametllerorigenwp.com\/ca\/wp-json\/wp\/v2\/posts\/2693\/revisions"}],"predecessor-version":[{"id":2708,"href":"https:\/\/www.ametllerorigenwp.com\/ca\/wp-json\/wp\/v2\/posts\/2693\/revisions\/2708"}],"wp:featuredmedia":[{"embeddable":true,"href":"https:\/\/www.ametllerorigenwp.com\/ca\/wp-json\/wp\/v2\/media\/2694"}],"wp:attachment":[{"href":"https:\/\/www.ametllerorigenwp.com\/ca\/wp-json\/wp\/v2\/media?parent=2693"}],"wp:term":[{"taxonomy":"category","embeddable":true,"href":"https:\/\/www.ametllerorigenwp.com\/ca\/wp-json\/wp\/v2\/categories?post=2693"},{"taxonomy":"post_tag","embeddable":true,"href":"https:\/\/www.ametllerorigenwp.com\/ca\/wp-json\/wp\/v2\/tags?post=2693"}],"curies":[{"name":"wp","href":"https:\/\/api.w.org\/{rel}","templated":true}]}}