{"id":2733,"date":"2021-07-02T15:11:13","date_gmt":"2021-07-02T15:11:13","guid":{"rendered":"https:\/\/www.ametllerorigenwp.com\/?p=2733"},"modified":"2021-07-02T15:11:16","modified_gmt":"2021-07-02T15:11:16","slug":"tast-de-vins-familia-ametller-al-festival-vijazz-de-vilafranca","status":"publish","type":"post","link":"https:\/\/www.ametllerorigenwp.com\/ca\/tast-de-vins-familia-ametller-al-festival-vijazz-de-vilafranca\/","title":{"rendered":"Tast de vins Fam\u00edlia Ametller al Festival Vijazz de Vilafranca"},"content":{"rendered":"\n<p>Un any m\u00e9s, des d\u2019Ametller Origen donem suport al Festival Vijazz de Vilafranca del Pened\u00e8s, una cita imprescindible pels amants del vi i la bona m\u00fasica. Amb m\u00e9s ganes que mai, el festival d\u2019enologia i jazz celebra aquest cap de setmana la 14 edici\u00f3 amb un programa ple de tastos, maridatges i concerts a l\u2019aire lliure!<\/p>\n\n\n\n<p>Si encara no has fet plans per dem\u00e0, aquesta \u00e9s la teva! Diumenge, a les 18:00h, <strong>la sommelier i comunicadora, Meritxell Falgueras, conduir\u00e0 el maridatge de vins i caves Fam\u00edlia Ametller amb una saborosa proposta gastron\u00f2mica de fruita dol\u00e7a <\/strong>d\u2019Ametller Origen.<\/p>\n\n\n\n<p>Una oportunitat \u00fanica per descobrir el potencial vin\u00edcola i gastron\u00f2mic del nostre territori! <strong>Pots aconseguir la teva entrada <a href=\"https:\/\/www.4tickets.es\/vijazz\/public\/janto\/?utm_source=app&amp;utm_medium=appcat&amp;utm_campaign=org\" target=\"_blank\" rel=\"noreferrer noopener\">aqu\u00ed<\/a><\/strong>. T\u2019hi esperem!<\/p>\n","protected":false},"excerpt":{"rendered":"<p>Un any m\u00e9s, des d\u2019Ametller Origen donem suport al Festival Vijazz de Vilafranca del Pened\u00e8s, una cita imprescindible pels amants del vi i la bona m\u00fasica. Amb m\u00e9s ganes que mai, el festival d\u2019enologia i jazz celebra aquest cap de setmana la 14 edici\u00f3 amb un programa ple de tastos, maridatges i concerts a l\u2019aire &hellip; <a href=\"https:\/\/www.ametllerorigenwp.com\/ca\/tast-de-vins-familia-ametller-al-festival-vijazz-de-vilafranca\/\" class=\"more-link\">Continua llegint <span class=\"screen-reader-text\">\u00abTast de vins Fam\u00edlia Ametller al Festival Vijazz de Vilafranca\u00bb<\/span><\/a><\/p>\n","protected":false},"author":5,"featured_media":2734,"comment_status":"open","ping_status":"open","sticky":false,"template":"","format":"standard","meta":{"_uag_custom_page_level_css":"","advgb_blocks_editor_width":"","advgb_blocks_columns_visual_guide":"","footnotes":""},"categories":[2],"tags":[],"class_list":["post-2733","post","type-post","status-publish","format-standard","has-post-thumbnail","hentry","category-noticies"],"author_meta":{"display_name":"Mireia Zaragoza","author_link":"https:\/\/www.ametllerorigenwp.com\/ca\/author\/mzaragoza\/"},"featured_img":"https:\/\/www.ametllerorigenwp.com\/wp-content\/uploads\/2021\/07\/VIJAZZ-1-300x102.jpg","uagb_featured_image_src":{"full":["https:\/\/www.ametllerorigenwp.com\/wp-content\/uploads\/2021\/07\/VIJAZZ-1.jpg",1000,340,false],"thumbnail":["https:\/\/www.ametllerorigenwp.com\/wp-content\/uploads\/2021\/07\/VIJAZZ-1-150x150.jpg",150,150,true],"medium":["https:\/\/www.ametllerorigenwp.com\/wp-content\/uploads\/2021\/07\/VIJAZZ-1-300x102.jpg",300,102,true],"medium_large":["https:\/\/www.ametllerorigenwp.com\/wp-content\/uploads\/2021\/07\/VIJAZZ-1-768x261.jpg",768,261,true],"large":["https:\/\/www.ametllerorigenwp.com\/wp-content\/uploads\/2021\/07\/VIJAZZ-1.jpg",840,286,false],"1536x1536":["https:\/\/www.ametllerorigenwp.com\/wp-content\/uploads\/2021\/07\/VIJAZZ-1.jpg",1000,340,false],"2048x2048":["https:\/\/www.ametllerorigenwp.com\/wp-content\/uploads\/2021\/07\/VIJAZZ-1.jpg",1000,340,false],"post-thumbnail":["https:\/\/www.ametllerorigenwp.com\/wp-content\/uploads\/2021\/07\/VIJAZZ-1.jpg",1000,340,false]},"uagb_author_info":{"display_name":"Mireia Zaragoza","author_link":"https:\/\/www.ametllerorigenwp.com\/ca\/author\/mzaragoza\/"},"uagb_comment_info":0,"uagb_excerpt":"Un any m\u00e9s, des d\u2019Ametller Origen donem suport al Festival Vijazz de Vilafranca del Pened\u00e8s, una cita imprescindible pels amants del vi i la bona m\u00fasica. Amb m\u00e9s ganes que mai, el festival d\u2019enologia i jazz celebra aquest cap de setmana la 14 edici\u00f3 amb un programa ple de tastos, maridatges i concerts a l\u2019aire&hellip;","coauthors":[],"tax_additional":{"categories":{"linked":["<a href=\"https:\/\/www.ametllerorigenwp.com\/ca\/category\/noticies\/\" class=\"advgb-post-tax-term\">Noticies<\/a>"],"unlinked":["<span class=\"advgb-post-tax-term\">Noticies<\/span>"]}},"comment_count":"0","relative_dates":{"created":"Posted 5 anys ago","modified":"Updated 5 anys ago"},"absolute_dates":{"created":"Posted on 2 de juliol de 2021","modified":"Updated on 2 de juliol de 2021"},"absolute_dates_time":{"created":"Posted on 2 de juliol de 2021 15:11","modified":"Updated on 2 de juliol de 2021 15:11"},"featured_img_caption":"","series_order":"","show_in_app":true,"fecha_inicio_destacado":null,"hora_inicio_visualizacion":null,"minutos_inicio_visualizacion":null,"fecha_final_destacado":null,"hora_final_visualizacion":null,"minutos_final_visualizacion":null,"posicion_visualizacion":null,"estado_destacado":null,"niveles_destacados":null,"url_del_enlace":null,"banner_destacado":null,"posicion_visualizacion_de_la_noticia":null,"estado_noticia":null,"fecha_de_inicio_de_visualizacion_del_tutorial":null,"hora_inicio_visualizacion_tutorial":null,"minutos_inicio_visualizacion_tutorial":null,"fecha_de_final_de_visualizacion_del_tutorial":null,"hora_final_visualizacion_tutorial":null,"minutos_final_visualizacion_tutorial":null,"numero_de_veces_visto":null,"numero_de_veces_total":null,"niveles_tutorial":null,"tutorial_recursos_castellano":null,"tutorial_recursos_catalan":null,"dias_disponibles":null,"dias_de_la_semana":null,"dias_del_mes":null,"other_lang_post_id":null,"lang":"ca","campanya_descripcion":null,"campanya_fecha_inicio":null,"campanya_fecha_fin":null,"campanya_legales":null,"campanya_imagen":null,"campanya_characteristics":null,"campanya_url":null,"campanya_posicion_visualizacion":null,"campanya_estado":null,"_links":{"self":[{"href":"https:\/\/www.ametllerorigenwp.com\/ca\/wp-json\/wp\/v2\/posts\/2733","targetHints":{"allow":["GET"]}}],"collection":[{"href":"https:\/\/www.ametllerorigenwp.com\/ca\/wp-json\/wp\/v2\/posts"}],"about":[{"href":"https:\/\/www.ametllerorigenwp.com\/ca\/wp-json\/wp\/v2\/types\/post"}],"author":[{"embeddable":true,"href":"https:\/\/www.ametllerorigenwp.com\/ca\/wp-json\/wp\/v2\/users\/5"}],"replies":[{"embeddable":true,"href":"https:\/\/www.ametllerorigenwp.com\/ca\/wp-json\/wp\/v2\/comments?post=2733"}],"version-history":[{"count":1,"href":"https:\/\/www.ametllerorigenwp.com\/ca\/wp-json\/wp\/v2\/posts\/2733\/revisions"}],"predecessor-version":[{"id":2736,"href":"https:\/\/www.ametllerorigenwp.com\/ca\/wp-json\/wp\/v2\/posts\/2733\/revisions\/2736"}],"wp:featuredmedia":[{"embeddable":true,"href":"https:\/\/www.ametllerorigenwp.com\/ca\/wp-json\/wp\/v2\/media\/2734"}],"wp:attachment":[{"href":"https:\/\/www.ametllerorigenwp.com\/ca\/wp-json\/wp\/v2\/media?parent=2733"}],"wp:term":[{"taxonomy":"category","embeddable":true,"href":"https:\/\/www.ametllerorigenwp.com\/ca\/wp-json\/wp\/v2\/categories?post=2733"},{"taxonomy":"post_tag","embeddable":true,"href":"https:\/\/www.ametllerorigenwp.com\/ca\/wp-json\/wp\/v2\/tags?post=2733"}],"curies":[{"name":"wp","href":"https:\/\/api.w.org\/{rel}","templated":true}]}}