{"id":2743,"date":"2021-07-04T15:23:00","date_gmt":"2021-07-04T15:23:00","guid":{"rendered":"https:\/\/www.ametllerorigenwp.com\/?p=2743"},"modified":"2021-07-02T15:23:31","modified_gmt":"2021-07-02T15:23:31","slug":"texpliquem-els-secrets-de-les-nostres-bledes","status":"publish","type":"post","link":"https:\/\/www.ametllerorigenwp.com\/ca\/texpliquem-els-secrets-de-les-nostres-bledes\/","title":{"rendered":"T\u2019expliquem els secrets de les nostres bledes!"},"content":{"rendered":"\n<p>Vols saber per qu\u00e8 collim les bledes abans de les 12 del migdia? En Cintet ha visitat, acompanyat del pag\u00e8s Miquel \u00c0ngel Puigpei, <strong>els nostres camps de bledes de Vilanova del Vall\u00e8s<\/strong> per ensenyar-te <strong>com cultivem aquesta verdura<\/strong>.<\/p>\n\n\n\n<p>Descobreix en aquest <strong><a href=\"https:\/\/www.instagram.com\/p\/CQmCga4IgVg\/?utm_source=app&amp;utm_medium=appcat&amp;utm_campaign=org\" target=\"_blank\" rel=\"noreferrer noopener\">v\u00eddeo<\/a><\/strong> tots els secrets de les nostres bledes i qu\u00e8 fa que siguin <strong>tan fresques i saboroses<\/strong>!<\/p>\n","protected":false},"excerpt":{"rendered":"<p>Vols saber per qu\u00e8 collim les bledes abans de les 12 del migdia? En Cintet ha visitat, acompanyat del pag\u00e8s Miquel \u00c0ngel Puigpei, els nostres camps de bledes de Vilanova del Vall\u00e8s per ensenyar-te com cultivem aquesta verdura. Descobreix en aquest v\u00eddeo tots els secrets de les nostres bledes i qu\u00e8 fa que siguin tan &hellip; <a href=\"https:\/\/www.ametllerorigenwp.com\/ca\/texpliquem-els-secrets-de-les-nostres-bledes\/\" class=\"more-link\">Continua llegint <span class=\"screen-reader-text\">\u00abT\u2019expliquem els secrets de les nostres bledes!\u00bb<\/span><\/a><\/p>\n","protected":false},"author":5,"featured_media":2741,"comment_status":"open","ping_status":"open","sticky":false,"template":"","format":"standard","meta":{"_uag_custom_page_level_css":"","advgb_blocks_editor_width":"","advgb_blocks_columns_visual_guide":"","footnotes":""},"categories":[2],"tags":[],"class_list":["post-2743","post","type-post","status-publish","format-standard","has-post-thumbnail","hentry","category-noticies"],"author_meta":{"display_name":"Mireia Zaragoza","author_link":"https:\/\/www.ametllerorigenwp.com\/ca\/author\/mzaragoza\/"},"featured_img":"https:\/\/www.ametllerorigenwp.com\/wp-content\/uploads\/2021\/07\/Camp-300x102.jpg","uagb_featured_image_src":{"full":["https:\/\/www.ametllerorigenwp.com\/wp-content\/uploads\/2021\/07\/Camp.jpg",1000,340,false],"thumbnail":["https:\/\/www.ametllerorigenwp.com\/wp-content\/uploads\/2021\/07\/Camp-150x150.jpg",150,150,true],"medium":["https:\/\/www.ametllerorigenwp.com\/wp-content\/uploads\/2021\/07\/Camp-300x102.jpg",300,102,true],"medium_large":["https:\/\/www.ametllerorigenwp.com\/wp-content\/uploads\/2021\/07\/Camp-768x261.jpg",768,261,true],"large":["https:\/\/www.ametllerorigenwp.com\/wp-content\/uploads\/2021\/07\/Camp.jpg",840,286,false],"1536x1536":["https:\/\/www.ametllerorigenwp.com\/wp-content\/uploads\/2021\/07\/Camp.jpg",1000,340,false],"2048x2048":["https:\/\/www.ametllerorigenwp.com\/wp-content\/uploads\/2021\/07\/Camp.jpg",1000,340,false],"post-thumbnail":["https:\/\/www.ametllerorigenwp.com\/wp-content\/uploads\/2021\/07\/Camp.jpg",1000,340,false]},"uagb_author_info":{"display_name":"Mireia Zaragoza","author_link":"https:\/\/www.ametllerorigenwp.com\/ca\/author\/mzaragoza\/"},"uagb_comment_info":0,"uagb_excerpt":"Vols saber per qu\u00e8 collim les bledes abans de les 12 del migdia? En Cintet ha visitat, acompanyat del pag\u00e8s Miquel \u00c0ngel Puigpei, els nostres camps de bledes de Vilanova del Vall\u00e8s per ensenyar-te com cultivem aquesta verdura. Descobreix en aquest v\u00eddeo tots els secrets de les nostres bledes i qu\u00e8 fa que siguin tan&hellip;","coauthors":[],"tax_additional":{"categories":{"linked":["<a href=\"https:\/\/www.ametllerorigenwp.com\/ca\/category\/noticies\/\" class=\"advgb-post-tax-term\">Noticies<\/a>"],"unlinked":["<span class=\"advgb-post-tax-term\">Noticies<\/span>"]}},"comment_count":"0","relative_dates":{"created":"Posted 5 anys ago","modified":"Updated 5 anys ago"},"absolute_dates":{"created":"Posted on 4 de juliol de 2021","modified":"Updated on 2 de juliol de 2021"},"absolute_dates_time":{"created":"Posted on 4 de juliol de 2021 15:23","modified":"Updated on 2 de juliol de 2021 15:23"},"featured_img_caption":"","series_order":"","show_in_app":true,"fecha_inicio_destacado":null,"hora_inicio_visualizacion":null,"minutos_inicio_visualizacion":null,"fecha_final_destacado":null,"hora_final_visualizacion":null,"minutos_final_visualizacion":null,"posicion_visualizacion":null,"estado_destacado":null,"niveles_destacados":null,"url_del_enlace":null,"banner_destacado":null,"posicion_visualizacion_de_la_noticia":null,"estado_noticia":null,"fecha_de_inicio_de_visualizacion_del_tutorial":null,"hora_inicio_visualizacion_tutorial":null,"minutos_inicio_visualizacion_tutorial":null,"fecha_de_final_de_visualizacion_del_tutorial":null,"hora_final_visualizacion_tutorial":null,"minutos_final_visualizacion_tutorial":null,"numero_de_veces_visto":null,"numero_de_veces_total":null,"niveles_tutorial":null,"tutorial_recursos_castellano":null,"tutorial_recursos_catalan":null,"dias_disponibles":null,"dias_de_la_semana":null,"dias_del_mes":null,"other_lang_post_id":null,"lang":"ca","campanya_descripcion":null,"campanya_fecha_inicio":null,"campanya_fecha_fin":null,"campanya_legales":null,"campanya_imagen":null,"campanya_characteristics":null,"campanya_url":null,"campanya_posicion_visualizacion":null,"campanya_estado":null,"_links":{"self":[{"href":"https:\/\/www.ametllerorigenwp.com\/ca\/wp-json\/wp\/v2\/posts\/2743","targetHints":{"allow":["GET"]}}],"collection":[{"href":"https:\/\/www.ametllerorigenwp.com\/ca\/wp-json\/wp\/v2\/posts"}],"about":[{"href":"https:\/\/www.ametllerorigenwp.com\/ca\/wp-json\/wp\/v2\/types\/post"}],"author":[{"embeddable":true,"href":"https:\/\/www.ametllerorigenwp.com\/ca\/wp-json\/wp\/v2\/users\/5"}],"replies":[{"embeddable":true,"href":"https:\/\/www.ametllerorigenwp.com\/ca\/wp-json\/wp\/v2\/comments?post=2743"}],"version-history":[{"count":1,"href":"https:\/\/www.ametllerorigenwp.com\/ca\/wp-json\/wp\/v2\/posts\/2743\/revisions"}],"predecessor-version":[{"id":2744,"href":"https:\/\/www.ametllerorigenwp.com\/ca\/wp-json\/wp\/v2\/posts\/2743\/revisions\/2744"}],"wp:featuredmedia":[{"embeddable":true,"href":"https:\/\/www.ametllerorigenwp.com\/ca\/wp-json\/wp\/v2\/media\/2741"}],"wp:attachment":[{"href":"https:\/\/www.ametllerorigenwp.com\/ca\/wp-json\/wp\/v2\/media?parent=2743"}],"wp:term":[{"taxonomy":"category","embeddable":true,"href":"https:\/\/www.ametllerorigenwp.com\/ca\/wp-json\/wp\/v2\/categories?post=2743"},{"taxonomy":"post_tag","embeddable":true,"href":"https:\/\/www.ametllerorigenwp.com\/ca\/wp-json\/wp\/v2\/tags?post=2743"}],"curies":[{"name":"wp","href":"https:\/\/api.w.org\/{rel}","templated":true}]}}