{"id":2746,"date":"2021-07-02T17:46:55","date_gmt":"2021-07-02T17:46:55","guid":{"rendered":"https:\/\/www.ametllerorigenwp.com\/?p=2746"},"modified":"2021-07-02T19:43:04","modified_gmt":"2021-07-02T19:43:04","slug":"dia-internacional-lliure-de-bosses-de-plastic","status":"publish","type":"post","link":"https:\/\/www.ametllerorigenwp.com\/ca\/dia-internacional-lliure-de-bosses-de-plastic\/","title":{"rendered":"Una compra m\u00e9s conscient i sostenible"},"content":{"rendered":"\n<p>Avui es commemora el <strong>Dia Internacional Lliure de Bosses de Pl\u00e0stic<\/strong>, una jornada per conscienciar i fomentar l\u2019\u00fas d\u2019alternatives sostenibles<strong>. Des d\u2019Ametller Origen fa temps que fem cam\u00ed per promocionar uns h\u00e0bits de vida i consum m\u00e9s sostenibles, implementant diferents accions<\/strong>:<\/p>\n\n\n\n<ul class=\"wp-block-list\"><li><strong>2019: vam eliminar totes les bosses de pl\u00e0stic de nanses dels nostres establiments (llavor #29)<\/strong> i les vam substituir per <strong>bosses reutilitzables de r\u00e0fia, bosses reciclables de paper, bosses compostables de nanses<\/strong> i, en algunes botigues, disposem de caixes de cartr\u00f3 reutilitzables de fruita i verdura. Amb aquesta acci\u00f3 hem evitat l\u2019\u00fas de m\u00e9s d\u201911 milions de bosses de pl\u00e0stic i estalviat 76 tones de pl\u00e0stic.<\/li><\/ul>\n\n\n\n<ul class=\"wp-block-list\"><li><strong>2019: vam implementar les bosses reutilitzables de malla <\/strong>(llavor #30)<strong> per comprar fruita i verdura a granel.<\/strong> Des de la seva implementaci\u00f3, hem generat m\u00e9s de 3 milions de compres a granel amb bossa reutilitzable.<\/li><\/ul>\n\n\n\n<ul class=\"wp-block-list\"><li><strong>2019: vam eliminar la bossa de pl\u00e0stic a la secci\u00f3 de carnisseria i l\u2019hem substitu\u00eft per la bossa compostable <\/strong>(llavor #24). Amb aquesta acci\u00f3 hem evitat 10.727 tones de pl\u00e0stic.<\/li><\/ul>\n\n\n\n<ul class=\"wp-block-list\"><li><strong>2019: els nostres clients poden portar el seu tupper i env\u00e0s reutilitzable <\/strong>(llavor #28 i #31)<strong> per emportar-se la compra a carnisseria<\/strong> i xarcuteria o b\u00e9 adquirir-lo directament a botiga.<\/li><\/ul>\n\n\n\n<ul class=\"wp-block-list\"><li><strong>2020: vam eliminar les bosses de pl\u00e0stic de servei per granel <\/strong>(llavor #40). Hem evitat m\u00e9s de 26 milions de bosses de pl\u00e0stic destinades a la compra de fruita i verdura a granel i estalviat 86 tones de pl\u00e0stic.<\/li><\/ul>\n\n\n\n<ul class=\"wp-block-list\"><li><strong>2020: vam implementar les safates de canya de sucre compostable a la secci\u00f3 de carnisseria<\/strong> (llavor #47) per substituir les safates de pl\u00e0stic, la qual cosa ha suposat un estalvi de 9,6 tones de pl\u00e0stic.<\/li><\/ul>\n\n\n\n<p>Des d\u2019Ametller Origen <strong>volem promoure la compra conscient i sostenible, aix\u00ed com la reutilitzaci\u00f3 d\u2019envasos. <\/strong>Recorda que a l\u2019hora de comprar, <strong>l\u2019acci\u00f3 m\u00e9s sostenible \u00e9s portar les teves pr\u00f2pies bosses de casa i els teus envasos. Seguim avan\u00e7ant junts cap al m\u00f3n on volem viure! Uneix-te a <a href=\"http:\/\/www.femcami.org\/\">femcami.org<\/a><\/strong><\/p>\n","protected":false},"excerpt":{"rendered":"<p>Avui es commemora el Dia Internacional Lliure de Bosses de Pl\u00e0stic, una jornada per conscienciar i fomentar l\u2019\u00fas d\u2019alternatives sostenibles. Des d\u2019Ametller Origen fa temps que fem cam\u00ed per promocionar uns h\u00e0bits de vida i consum m\u00e9s sostenibles, implementant diferents accions: 2019: vam eliminar totes les bosses de pl\u00e0stic de nanses dels nostres establiments (llavor &hellip; <a href=\"https:\/\/www.ametllerorigenwp.com\/ca\/dia-internacional-lliure-de-bosses-de-plastic\/\" class=\"more-link\">Continua llegint <span class=\"screen-reader-text\">\u00abUna compra m\u00e9s conscient i sostenible\u00bb<\/span><\/a><\/p>\n","protected":false},"author":5,"featured_media":2747,"comment_status":"open","ping_status":"open","sticky":false,"template":"","format":"standard","meta":{"_uag_custom_page_level_css":"","advgb_blocks_editor_width":"","advgb_blocks_columns_visual_guide":"","footnotes":""},"categories":[2],"tags":[],"class_list":["post-2746","post","type-post","status-publish","format-standard","has-post-thumbnail","hentry","category-noticies"],"author_meta":{"display_name":"Mireia Zaragoza","author_link":"https:\/\/www.ametllerorigenwp.com\/ca\/author\/mzaragoza\/"},"featured_img":"https:\/\/www.ametllerorigenwp.com\/wp-content\/uploads\/2021\/07\/BOSSA1-300x102.jpg","uagb_featured_image_src":{"full":["https:\/\/www.ametllerorigenwp.com\/wp-content\/uploads\/2021\/07\/BOSSA1.jpg",1000,340,false],"thumbnail":["https:\/\/www.ametllerorigenwp.com\/wp-content\/uploads\/2021\/07\/BOSSA1-150x150.jpg",150,150,true],"medium":["https:\/\/www.ametllerorigenwp.com\/wp-content\/uploads\/2021\/07\/BOSSA1-300x102.jpg",300,102,true],"medium_large":["https:\/\/www.ametllerorigenwp.com\/wp-content\/uploads\/2021\/07\/BOSSA1-768x261.jpg",768,261,true],"large":["https:\/\/www.ametllerorigenwp.com\/wp-content\/uploads\/2021\/07\/BOSSA1.jpg",840,286,false],"1536x1536":["https:\/\/www.ametllerorigenwp.com\/wp-content\/uploads\/2021\/07\/BOSSA1.jpg",1000,340,false],"2048x2048":["https:\/\/www.ametllerorigenwp.com\/wp-content\/uploads\/2021\/07\/BOSSA1.jpg",1000,340,false],"post-thumbnail":["https:\/\/www.ametllerorigenwp.com\/wp-content\/uploads\/2021\/07\/BOSSA1.jpg",1000,340,false]},"uagb_author_info":{"display_name":"Mireia Zaragoza","author_link":"https:\/\/www.ametllerorigenwp.com\/ca\/author\/mzaragoza\/"},"uagb_comment_info":0,"uagb_excerpt":"Avui es commemora el Dia Internacional Lliure de Bosses de Pl\u00e0stic, una jornada per conscienciar i fomentar l\u2019\u00fas d\u2019alternatives sostenibles. Des d\u2019Ametller Origen fa temps que fem cam\u00ed per promocionar uns h\u00e0bits de vida i consum m\u00e9s sostenibles, implementant diferents accions: 2019: vam eliminar totes les bosses de pl\u00e0stic de nanses dels nostres establiments (llavor&hellip;","coauthors":[],"tax_additional":{"categories":{"linked":["<a href=\"https:\/\/www.ametllerorigenwp.com\/ca\/category\/noticies\/\" class=\"advgb-post-tax-term\">Noticies<\/a>"],"unlinked":["<span class=\"advgb-post-tax-term\">Noticies<\/span>"]}},"comment_count":"0","relative_dates":{"created":"Posted 5 anys ago","modified":"Updated 5 anys ago"},"absolute_dates":{"created":"Posted on 2 de juliol de 2021","modified":"Updated on 2 de juliol de 2021"},"absolute_dates_time":{"created":"Posted on 2 de juliol de 2021 17:46","modified":"Updated on 2 de juliol de 2021 19:43"},"featured_img_caption":"","series_order":"","show_in_app":true,"fecha_inicio_destacado":null,"hora_inicio_visualizacion":null,"minutos_inicio_visualizacion":null,"fecha_final_destacado":null,"hora_final_visualizacion":null,"minutos_final_visualizacion":null,"posicion_visualizacion":null,"estado_destacado":null,"niveles_destacados":null,"url_del_enlace":null,"banner_destacado":null,"posicion_visualizacion_de_la_noticia":null,"estado_noticia":null,"fecha_de_inicio_de_visualizacion_del_tutorial":null,"hora_inicio_visualizacion_tutorial":null,"minutos_inicio_visualizacion_tutorial":null,"fecha_de_final_de_visualizacion_del_tutorial":null,"hora_final_visualizacion_tutorial":null,"minutos_final_visualizacion_tutorial":null,"numero_de_veces_visto":null,"numero_de_veces_total":null,"niveles_tutorial":null,"tutorial_recursos_castellano":null,"tutorial_recursos_catalan":null,"dias_disponibles":null,"dias_de_la_semana":null,"dias_del_mes":null,"other_lang_post_id":null,"lang":"ca","campanya_descripcion":null,"campanya_fecha_inicio":null,"campanya_fecha_fin":null,"campanya_legales":null,"campanya_imagen":null,"campanya_characteristics":null,"campanya_url":null,"campanya_posicion_visualizacion":null,"campanya_estado":null,"_links":{"self":[{"href":"https:\/\/www.ametllerorigenwp.com\/ca\/wp-json\/wp\/v2\/posts\/2746","targetHints":{"allow":["GET"]}}],"collection":[{"href":"https:\/\/www.ametllerorigenwp.com\/ca\/wp-json\/wp\/v2\/posts"}],"about":[{"href":"https:\/\/www.ametllerorigenwp.com\/ca\/wp-json\/wp\/v2\/types\/post"}],"author":[{"embeddable":true,"href":"https:\/\/www.ametllerorigenwp.com\/ca\/wp-json\/wp\/v2\/users\/5"}],"replies":[{"embeddable":true,"href":"https:\/\/www.ametllerorigenwp.com\/ca\/wp-json\/wp\/v2\/comments?post=2746"}],"version-history":[{"count":3,"href":"https:\/\/www.ametllerorigenwp.com\/ca\/wp-json\/wp\/v2\/posts\/2746\/revisions"}],"predecessor-version":[{"id":2759,"href":"https:\/\/www.ametllerorigenwp.com\/ca\/wp-json\/wp\/v2\/posts\/2746\/revisions\/2759"}],"wp:featuredmedia":[{"embeddable":true,"href":"https:\/\/www.ametllerorigenwp.com\/ca\/wp-json\/wp\/v2\/media\/2747"}],"wp:attachment":[{"href":"https:\/\/www.ametllerorigenwp.com\/ca\/wp-json\/wp\/v2\/media?parent=2746"}],"wp:term":[{"taxonomy":"category","embeddable":true,"href":"https:\/\/www.ametllerorigenwp.com\/ca\/wp-json\/wp\/v2\/categories?post=2746"},{"taxonomy":"post_tag","embeddable":true,"href":"https:\/\/www.ametllerorigenwp.com\/ca\/wp-json\/wp\/v2\/tags?post=2746"}],"curies":[{"name":"wp","href":"https:\/\/api.w.org\/{rel}","templated":true}]}}