{"id":2829,"date":"2021-07-13T14:49:14","date_gmt":"2021-07-13T14:49:14","guid":{"rendered":"https:\/\/www.ametllerorigenwp.com\/?p=2829"},"modified":"2021-07-13T14:49:19","modified_gmt":"2021-07-13T14:49:19","slug":"mes-de-7-000-e-recaptats-per-lluitar-contra-el-cancer","status":"publish","type":"post","link":"https:\/\/www.ametllerorigenwp.com\/ca\/mes-de-7-000-e-recaptats-per-lluitar-contra-el-cancer\/","title":{"rendered":"M\u00e9s de 7.000 \u20ac recaptats per lluitar contra el c\u00e0ncer!"},"content":{"rendered":"\n<p>Gr\u00e0cies per la teva solidaritat! Durant la setmana de la salut digestiva <strong>vam impulsar, juntament amb la Fundaci\u00f3 FERO, la campanya \u201cL\u2019estil de vida com a arma de prevenci\u00f3\u201d<\/strong> amb l\u2019objectiu de conscienciar a la poblaci\u00f3 sobre la import\u00e0ncia de seguir uns h\u00e0bits de vida saludables per prevenir determinats tipus de c\u00e0ncer, com el digestiu, i recaptar fons per a la investigaci\u00f3 contra el c\u00e0ncer.<\/p>\n\n\n\n<p>Amb aquesta iniciativa, que ha consistit en <strong>la donaci\u00f3 d\u20191 \u20ac per la venda de cada ampolla de gaspatxo Ametller Origen 1L<\/strong>, <strong>hem aconseguit 7.420 \u20ac que es destinaran \u00edntegrament al Programa de Diagn\u00f2stic Molecular Avan\u00e7at<\/strong> (DIAMAV) del Vall d\u2019Hebron Institut d\u2019Oncologia (VHIO) amb el qual s\u2019administra un tractament personalitzat per a cada pacient.<\/p>\n\n\n\n<p><strong>Avancem junts cap al m\u00f3n on vols viure!<\/strong><\/p>\n","protected":false},"excerpt":{"rendered":"<p>Gr\u00e0cies per la teva solidaritat! Durant la setmana de la salut digestiva vam impulsar, juntament amb la Fundaci\u00f3 FERO, la campanya \u201cL\u2019estil de vida com a arma de prevenci\u00f3\u201d amb l\u2019objectiu de conscienciar a la poblaci\u00f3 sobre la import\u00e0ncia de seguir uns h\u00e0bits de vida saludables per prevenir determinats tipus de c\u00e0ncer, com el digestiu, &hellip; <a href=\"https:\/\/www.ametllerorigenwp.com\/ca\/mes-de-7-000-e-recaptats-per-lluitar-contra-el-cancer\/\" class=\"more-link\">Continua llegint <span class=\"screen-reader-text\">\u00abM\u00e9s de 7.000 \u20ac recaptats per lluitar contra el c\u00e0ncer!\u00bb<\/span><\/a><\/p>\n","protected":false},"author":5,"featured_media":2140,"comment_status":"open","ping_status":"open","sticky":false,"template":"","format":"standard","meta":{"_uag_custom_page_level_css":"","advgb_blocks_editor_width":"","advgb_blocks_columns_visual_guide":"","footnotes":""},"categories":[2],"tags":[],"class_list":["post-2829","post","type-post","status-publish","format-standard","has-post-thumbnail","hentry","category-noticies"],"author_meta":{"display_name":"Mireia Zaragoza","author_link":"https:\/\/www.ametllerorigenwp.com\/ca\/author\/mzaragoza\/"},"featured_img":"https:\/\/www.ametllerorigenwp.com\/wp-content\/uploads\/2021\/05\/App_gaspatxo_FERO2-copia-300x102.jpg","uagb_featured_image_src":{"full":["https:\/\/www.ametllerorigenwp.com\/wp-content\/uploads\/2021\/05\/App_gaspatxo_FERO2-copia.jpg",1000,340,false],"thumbnail":["https:\/\/www.ametllerorigenwp.com\/wp-content\/uploads\/2021\/05\/App_gaspatxo_FERO2-copia-150x150.jpg",150,150,true],"medium":["https:\/\/www.ametllerorigenwp.com\/wp-content\/uploads\/2021\/05\/App_gaspatxo_FERO2-copia-300x102.jpg",300,102,true],"medium_large":["https:\/\/www.ametllerorigenwp.com\/wp-content\/uploads\/2021\/05\/App_gaspatxo_FERO2-copia-768x261.jpg",768,261,true],"large":["https:\/\/www.ametllerorigenwp.com\/wp-content\/uploads\/2021\/05\/App_gaspatxo_FERO2-copia.jpg",840,286,false],"1536x1536":["https:\/\/www.ametllerorigenwp.com\/wp-content\/uploads\/2021\/05\/App_gaspatxo_FERO2-copia.jpg",1000,340,false],"2048x2048":["https:\/\/www.ametllerorigenwp.com\/wp-content\/uploads\/2021\/05\/App_gaspatxo_FERO2-copia.jpg",1000,340,false],"post-thumbnail":["https:\/\/www.ametllerorigenwp.com\/wp-content\/uploads\/2021\/05\/App_gaspatxo_FERO2-copia.jpg",1000,340,false]},"uagb_author_info":{"display_name":"Mireia Zaragoza","author_link":"https:\/\/www.ametllerorigenwp.com\/ca\/author\/mzaragoza\/"},"uagb_comment_info":0,"uagb_excerpt":"Gr\u00e0cies per la teva solidaritat! Durant la setmana de la salut digestiva vam impulsar, juntament amb la Fundaci\u00f3 FERO, la campanya \u201cL\u2019estil de vida com a arma de prevenci\u00f3\u201d amb l\u2019objectiu de conscienciar a la poblaci\u00f3 sobre la import\u00e0ncia de seguir uns h\u00e0bits de vida saludables per prevenir determinats tipus de c\u00e0ncer, com el digestiu,&hellip;","coauthors":[],"tax_additional":{"categories":{"linked":["<a href=\"https:\/\/www.ametllerorigenwp.com\/ca\/category\/noticies\/\" class=\"advgb-post-tax-term\">Noticies<\/a>"],"unlinked":["<span class=\"advgb-post-tax-term\">Noticies<\/span>"]}},"comment_count":"0","relative_dates":{"created":"Posted 5 anys ago","modified":"Updated 5 anys ago"},"absolute_dates":{"created":"Posted on 13 de juliol de 2021","modified":"Updated on 13 de juliol de 2021"},"absolute_dates_time":{"created":"Posted on 13 de juliol de 2021 14:49","modified":"Updated on 13 de juliol de 2021 14:49"},"featured_img_caption":"","series_order":"","show_in_app":true,"fecha_inicio_destacado":null,"hora_inicio_visualizacion":null,"minutos_inicio_visualizacion":null,"fecha_final_destacado":null,"hora_final_visualizacion":null,"minutos_final_visualizacion":null,"posicion_visualizacion":null,"estado_destacado":null,"niveles_destacados":null,"url_del_enlace":null,"banner_destacado":null,"posicion_visualizacion_de_la_noticia":null,"estado_noticia":null,"fecha_de_inicio_de_visualizacion_del_tutorial":null,"hora_inicio_visualizacion_tutorial":null,"minutos_inicio_visualizacion_tutorial":null,"fecha_de_final_de_visualizacion_del_tutorial":null,"hora_final_visualizacion_tutorial":null,"minutos_final_visualizacion_tutorial":null,"numero_de_veces_visto":null,"numero_de_veces_total":null,"niveles_tutorial":null,"tutorial_recursos_castellano":null,"tutorial_recursos_catalan":null,"dias_disponibles":null,"dias_de_la_semana":null,"dias_del_mes":null,"other_lang_post_id":null,"lang":"ca","campanya_descripcion":null,"campanya_fecha_inicio":null,"campanya_fecha_fin":null,"campanya_legales":null,"campanya_imagen":null,"campanya_characteristics":null,"campanya_url":null,"campanya_posicion_visualizacion":null,"campanya_estado":null,"_links":{"self":[{"href":"https:\/\/www.ametllerorigenwp.com\/ca\/wp-json\/wp\/v2\/posts\/2829","targetHints":{"allow":["GET"]}}],"collection":[{"href":"https:\/\/www.ametllerorigenwp.com\/ca\/wp-json\/wp\/v2\/posts"}],"about":[{"href":"https:\/\/www.ametllerorigenwp.com\/ca\/wp-json\/wp\/v2\/types\/post"}],"author":[{"embeddable":true,"href":"https:\/\/www.ametllerorigenwp.com\/ca\/wp-json\/wp\/v2\/users\/5"}],"replies":[{"embeddable":true,"href":"https:\/\/www.ametllerorigenwp.com\/ca\/wp-json\/wp\/v2\/comments?post=2829"}],"version-history":[{"count":1,"href":"https:\/\/www.ametllerorigenwp.com\/ca\/wp-json\/wp\/v2\/posts\/2829\/revisions"}],"predecessor-version":[{"id":2830,"href":"https:\/\/www.ametllerorigenwp.com\/ca\/wp-json\/wp\/v2\/posts\/2829\/revisions\/2830"}],"wp:featuredmedia":[{"embeddable":true,"href":"https:\/\/www.ametllerorigenwp.com\/ca\/wp-json\/wp\/v2\/media\/2140"}],"wp:attachment":[{"href":"https:\/\/www.ametllerorigenwp.com\/ca\/wp-json\/wp\/v2\/media?parent=2829"}],"wp:term":[{"taxonomy":"category","embeddable":true,"href":"https:\/\/www.ametllerorigenwp.com\/ca\/wp-json\/wp\/v2\/categories?post=2829"},{"taxonomy":"post_tag","embeddable":true,"href":"https:\/\/www.ametllerorigenwp.com\/ca\/wp-json\/wp\/v2\/tags?post=2829"}],"curies":[{"name":"wp","href":"https:\/\/api.w.org\/{rel}","templated":true}]}}