{"id":2841,"date":"2021-07-22T14:25:00","date_gmt":"2021-07-22T14:25:00","guid":{"rendered":"https:\/\/www.ametllerorigenwp.com\/?p=2841"},"modified":"2021-07-22T07:20:14","modified_gmt":"2021-07-22T07:20:14","slug":"que-puc-cuinar-amb-el-tomaquet-de-pebrot","status":"publish","type":"post","link":"https:\/\/www.ametllerorigenwp.com\/ca\/que-puc-cuinar-amb-el-tomaquet-de-pebrot\/","title":{"rendered":"Qu\u00e8 puc cuinar amb el tom\u00e0quet de pebrot?"},"content":{"rendered":"\n<p>Ara que <strong>estem en plena temporada de tom\u00e0quets<\/strong>, et volem ajudar a preparar receptes delicioses i saludables amb aquesta hortalissa.<\/p>\n\n\n\n<p>Avui descobrim el <strong>tom\u00e0quet de pebrot, una varietat molt carnosa, plena de polpa i ben dol\u00e7a! <\/strong>El seu nom ve precisament de la seva forma allargada, que recorda visualment a algunes varietats de pebrots.<\/p>\n\n\n\n<p>Al tractar-se d\u2019una varietat de tom\u00e0quet poc sucosa i amb poques llavors i petites, \u00e9s ideal per <strong>saltejar a la planxa, fer un bon gaspatxo<\/strong> o, simplement, obrir-lo <strong>i gaudir del seu extraordinari sabor amb un rajolinet d\u2019oli i pebre<\/strong>.<\/p>\n\n\n\n<p><strong><a href=\"https:\/\/www.ametllerorigen.com\/ca\/tom-quet-pebrot-extra\/p?utm_source=app&amp;utm_medium=appcat&amp;utm_campaign=org\" target=\"_blank\" rel=\"noreferrer noopener\">Anima\u2019t a tastar-lo<\/a>, segur que t\u2019encantar\u00e0!<\/strong><\/p>\n","protected":false},"excerpt":{"rendered":"<p>Ara que estem en plena temporada de tom\u00e0quets, et volem ajudar a preparar receptes delicioses i saludables amb aquesta hortalissa. Avui descobrim el tom\u00e0quet de pebrot, una varietat molt carnosa, plena de polpa i ben dol\u00e7a! El seu nom ve precisament de la seva forma allargada, que recorda visualment a algunes varietats de pebrots. Al &hellip; <a href=\"https:\/\/www.ametllerorigenwp.com\/ca\/que-puc-cuinar-amb-el-tomaquet-de-pebrot\/\" class=\"more-link\">Continua llegint <span class=\"screen-reader-text\">\u00abQu\u00e8 puc cuinar amb el tom\u00e0quet de pebrot?\u00bb<\/span><\/a><\/p>\n","protected":false},"author":5,"featured_media":2842,"comment_status":"open","ping_status":"open","sticky":false,"template":"","format":"standard","meta":{"_uag_custom_page_level_css":"","advgb_blocks_editor_width":"","advgb_blocks_columns_visual_guide":"","footnotes":""},"categories":[2],"tags":[],"class_list":["post-2841","post","type-post","status-publish","format-standard","has-post-thumbnail","hentry","category-noticies"],"author_meta":{"display_name":"Mireia Zaragoza","author_link":"https:\/\/www.ametllerorigenwp.com\/ca\/author\/mzaragoza\/"},"featured_img":"https:\/\/www.ametllerorigenwp.com\/wp-content\/uploads\/2021\/07\/Ametller-07-19-254-300x102.jpg","uagb_featured_image_src":{"full":["https:\/\/www.ametllerorigenwp.com\/wp-content\/uploads\/2021\/07\/Ametller-07-19-254.jpg",1001,341,false],"thumbnail":["https:\/\/www.ametllerorigenwp.com\/wp-content\/uploads\/2021\/07\/Ametller-07-19-254-150x150.jpg",150,150,true],"medium":["https:\/\/www.ametllerorigenwp.com\/wp-content\/uploads\/2021\/07\/Ametller-07-19-254-300x102.jpg",300,102,true],"medium_large":["https:\/\/www.ametllerorigenwp.com\/wp-content\/uploads\/2021\/07\/Ametller-07-19-254-768x262.jpg",768,262,true],"large":["https:\/\/www.ametllerorigenwp.com\/wp-content\/uploads\/2021\/07\/Ametller-07-19-254.jpg",840,286,false],"1536x1536":["https:\/\/www.ametllerorigenwp.com\/wp-content\/uploads\/2021\/07\/Ametller-07-19-254.jpg",1001,341,false],"2048x2048":["https:\/\/www.ametllerorigenwp.com\/wp-content\/uploads\/2021\/07\/Ametller-07-19-254.jpg",1001,341,false],"post-thumbnail":["https:\/\/www.ametllerorigenwp.com\/wp-content\/uploads\/2021\/07\/Ametller-07-19-254.jpg",1001,341,false]},"uagb_author_info":{"display_name":"Mireia Zaragoza","author_link":"https:\/\/www.ametllerorigenwp.com\/ca\/author\/mzaragoza\/"},"uagb_comment_info":0,"uagb_excerpt":"Ara que estem en plena temporada de tom\u00e0quets, et volem ajudar a preparar receptes delicioses i saludables amb aquesta hortalissa. Avui descobrim el tom\u00e0quet de pebrot, una varietat molt carnosa, plena de polpa i ben dol\u00e7a! El seu nom ve precisament de la seva forma allargada, que recorda visualment a algunes varietats de pebrots. Al&hellip;","coauthors":[],"tax_additional":{"categories":{"linked":["<a href=\"https:\/\/www.ametllerorigenwp.com\/ca\/category\/noticies\/\" class=\"advgb-post-tax-term\">Noticies<\/a>"],"unlinked":["<span class=\"advgb-post-tax-term\">Noticies<\/span>"]}},"comment_count":"0","relative_dates":{"created":"Posted 5 anys ago","modified":"Updated 5 anys ago"},"absolute_dates":{"created":"Posted on 22 de juliol de 2021","modified":"Updated on 22 de juliol de 2021"},"absolute_dates_time":{"created":"Posted on 22 de juliol de 2021 14:25","modified":"Updated on 22 de juliol de 2021 07:20"},"featured_img_caption":"","series_order":"","show_in_app":true,"fecha_inicio_destacado":null,"hora_inicio_visualizacion":null,"minutos_inicio_visualizacion":null,"fecha_final_destacado":null,"hora_final_visualizacion":null,"minutos_final_visualizacion":null,"posicion_visualizacion":null,"estado_destacado":null,"niveles_destacados":null,"url_del_enlace":null,"banner_destacado":null,"posicion_visualizacion_de_la_noticia":null,"estado_noticia":null,"fecha_de_inicio_de_visualizacion_del_tutorial":null,"hora_inicio_visualizacion_tutorial":null,"minutos_inicio_visualizacion_tutorial":null,"fecha_de_final_de_visualizacion_del_tutorial":null,"hora_final_visualizacion_tutorial":null,"minutos_final_visualizacion_tutorial":null,"numero_de_veces_visto":null,"numero_de_veces_total":null,"niveles_tutorial":null,"tutorial_recursos_castellano":null,"tutorial_recursos_catalan":null,"dias_disponibles":null,"dias_de_la_semana":null,"dias_del_mes":null,"other_lang_post_id":null,"lang":"ca","campanya_descripcion":null,"campanya_fecha_inicio":null,"campanya_fecha_fin":null,"campanya_legales":null,"campanya_imagen":null,"campanya_characteristics":null,"campanya_url":null,"campanya_posicion_visualizacion":null,"campanya_estado":null,"_links":{"self":[{"href":"https:\/\/www.ametllerorigenwp.com\/ca\/wp-json\/wp\/v2\/posts\/2841","targetHints":{"allow":["GET"]}}],"collection":[{"href":"https:\/\/www.ametllerorigenwp.com\/ca\/wp-json\/wp\/v2\/posts"}],"about":[{"href":"https:\/\/www.ametllerorigenwp.com\/ca\/wp-json\/wp\/v2\/types\/post"}],"author":[{"embeddable":true,"href":"https:\/\/www.ametllerorigenwp.com\/ca\/wp-json\/wp\/v2\/users\/5"}],"replies":[{"embeddable":true,"href":"https:\/\/www.ametllerorigenwp.com\/ca\/wp-json\/wp\/v2\/comments?post=2841"}],"version-history":[{"count":2,"href":"https:\/\/www.ametllerorigenwp.com\/ca\/wp-json\/wp\/v2\/posts\/2841\/revisions"}],"predecessor-version":[{"id":2905,"href":"https:\/\/www.ametllerorigenwp.com\/ca\/wp-json\/wp\/v2\/posts\/2841\/revisions\/2905"}],"wp:featuredmedia":[{"embeddable":true,"href":"https:\/\/www.ametllerorigenwp.com\/ca\/wp-json\/wp\/v2\/media\/2842"}],"wp:attachment":[{"href":"https:\/\/www.ametllerorigenwp.com\/ca\/wp-json\/wp\/v2\/media?parent=2841"}],"wp:term":[{"taxonomy":"category","embeddable":true,"href":"https:\/\/www.ametllerorigenwp.com\/ca\/wp-json\/wp\/v2\/categories?post=2841"},{"taxonomy":"post_tag","embeddable":true,"href":"https:\/\/www.ametllerorigenwp.com\/ca\/wp-json\/wp\/v2\/tags?post=2841"}],"curies":[{"name":"wp","href":"https:\/\/api.w.org\/{rel}","templated":true}]}}