{"id":2978,"date":"2021-08-01T12:03:00","date_gmt":"2021-08-01T12:03:00","guid":{"rendered":"https:\/\/www.ametllerorigenwp.com\/?p=2978"},"modified":"2021-07-30T12:03:55","modified_gmt":"2021-07-30T12:03:55","slug":"refrescant-i-amb-molta-vitamina-c-gaudeix-del-melo","status":"publish","type":"post","link":"https:\/\/www.ametllerorigenwp.com\/ca\/refrescant-i-amb-molta-vitamina-c-gaudeix-del-melo\/","title":{"rendered":"Refrescant i amb molta vitamina C: gaudeix del mel\u00f3"},"content":{"rendered":"\n<p>Estiu \u00e9s sin\u00f2nim de calor i no hi ha fruita <strong>m\u00e9s refrescant i hidratant<\/strong>, juntament amb la s\u00edndria, que un bon tall de mel\u00f3. <strong>Sabies que un 92% d\u2019aquesta fruita \u00e9s aigua?<\/strong> S\u00ed, tal com ho sents i, a m\u00e9s a m\u00e9s, \u00e9s una <strong>gran font de vitamines i minerals<\/strong>.<\/p>\n\n\n\n<p>Concretament, el mel\u00f3 cont\u00e9 <strong>una elevada quantitat de vitamina C<\/strong>, un potent antioxidant que protegeix les teves c\u00e8l\u00b7lules. Un tall de mel\u00f3 (300 g) t\u2019aporta un 75% de la vitamina C recomanada. Tamb\u00e9 \u00e9s font de <strong>pro<\/strong> <strong>vitamina A o betacarotens<\/strong>, que t\u2019ajuda en la formaci\u00f3 de col\u00b7lagen, protegeix el teu sistema immunitari i la teva vista. Respecte als minerals, en destaca, especialment, el <strong>potassi<\/strong>, que contribueix al bon funcionament del sistema nervi\u00f3s i dels m\u00fasculs.<\/p>\n\n\n\n<p>Recorda, <strong>per fer front a la calor no hi ha res millor que un bon tall de mel\u00f3: la combinaci\u00f3 ideal de sucre natural, aigua, vitamines i minerals!<\/strong> Has provat <strong><a href=\"https:\/\/www.ametllerorigen.com\/ca\/Fruita\/Melons-i-sindries?utm_source=ametllerorigen.com&amp;utm_medium=organic&amp;utm_campaign=Contiguts_app&amp;utm_content=\" target=\"_blank\" rel=\"noreferrer noopener\">els nostres melons<\/a><\/strong>?<\/p>\n","protected":false},"excerpt":{"rendered":"<p>Estiu \u00e9s sin\u00f2nim de calor i no hi ha fruita m\u00e9s refrescant i hidratant, juntament amb la s\u00edndria, que un bon tall de mel\u00f3. Sabies que un 92% d\u2019aquesta fruita \u00e9s aigua? S\u00ed, tal com ho sents i, a m\u00e9s a m\u00e9s, \u00e9s una gran font de vitamines i minerals. Concretament, el mel\u00f3 cont\u00e9 una &hellip; <a href=\"https:\/\/www.ametllerorigenwp.com\/ca\/refrescant-i-amb-molta-vitamina-c-gaudeix-del-melo\/\" class=\"more-link\">Continua llegint <span class=\"screen-reader-text\">\u00abRefrescant i amb molta vitamina C: gaudeix del mel\u00f3\u00bb<\/span><\/a><\/p>\n","protected":false},"author":5,"featured_media":2974,"comment_status":"open","ping_status":"open","sticky":false,"template":"","format":"standard","meta":{"_uag_custom_page_level_css":"","advgb_blocks_editor_width":"","advgb_blocks_columns_visual_guide":"","footnotes":""},"categories":[2],"tags":[],"class_list":["post-2978","post","type-post","status-publish","format-standard","has-post-thumbnail","hentry","category-noticies"],"author_meta":{"display_name":"Mireia Zaragoza","author_link":"https:\/\/www.ametllerorigenwp.com\/ca\/author\/mzaragoza\/"},"featured_img":"https:\/\/www.ametllerorigenwp.com\/wp-content\/uploads\/2021\/07\/Melo-300x102.jpg","uagb_featured_image_src":{"full":["https:\/\/www.ametllerorigenwp.com\/wp-content\/uploads\/2021\/07\/Melo.jpg",1001,341,false],"thumbnail":["https:\/\/www.ametllerorigenwp.com\/wp-content\/uploads\/2021\/07\/Melo-150x150.jpg",150,150,true],"medium":["https:\/\/www.ametllerorigenwp.com\/wp-content\/uploads\/2021\/07\/Melo-300x102.jpg",300,102,true],"medium_large":["https:\/\/www.ametllerorigenwp.com\/wp-content\/uploads\/2021\/07\/Melo-768x262.jpg",768,262,true],"large":["https:\/\/www.ametllerorigenwp.com\/wp-content\/uploads\/2021\/07\/Melo.jpg",840,286,false],"1536x1536":["https:\/\/www.ametllerorigenwp.com\/wp-content\/uploads\/2021\/07\/Melo.jpg",1001,341,false],"2048x2048":["https:\/\/www.ametllerorigenwp.com\/wp-content\/uploads\/2021\/07\/Melo.jpg",1001,341,false],"post-thumbnail":["https:\/\/www.ametllerorigenwp.com\/wp-content\/uploads\/2021\/07\/Melo.jpg",1001,341,false]},"uagb_author_info":{"display_name":"Mireia Zaragoza","author_link":"https:\/\/www.ametllerorigenwp.com\/ca\/author\/mzaragoza\/"},"uagb_comment_info":0,"uagb_excerpt":"Estiu \u00e9s sin\u00f2nim de calor i no hi ha fruita m\u00e9s refrescant i hidratant, juntament amb la s\u00edndria, que un bon tall de mel\u00f3. Sabies que un 92% d\u2019aquesta fruita \u00e9s aigua? S\u00ed, tal com ho sents i, a m\u00e9s a m\u00e9s, \u00e9s una gran font de vitamines i minerals. Concretament, el mel\u00f3 cont\u00e9 una&hellip;","coauthors":[],"tax_additional":{"categories":{"linked":["<a href=\"https:\/\/www.ametllerorigenwp.com\/ca\/category\/noticies\/\" class=\"advgb-post-tax-term\">Noticies<\/a>"],"unlinked":["<span class=\"advgb-post-tax-term\">Noticies<\/span>"]}},"comment_count":"0","relative_dates":{"created":"Posted 5 anys ago","modified":"Updated 5 anys ago"},"absolute_dates":{"created":"Posted on 1 d'agost de 2021","modified":"Updated on 30 de juliol de 2021"},"absolute_dates_time":{"created":"Posted on 1 d'agost de 2021 12:03","modified":"Updated on 30 de juliol de 2021 12:03"},"featured_img_caption":"","series_order":"","show_in_app":true,"fecha_inicio_destacado":null,"hora_inicio_visualizacion":null,"minutos_inicio_visualizacion":null,"fecha_final_destacado":null,"hora_final_visualizacion":null,"minutos_final_visualizacion":null,"posicion_visualizacion":null,"estado_destacado":null,"niveles_destacados":null,"url_del_enlace":null,"banner_destacado":null,"posicion_visualizacion_de_la_noticia":null,"estado_noticia":null,"fecha_de_inicio_de_visualizacion_del_tutorial":null,"hora_inicio_visualizacion_tutorial":null,"minutos_inicio_visualizacion_tutorial":null,"fecha_de_final_de_visualizacion_del_tutorial":null,"hora_final_visualizacion_tutorial":null,"minutos_final_visualizacion_tutorial":null,"numero_de_veces_visto":null,"numero_de_veces_total":null,"niveles_tutorial":null,"tutorial_recursos_castellano":null,"tutorial_recursos_catalan":null,"dias_disponibles":null,"dias_de_la_semana":null,"dias_del_mes":null,"other_lang_post_id":null,"lang":"ca","campanya_descripcion":null,"campanya_fecha_inicio":null,"campanya_fecha_fin":null,"campanya_legales":null,"campanya_imagen":null,"campanya_characteristics":null,"campanya_url":null,"campanya_posicion_visualizacion":null,"campanya_estado":null,"_links":{"self":[{"href":"https:\/\/www.ametllerorigenwp.com\/ca\/wp-json\/wp\/v2\/posts\/2978","targetHints":{"allow":["GET"]}}],"collection":[{"href":"https:\/\/www.ametllerorigenwp.com\/ca\/wp-json\/wp\/v2\/posts"}],"about":[{"href":"https:\/\/www.ametllerorigenwp.com\/ca\/wp-json\/wp\/v2\/types\/post"}],"author":[{"embeddable":true,"href":"https:\/\/www.ametllerorigenwp.com\/ca\/wp-json\/wp\/v2\/users\/5"}],"replies":[{"embeddable":true,"href":"https:\/\/www.ametllerorigenwp.com\/ca\/wp-json\/wp\/v2\/comments?post=2978"}],"version-history":[{"count":1,"href":"https:\/\/www.ametllerorigenwp.com\/ca\/wp-json\/wp\/v2\/posts\/2978\/revisions"}],"predecessor-version":[{"id":2979,"href":"https:\/\/www.ametllerorigenwp.com\/ca\/wp-json\/wp\/v2\/posts\/2978\/revisions\/2979"}],"wp:featuredmedia":[{"embeddable":true,"href":"https:\/\/www.ametllerorigenwp.com\/ca\/wp-json\/wp\/v2\/media\/2974"}],"wp:attachment":[{"href":"https:\/\/www.ametllerorigenwp.com\/ca\/wp-json\/wp\/v2\/media?parent=2978"}],"wp:term":[{"taxonomy":"category","embeddable":true,"href":"https:\/\/www.ametllerorigenwp.com\/ca\/wp-json\/wp\/v2\/categories?post=2978"},{"taxonomy":"post_tag","embeddable":true,"href":"https:\/\/www.ametllerorigenwp.com\/ca\/wp-json\/wp\/v2\/tags?post=2978"}],"curies":[{"name":"wp","href":"https:\/\/api.w.org\/{rel}","templated":true}]}}