{"id":3013,"date":"2021-08-08T10:30:00","date_gmt":"2021-08-08T10:30:00","guid":{"rendered":"https:\/\/www.ametllerorigenwp.com\/?p=3013"},"modified":"2021-08-06T14:15:17","modified_gmt":"2021-08-06T14:15:17","slug":"tomaquet-cor-de-bou-la-varietat-mes-versatil","status":"publish","type":"post","link":"https:\/\/www.ametllerorigenwp.com\/ca\/tomaquet-cor-de-bou-la-varietat-mes-versatil\/","title":{"rendered":"Tom\u00e0quet Cor de Bou, la varietat m\u00e9s vers\u00e0til"},"content":{"rendered":"\n<p><strong>De sabor dol\u00e7, suc\u00f3s i arom\u00e0tic; ben carn\u00f3s i amb poques llavors, el tom\u00e0quet Cor de Bou <\/strong>el reconeixer\u00e0s f\u00e0cilment per la seva forma arrodonida amb solcs i pel seu color vermell\u00f3s amb franges verdes.<\/p>\n\n\n\n<p>Aquesta varietat de tom\u00e0quet, que cultivem als nostres camps del Maresme i el recollim en el seu moment \u00f2ptim de maduraci\u00f3, \u00e9s <strong>ideal per amanir, per menjar en t\u00e0rtar, combinar-lo amb fruites dolces &#8211; com la figa fresca o pr\u00e9ssecs-, per especiar-lo amb esp\u00edgol o c\u00farcuma o per farcir-lo amb una bona ensaladilla russa.<\/strong><\/p>\n\n\n\n<p>El Cintet t\u2019ensenya <strong>en aquest <a href=\"https:\/\/www.instagram.com\/p\/CRRHW38IbGl\/?utm_source=app&amp;utm_medium=appcat&amp;utm_campaign=contingut-app-receptacordebou&amp;utm_content=\" target=\"_blank\" rel=\"noreferrer noopener\">v\u00eddeo<\/a> una recepta fresca i saludable amb tom\u00e0quet Cor de Bou, ensaladilla russa i niu de mongetes.<\/strong> Anima\u2019t a preparar-la!<\/p>\n","protected":false},"excerpt":{"rendered":"<p>De sabor dol\u00e7, suc\u00f3s i arom\u00e0tic; ben carn\u00f3s i amb poques llavors, el tom\u00e0quet Cor de Bou el reconeixer\u00e0s f\u00e0cilment per la seva forma arrodonida amb solcs i pel seu color vermell\u00f3s amb franges verdes. Aquesta varietat de tom\u00e0quet, que cultivem als nostres camps del Maresme i el recollim en el seu moment \u00f2ptim de &hellip; <a href=\"https:\/\/www.ametllerorigenwp.com\/ca\/tomaquet-cor-de-bou-la-varietat-mes-versatil\/\" class=\"more-link\">Continua llegint <span class=\"screen-reader-text\">\u00abTom\u00e0quet Cor de Bou, la varietat m\u00e9s vers\u00e0til\u00bb<\/span><\/a><\/p>\n","protected":false},"author":5,"featured_media":3017,"comment_status":"open","ping_status":"open","sticky":false,"template":"","format":"standard","meta":{"_uag_custom_page_level_css":"","advgb_blocks_editor_width":"","advgb_blocks_columns_visual_guide":"","footnotes":""},"categories":[2],"tags":[],"class_list":["post-3013","post","type-post","status-publish","format-standard","has-post-thumbnail","hentry","category-noticies"],"author_meta":{"display_name":"Mireia Zaragoza","author_link":"https:\/\/www.ametllerorigenwp.com\/ca\/author\/mzaragoza\/"},"featured_img":"https:\/\/www.ametllerorigenwp.com\/wp-content\/uploads\/2021\/08\/1086937878-300x102.jpg","uagb_featured_image_src":{"full":["https:\/\/www.ametllerorigenwp.com\/wp-content\/uploads\/2021\/08\/1086937878.jpg",1000,340,false],"thumbnail":["https:\/\/www.ametllerorigenwp.com\/wp-content\/uploads\/2021\/08\/1086937878-150x150.jpg",150,150,true],"medium":["https:\/\/www.ametllerorigenwp.com\/wp-content\/uploads\/2021\/08\/1086937878-300x102.jpg",300,102,true],"medium_large":["https:\/\/www.ametllerorigenwp.com\/wp-content\/uploads\/2021\/08\/1086937878-768x261.jpg",768,261,true],"large":["https:\/\/www.ametllerorigenwp.com\/wp-content\/uploads\/2021\/08\/1086937878.jpg",840,286,false],"1536x1536":["https:\/\/www.ametllerorigenwp.com\/wp-content\/uploads\/2021\/08\/1086937878.jpg",1000,340,false],"2048x2048":["https:\/\/www.ametllerorigenwp.com\/wp-content\/uploads\/2021\/08\/1086937878.jpg",1000,340,false],"post-thumbnail":["https:\/\/www.ametllerorigenwp.com\/wp-content\/uploads\/2021\/08\/1086937878.jpg",1000,340,false]},"uagb_author_info":{"display_name":"Mireia Zaragoza","author_link":"https:\/\/www.ametllerorigenwp.com\/ca\/author\/mzaragoza\/"},"uagb_comment_info":0,"uagb_excerpt":"De sabor dol\u00e7, suc\u00f3s i arom\u00e0tic; ben carn\u00f3s i amb poques llavors, el tom\u00e0quet Cor de Bou el reconeixer\u00e0s f\u00e0cilment per la seva forma arrodonida amb solcs i pel seu color vermell\u00f3s amb franges verdes. Aquesta varietat de tom\u00e0quet, que cultivem als nostres camps del Maresme i el recollim en el seu moment \u00f2ptim de&hellip;","coauthors":[],"tax_additional":{"categories":{"linked":["<a href=\"https:\/\/www.ametllerorigenwp.com\/ca\/category\/noticies\/\" class=\"advgb-post-tax-term\">Noticies<\/a>"],"unlinked":["<span class=\"advgb-post-tax-term\">Noticies<\/span>"]}},"comment_count":"0","relative_dates":{"created":"Posted 5 anys ago","modified":"Updated 5 anys ago"},"absolute_dates":{"created":"Posted on 8 d'agost de 2021","modified":"Updated on 6 d'agost de 2021"},"absolute_dates_time":{"created":"Posted on 8 d'agost de 2021 10:30","modified":"Updated on 6 d'agost de 2021 14:15"},"featured_img_caption":"","series_order":"","show_in_app":true,"fecha_inicio_destacado":null,"hora_inicio_visualizacion":null,"minutos_inicio_visualizacion":null,"fecha_final_destacado":null,"hora_final_visualizacion":null,"minutos_final_visualizacion":null,"posicion_visualizacion":null,"estado_destacado":null,"niveles_destacados":null,"url_del_enlace":null,"banner_destacado":null,"posicion_visualizacion_de_la_noticia":null,"estado_noticia":null,"fecha_de_inicio_de_visualizacion_del_tutorial":null,"hora_inicio_visualizacion_tutorial":null,"minutos_inicio_visualizacion_tutorial":null,"fecha_de_final_de_visualizacion_del_tutorial":null,"hora_final_visualizacion_tutorial":null,"minutos_final_visualizacion_tutorial":null,"numero_de_veces_visto":null,"numero_de_veces_total":null,"niveles_tutorial":null,"tutorial_recursos_castellano":null,"tutorial_recursos_catalan":null,"dias_disponibles":null,"dias_de_la_semana":null,"dias_del_mes":null,"other_lang_post_id":null,"lang":"ca","campanya_descripcion":null,"campanya_fecha_inicio":null,"campanya_fecha_fin":null,"campanya_legales":null,"campanya_imagen":null,"campanya_characteristics":null,"campanya_url":null,"campanya_posicion_visualizacion":null,"campanya_estado":null,"_links":{"self":[{"href":"https:\/\/www.ametllerorigenwp.com\/ca\/wp-json\/wp\/v2\/posts\/3013","targetHints":{"allow":["GET"]}}],"collection":[{"href":"https:\/\/www.ametllerorigenwp.com\/ca\/wp-json\/wp\/v2\/posts"}],"about":[{"href":"https:\/\/www.ametllerorigenwp.com\/ca\/wp-json\/wp\/v2\/types\/post"}],"author":[{"embeddable":true,"href":"https:\/\/www.ametllerorigenwp.com\/ca\/wp-json\/wp\/v2\/users\/5"}],"replies":[{"embeddable":true,"href":"https:\/\/www.ametllerorigenwp.com\/ca\/wp-json\/wp\/v2\/comments?post=3013"}],"version-history":[{"count":1,"href":"https:\/\/www.ametllerorigenwp.com\/ca\/wp-json\/wp\/v2\/posts\/3013\/revisions"}],"predecessor-version":[{"id":3014,"href":"https:\/\/www.ametllerorigenwp.com\/ca\/wp-json\/wp\/v2\/posts\/3013\/revisions\/3014"}],"wp:featuredmedia":[{"embeddable":true,"href":"https:\/\/www.ametllerorigenwp.com\/ca\/wp-json\/wp\/v2\/media\/3017"}],"wp:attachment":[{"href":"https:\/\/www.ametllerorigenwp.com\/ca\/wp-json\/wp\/v2\/media?parent=3013"}],"wp:term":[{"taxonomy":"category","embeddable":true,"href":"https:\/\/www.ametllerorigenwp.com\/ca\/wp-json\/wp\/v2\/categories?post=3013"},{"taxonomy":"post_tag","embeddable":true,"href":"https:\/\/www.ametllerorigenwp.com\/ca\/wp-json\/wp\/v2\/tags?post=3013"}],"curies":[{"name":"wp","href":"https:\/\/api.w.org\/{rel}","templated":true}]}}