{"id":3020,"date":"2021-08-09T08:20:33","date_gmt":"2021-08-09T08:20:33","guid":{"rendered":"https:\/\/www.ametllerorigenwp.com\/?p=3020"},"modified":"2021-08-09T10:33:11","modified_gmt":"2021-08-09T10:33:11","slug":"consells-per-fer-una-bona-barbacoa","status":"publish","type":"post","link":"https:\/\/www.ametllerorigenwp.com\/ca\/consells-per-fer-una-bona-barbacoa\/","title":{"rendered":"Consells per fer una bona barbacoa"},"content":{"rendered":"\n<p>A l\u2019estiu, un dels plans estrella \u00e9s fer una barbacoa a l\u2019aire lliure amb la fam\u00edlia i\/o els amics. Et donem <strong>alguns consells per ser el millor xef i amfitri\u00f3!<\/strong><\/p>\n\n\n\n<ul class=\"wp-block-list\"><li>Sempre que puguis, <strong>fes servir carb\u00f3, ja que les brases duraran m\u00e9s estona i la calor ser\u00e0 sempre m\u00e9s constant,<\/strong> per tant, el resultat a la brasa ser\u00e0 espectacular!<\/li><li>Has de <strong>deixar temperar la carn, \u00e9s a dir, treure-la una estona abans de cuinar de la nevera. <\/strong>D\u2019aquesta manera aconseguir\u00e0s que es cuini de manera uniforme.<\/li><li>Si vols <strong>aromatitzar la carn amb herbes -roman\u00ed o farigola-, et recomanem fer-ho sempre un cop la carn estigui ja cuinada<\/strong>. El mateix amb la sal!<\/li><li><strong>Tingues en compte el temps de cocci\u00f3 de cada aliment<\/strong> per posar-ho amb l\u2019ordre correcte: una botifarra, per exemple, triga molt poc en cuinar-se a la brasa, en canvi, si vols fer unes patates al caliu necessitar\u00e0s m\u00e9s temps!<\/li><li><strong>Tingues en compte el punt de cocci\u00f3<\/strong>, segons les prefer\u00e8ncies de cada persona.<\/li><li>I no t\u2019oblidis de la varietat: <strong>diferents tipus de carn, verdures i opcions per als veggies, com aquestes <a href=\"https:\/\/www.instagram.com\/p\/CSUOWsDoHxg\/\" target=\"_blank\" rel=\"noreferrer noopener\">broquetes de tofu i verdura amb salsa barbacoa<\/a> que t\u2019ensenya a preparar el Cintet! <\/strong>Pots preparar-les tamb\u00e9 amb Heura, Seit\u00e0n o Tempeh.<\/li><\/ul>\n\n\n\n<p><strong>Consell 0% malbaratament alimentari<\/strong><\/p>\n\n\n\n<p>Un dels errors m\u00e9s com\u00fa a l\u2019hora de fer barbacoa \u00e9s no calcular b\u00e9 les quantitats de menjar. A qui no li ha passat? Per aix\u00f2, <strong>abans d\u2019anar a comprar, \u00e9s important saber les persones que menjaran per calcular la quantitat de menjar i evitar llen\u00e7ar-lo.<\/strong><\/p>\n\n\n\n<p><strong>Amb aquests consells, esperem que gaudeixis d\u2019una bona barbacoa! Bon profit!<\/strong><\/p>\n","protected":false},"excerpt":{"rendered":"<p>A l\u2019estiu, un dels plans estrella \u00e9s fer una barbacoa a l\u2019aire lliure amb la fam\u00edlia i\/o els amics. Et donem alguns consells per ser el millor xef i amfitri\u00f3! Sempre que puguis, fes servir carb\u00f3, ja que les brases duraran m\u00e9s estona i la calor ser\u00e0 sempre m\u00e9s constant, per tant, el resultat a &hellip; <a href=\"https:\/\/www.ametllerorigenwp.com\/ca\/consells-per-fer-una-bona-barbacoa\/\" class=\"more-link\">Continua llegint <span class=\"screen-reader-text\">\u00abConsells per fer una bona barbacoa\u00bb<\/span><\/a><\/p>\n","protected":false},"author":5,"featured_media":3025,"comment_status":"open","ping_status":"open","sticky":false,"template":"","format":"standard","meta":{"_uag_custom_page_level_css":"","advgb_blocks_editor_width":"","advgb_blocks_columns_visual_guide":"","footnotes":""},"categories":[2],"tags":[],"class_list":["post-3020","post","type-post","status-publish","format-standard","has-post-thumbnail","hentry","category-noticies"],"author_meta":{"display_name":"Mireia Zaragoza","author_link":"https:\/\/www.ametllerorigenwp.com\/ca\/author\/mzaragoza\/"},"featured_img":"https:\/\/www.ametllerorigenwp.com\/wp-content\/uploads\/2021\/08\/00003-300x102.jpg","uagb_featured_image_src":{"full":["https:\/\/www.ametllerorigenwp.com\/wp-content\/uploads\/2021\/08\/00003.jpg",1000,339,false],"thumbnail":["https:\/\/www.ametllerorigenwp.com\/wp-content\/uploads\/2021\/08\/00003-150x150.jpg",150,150,true],"medium":["https:\/\/www.ametllerorigenwp.com\/wp-content\/uploads\/2021\/08\/00003-300x102.jpg",300,102,true],"medium_large":["https:\/\/www.ametllerorigenwp.com\/wp-content\/uploads\/2021\/08\/00003-768x260.jpg",768,260,true],"large":["https:\/\/www.ametllerorigenwp.com\/wp-content\/uploads\/2021\/08\/00003.jpg",840,285,false],"1536x1536":["https:\/\/www.ametllerorigenwp.com\/wp-content\/uploads\/2021\/08\/00003.jpg",1000,339,false],"2048x2048":["https:\/\/www.ametllerorigenwp.com\/wp-content\/uploads\/2021\/08\/00003.jpg",1000,339,false],"post-thumbnail":["https:\/\/www.ametllerorigenwp.com\/wp-content\/uploads\/2021\/08\/00003.jpg",1000,339,false]},"uagb_author_info":{"display_name":"Mireia Zaragoza","author_link":"https:\/\/www.ametllerorigenwp.com\/ca\/author\/mzaragoza\/"},"uagb_comment_info":0,"uagb_excerpt":"A l\u2019estiu, un dels plans estrella \u00e9s fer una barbacoa a l\u2019aire lliure amb la fam\u00edlia i\/o els amics. Et donem alguns consells per ser el millor xef i amfitri\u00f3! Sempre que puguis, fes servir carb\u00f3, ja que les brases duraran m\u00e9s estona i la calor ser\u00e0 sempre m\u00e9s constant, per tant, el resultat a&hellip;","coauthors":[],"tax_additional":{"categories":{"linked":["<a href=\"https:\/\/www.ametllerorigenwp.com\/ca\/category\/noticies\/\" class=\"advgb-post-tax-term\">Noticies<\/a>"],"unlinked":["<span class=\"advgb-post-tax-term\">Noticies<\/span>"]}},"comment_count":"0","relative_dates":{"created":"Posted 5 anys ago","modified":"Updated 5 anys ago"},"absolute_dates":{"created":"Posted on 9 d'agost de 2021","modified":"Updated on 9 d'agost de 2021"},"absolute_dates_time":{"created":"Posted on 9 d'agost de 2021 08:20","modified":"Updated on 9 d'agost de 2021 10:33"},"featured_img_caption":"","series_order":"","show_in_app":true,"fecha_inicio_destacado":null,"hora_inicio_visualizacion":null,"minutos_inicio_visualizacion":null,"fecha_final_destacado":null,"hora_final_visualizacion":null,"minutos_final_visualizacion":null,"posicion_visualizacion":null,"estado_destacado":null,"niveles_destacados":null,"url_del_enlace":null,"banner_destacado":null,"posicion_visualizacion_de_la_noticia":null,"estado_noticia":null,"fecha_de_inicio_de_visualizacion_del_tutorial":null,"hora_inicio_visualizacion_tutorial":null,"minutos_inicio_visualizacion_tutorial":null,"fecha_de_final_de_visualizacion_del_tutorial":null,"hora_final_visualizacion_tutorial":null,"minutos_final_visualizacion_tutorial":null,"numero_de_veces_visto":null,"numero_de_veces_total":null,"niveles_tutorial":null,"tutorial_recursos_castellano":null,"tutorial_recursos_catalan":null,"dias_disponibles":null,"dias_de_la_semana":null,"dias_del_mes":null,"other_lang_post_id":null,"lang":"ca","campanya_descripcion":null,"campanya_fecha_inicio":null,"campanya_fecha_fin":null,"campanya_legales":null,"campanya_imagen":null,"campanya_characteristics":null,"campanya_url":null,"campanya_posicion_visualizacion":null,"campanya_estado":null,"_links":{"self":[{"href":"https:\/\/www.ametllerorigenwp.com\/ca\/wp-json\/wp\/v2\/posts\/3020","targetHints":{"allow":["GET"]}}],"collection":[{"href":"https:\/\/www.ametllerorigenwp.com\/ca\/wp-json\/wp\/v2\/posts"}],"about":[{"href":"https:\/\/www.ametllerorigenwp.com\/ca\/wp-json\/wp\/v2\/types\/post"}],"author":[{"embeddable":true,"href":"https:\/\/www.ametllerorigenwp.com\/ca\/wp-json\/wp\/v2\/users\/5"}],"replies":[{"embeddable":true,"href":"https:\/\/www.ametllerorigenwp.com\/ca\/wp-json\/wp\/v2\/comments?post=3020"}],"version-history":[{"count":1,"href":"https:\/\/www.ametllerorigenwp.com\/ca\/wp-json\/wp\/v2\/posts\/3020\/revisions"}],"predecessor-version":[{"id":3021,"href":"https:\/\/www.ametllerorigenwp.com\/ca\/wp-json\/wp\/v2\/posts\/3020\/revisions\/3021"}],"wp:featuredmedia":[{"embeddable":true,"href":"https:\/\/www.ametllerorigenwp.com\/ca\/wp-json\/wp\/v2\/media\/3025"}],"wp:attachment":[{"href":"https:\/\/www.ametllerorigenwp.com\/ca\/wp-json\/wp\/v2\/media?parent=3020"}],"wp:term":[{"taxonomy":"category","embeddable":true,"href":"https:\/\/www.ametllerorigenwp.com\/ca\/wp-json\/wp\/v2\/categories?post=3020"},{"taxonomy":"post_tag","embeddable":true,"href":"https:\/\/www.ametllerorigenwp.com\/ca\/wp-json\/wp\/v2\/tags?post=3020"}],"curies":[{"name":"wp","href":"https:\/\/api.w.org\/{rel}","templated":true}]}}