{"id":3048,"date":"2021-08-15T10:53:00","date_gmt":"2021-08-15T10:53:00","guid":{"rendered":"https:\/\/www.ametllerorigenwp.com\/?p=3048"},"modified":"2021-08-13T10:54:46","modified_gmt":"2021-08-13T10:54:46","slug":"amanida-refrescant-de-tomaquet-monterrosa-amb-sardina-i-seitons","status":"publish","type":"post","link":"https:\/\/www.ametllerorigenwp.com\/ca\/amanida-refrescant-de-tomaquet-monterrosa-amb-sardina-i-seitons\/","title":{"rendered":"Amanida refrescant de tom\u00e0quet Monterrosa amb sardina i seitons"},"content":{"rendered":"\n<p>A qui no li ve de gust, aquests dies de m\u00e9s calor, una amanida ben refrescant? El Cintet t\u2019ensenya <a href=\"https:\/\/www.instagram.com\/p\/CSbyYU4ocjQ\/\" target=\"_blank\" rel=\"noreferrer noopener\">com fer una deliciosa <strong>amanida de tom\u00e0quet Monterrosa, sardina fumada i seitons amb vinagreta d\u2019olivada<\/strong><\/a><strong>.<\/strong><\/p>\n\n\n\n<p><strong>De sabor dol\u00e7 i afruitat i de textura sucosa, el tom\u00e0quet Monterrosa<\/strong> \u00e9s un imprescindible en les receptes d\u2019estiu. Aquesta varietat, que cultivem als nostres camps del Maresme i collim en el seu punt \u00f2ptim de maduraci\u00f3<strong>, \u00e9s ideal per amanir i farcir \u2013especialment en cru-, o per maridar amb pr\u00e9ssecs, s\u00edndria o altres tom\u00e0quets m\u00e9s dol\u00e7os<\/strong> com, per exemple, el xerry.<\/p>\n","protected":false},"excerpt":{"rendered":"<p>A qui no li ve de gust, aquests dies de m\u00e9s calor, una amanida ben refrescant? El Cintet t\u2019ensenya com fer una deliciosa amanida de tom\u00e0quet Monterrosa, sardina fumada i seitons amb vinagreta d\u2019olivada. De sabor dol\u00e7 i afruitat i de textura sucosa, el tom\u00e0quet Monterrosa \u00e9s un imprescindible en les receptes d\u2019estiu. Aquesta varietat, &hellip; <a href=\"https:\/\/www.ametllerorigenwp.com\/ca\/amanida-refrescant-de-tomaquet-monterrosa-amb-sardina-i-seitons\/\" class=\"more-link\">Continua llegint <span class=\"screen-reader-text\">\u00abAmanida refrescant de tom\u00e0quet Monterrosa amb sardina i seitons\u00bb<\/span><\/a><\/p>\n","protected":false},"author":5,"featured_media":3049,"comment_status":"open","ping_status":"open","sticky":false,"template":"","format":"standard","meta":{"_uag_custom_page_level_css":"","advgb_blocks_editor_width":"","advgb_blocks_columns_visual_guide":"","footnotes":""},"categories":[2],"tags":[],"class_list":["post-3048","post","type-post","status-publish","format-standard","has-post-thumbnail","hentry","category-noticies"],"author_meta":{"display_name":"Mireia Zaragoza","author_link":"https:\/\/www.ametllerorigenwp.com\/ca\/author\/mzaragoza\/"},"featured_img":"https:\/\/www.ametllerorigenwp.com\/wp-content\/uploads\/2021\/08\/2021-08-13-300x102.jpg","uagb_featured_image_src":{"full":["https:\/\/www.ametllerorigenwp.com\/wp-content\/uploads\/2021\/08\/2021-08-13.jpg",1002,340,false],"thumbnail":["https:\/\/www.ametllerorigenwp.com\/wp-content\/uploads\/2021\/08\/2021-08-13-150x150.jpg",150,150,true],"medium":["https:\/\/www.ametllerorigenwp.com\/wp-content\/uploads\/2021\/08\/2021-08-13-300x102.jpg",300,102,true],"medium_large":["https:\/\/www.ametllerorigenwp.com\/wp-content\/uploads\/2021\/08\/2021-08-13-768x261.jpg",768,261,true],"large":["https:\/\/www.ametllerorigenwp.com\/wp-content\/uploads\/2021\/08\/2021-08-13.jpg",840,285,false],"1536x1536":["https:\/\/www.ametllerorigenwp.com\/wp-content\/uploads\/2021\/08\/2021-08-13.jpg",1002,340,false],"2048x2048":["https:\/\/www.ametllerorigenwp.com\/wp-content\/uploads\/2021\/08\/2021-08-13.jpg",1002,340,false],"post-thumbnail":["https:\/\/www.ametllerorigenwp.com\/wp-content\/uploads\/2021\/08\/2021-08-13.jpg",1002,340,false]},"uagb_author_info":{"display_name":"Mireia Zaragoza","author_link":"https:\/\/www.ametllerorigenwp.com\/ca\/author\/mzaragoza\/"},"uagb_comment_info":0,"uagb_excerpt":"A qui no li ve de gust, aquests dies de m\u00e9s calor, una amanida ben refrescant? El Cintet t\u2019ensenya com fer una deliciosa amanida de tom\u00e0quet Monterrosa, sardina fumada i seitons amb vinagreta d\u2019olivada. De sabor dol\u00e7 i afruitat i de textura sucosa, el tom\u00e0quet Monterrosa \u00e9s un imprescindible en les receptes d\u2019estiu. Aquesta varietat,&hellip;","coauthors":[],"tax_additional":{"categories":{"linked":["<a href=\"https:\/\/www.ametllerorigenwp.com\/ca\/category\/noticies\/\" class=\"advgb-post-tax-term\">Noticies<\/a>"],"unlinked":["<span class=\"advgb-post-tax-term\">Noticies<\/span>"]}},"comment_count":"0","relative_dates":{"created":"Posted 5 anys ago","modified":"Updated 5 anys ago"},"absolute_dates":{"created":"Posted on 15 d'agost de 2021","modified":"Updated on 13 d'agost de 2021"},"absolute_dates_time":{"created":"Posted on 15 d'agost de 2021 10:53","modified":"Updated on 13 d'agost de 2021 10:54"},"featured_img_caption":"","series_order":"","show_in_app":true,"fecha_inicio_destacado":null,"hora_inicio_visualizacion":null,"minutos_inicio_visualizacion":null,"fecha_final_destacado":null,"hora_final_visualizacion":null,"minutos_final_visualizacion":null,"posicion_visualizacion":null,"estado_destacado":null,"niveles_destacados":null,"url_del_enlace":null,"banner_destacado":null,"posicion_visualizacion_de_la_noticia":null,"estado_noticia":null,"fecha_de_inicio_de_visualizacion_del_tutorial":null,"hora_inicio_visualizacion_tutorial":null,"minutos_inicio_visualizacion_tutorial":null,"fecha_de_final_de_visualizacion_del_tutorial":null,"hora_final_visualizacion_tutorial":null,"minutos_final_visualizacion_tutorial":null,"numero_de_veces_visto":null,"numero_de_veces_total":null,"niveles_tutorial":null,"tutorial_recursos_castellano":null,"tutorial_recursos_catalan":null,"dias_disponibles":null,"dias_de_la_semana":null,"dias_del_mes":null,"other_lang_post_id":null,"lang":"ca","campanya_descripcion":null,"campanya_fecha_inicio":null,"campanya_fecha_fin":null,"campanya_legales":null,"campanya_imagen":null,"campanya_characteristics":null,"campanya_url":null,"campanya_posicion_visualizacion":null,"campanya_estado":null,"_links":{"self":[{"href":"https:\/\/www.ametllerorigenwp.com\/ca\/wp-json\/wp\/v2\/posts\/3048","targetHints":{"allow":["GET"]}}],"collection":[{"href":"https:\/\/www.ametllerorigenwp.com\/ca\/wp-json\/wp\/v2\/posts"}],"about":[{"href":"https:\/\/www.ametllerorigenwp.com\/ca\/wp-json\/wp\/v2\/types\/post"}],"author":[{"embeddable":true,"href":"https:\/\/www.ametllerorigenwp.com\/ca\/wp-json\/wp\/v2\/users\/5"}],"replies":[{"embeddable":true,"href":"https:\/\/www.ametllerorigenwp.com\/ca\/wp-json\/wp\/v2\/comments?post=3048"}],"version-history":[{"count":1,"href":"https:\/\/www.ametllerorigenwp.com\/ca\/wp-json\/wp\/v2\/posts\/3048\/revisions"}],"predecessor-version":[{"id":3051,"href":"https:\/\/www.ametllerorigenwp.com\/ca\/wp-json\/wp\/v2\/posts\/3048\/revisions\/3051"}],"wp:featuredmedia":[{"embeddable":true,"href":"https:\/\/www.ametllerorigenwp.com\/ca\/wp-json\/wp\/v2\/media\/3049"}],"wp:attachment":[{"href":"https:\/\/www.ametllerorigenwp.com\/ca\/wp-json\/wp\/v2\/media?parent=3048"}],"wp:term":[{"taxonomy":"category","embeddable":true,"href":"https:\/\/www.ametllerorigenwp.com\/ca\/wp-json\/wp\/v2\/categories?post=3048"},{"taxonomy":"post_tag","embeddable":true,"href":"https:\/\/www.ametllerorigenwp.com\/ca\/wp-json\/wp\/v2\/tags?post=3048"}],"curies":[{"name":"wp","href":"https:\/\/api.w.org\/{rel}","templated":true}]}}