{"id":3070,"date":"2021-08-18T12:52:29","date_gmt":"2021-08-18T12:52:29","guid":{"rendered":"https:\/\/www.ametllerorigenwp.com\/?p=3070"},"modified":"2021-08-18T12:52:32","modified_gmt":"2021-08-18T12:52:32","slug":"3-trucs-per-saber-quan-un-melo-esta-madur-i-llest-per-menjar","status":"publish","type":"post","link":"https:\/\/www.ametllerorigenwp.com\/ca\/3-trucs-per-saber-quan-un-melo-esta-madur-i-llest-per-menjar\/","title":{"rendered":"3 trucs per saber quan un mel\u00f3 est\u00e0 madur i llest per menjar"},"content":{"rendered":"\n<p>A qui no li ve de gust un tall de mel\u00f3 ara que fa tanta calor? El mel\u00f3 \u00e9s una de <strong>les fruites m\u00e9s consumides a l\u2019estiu perqu\u00e8 \u00e9s molt refrescant i hidrant<\/strong>, per\u00f2 per gaudir-ne cal que estigui al seu punt \u00f2ptim de maduraci\u00f3. A continuaci\u00f3, t\u2019expliquem <strong>tres trucs per saber quan un mel\u00f3 est\u00e0 llest per menjar<\/strong>:<\/p>\n\n\n\n<ul class=\"wp-block-list\"><li><strong>L\u2019olor<\/strong>: en primer lloc cal que l\u2019oloris. Si despr\u00e8n una olor dol\u00e7a \u00e9s un bon senyal, ja que vol dir que est\u00e0 madur.<\/li><li><strong>La pell: <\/strong>una altra manera de saber-ho \u00e9s <strong>pressionant lleugerament la pell<\/strong> per la part inferior de la fruita. Si cedeix una mica \u00e9s que ja est\u00e0 llest per menjar. Compte perqu\u00e8 si s\u2019enfonsa massa podria estar passat.<\/li><li><strong>El pes: <\/strong>com m\u00e9s pesi el mel\u00f3 en proporci\u00f3 a la seva mida, m\u00e9s polpa i suc tindr\u00e0 i m\u00e9s bo estar\u00e0.<\/li><\/ul>\n\n\n\n<p>Gaudeix-lo!<\/p>\n","protected":false},"excerpt":{"rendered":"<p>A qui no li ve de gust un tall de mel\u00f3 ara que fa tanta calor? El mel\u00f3 \u00e9s una de les fruites m\u00e9s consumides a l\u2019estiu perqu\u00e8 \u00e9s molt refrescant i hidrant, per\u00f2 per gaudir-ne cal que estigui al seu punt \u00f2ptim de maduraci\u00f3. A continuaci\u00f3, t\u2019expliquem tres trucs per saber quan un mel\u00f3 &hellip; <a href=\"https:\/\/www.ametllerorigenwp.com\/ca\/3-trucs-per-saber-quan-un-melo-esta-madur-i-llest-per-menjar\/\" class=\"more-link\">Continua llegint <span class=\"screen-reader-text\">\u00ab3 trucs per saber quan un mel\u00f3 est\u00e0 madur i llest per menjar\u00bb<\/span><\/a><\/p>\n","protected":false},"author":5,"featured_media":3071,"comment_status":"open","ping_status":"open","sticky":false,"template":"","format":"standard","meta":{"_uag_custom_page_level_css":"","advgb_blocks_editor_width":"","advgb_blocks_columns_visual_guide":"","footnotes":""},"categories":[2],"tags":[],"class_list":["post-3070","post","type-post","status-publish","format-standard","has-post-thumbnail","hentry","category-noticies"],"author_meta":{"display_name":"Mireia Zaragoza","author_link":"https:\/\/www.ametllerorigenwp.com\/ca\/author\/mzaragoza\/"},"featured_img":"https:\/\/www.ametllerorigenwp.com\/wp-content\/uploads\/2021\/08\/Melo-2-300x102.jpg","uagb_featured_image_src":{"full":["https:\/\/www.ametllerorigenwp.com\/wp-content\/uploads\/2021\/08\/Melo-2.jpg",1000,340,false],"thumbnail":["https:\/\/www.ametllerorigenwp.com\/wp-content\/uploads\/2021\/08\/Melo-2-150x150.jpg",150,150,true],"medium":["https:\/\/www.ametllerorigenwp.com\/wp-content\/uploads\/2021\/08\/Melo-2-300x102.jpg",300,102,true],"medium_large":["https:\/\/www.ametllerorigenwp.com\/wp-content\/uploads\/2021\/08\/Melo-2-768x261.jpg",768,261,true],"large":["https:\/\/www.ametllerorigenwp.com\/wp-content\/uploads\/2021\/08\/Melo-2.jpg",840,286,false],"1536x1536":["https:\/\/www.ametllerorigenwp.com\/wp-content\/uploads\/2021\/08\/Melo-2.jpg",1000,340,false],"2048x2048":["https:\/\/www.ametllerorigenwp.com\/wp-content\/uploads\/2021\/08\/Melo-2.jpg",1000,340,false],"post-thumbnail":["https:\/\/www.ametllerorigenwp.com\/wp-content\/uploads\/2021\/08\/Melo-2.jpg",1000,340,false]},"uagb_author_info":{"display_name":"Mireia Zaragoza","author_link":"https:\/\/www.ametllerorigenwp.com\/ca\/author\/mzaragoza\/"},"uagb_comment_info":0,"uagb_excerpt":"A qui no li ve de gust un tall de mel\u00f3 ara que fa tanta calor? El mel\u00f3 \u00e9s una de les fruites m\u00e9s consumides a l\u2019estiu perqu\u00e8 \u00e9s molt refrescant i hidrant, per\u00f2 per gaudir-ne cal que estigui al seu punt \u00f2ptim de maduraci\u00f3. A continuaci\u00f3, t\u2019expliquem tres trucs per saber quan un mel\u00f3&hellip;","coauthors":[],"tax_additional":{"categories":{"linked":["<a href=\"https:\/\/www.ametllerorigenwp.com\/ca\/category\/noticies\/\" class=\"advgb-post-tax-term\">Noticies<\/a>"],"unlinked":["<span class=\"advgb-post-tax-term\">Noticies<\/span>"]}},"comment_count":"0","relative_dates":{"created":"Posted 5 anys ago","modified":"Updated 5 anys ago"},"absolute_dates":{"created":"Posted on 18 d'agost de 2021","modified":"Updated on 18 d'agost de 2021"},"absolute_dates_time":{"created":"Posted on 18 d'agost de 2021 12:52","modified":"Updated on 18 d'agost de 2021 12:52"},"featured_img_caption":"","series_order":"","show_in_app":true,"fecha_inicio_destacado":null,"hora_inicio_visualizacion":null,"minutos_inicio_visualizacion":null,"fecha_final_destacado":null,"hora_final_visualizacion":null,"minutos_final_visualizacion":null,"posicion_visualizacion":null,"estado_destacado":null,"niveles_destacados":null,"url_del_enlace":null,"banner_destacado":null,"posicion_visualizacion_de_la_noticia":null,"estado_noticia":null,"fecha_de_inicio_de_visualizacion_del_tutorial":null,"hora_inicio_visualizacion_tutorial":null,"minutos_inicio_visualizacion_tutorial":null,"fecha_de_final_de_visualizacion_del_tutorial":null,"hora_final_visualizacion_tutorial":null,"minutos_final_visualizacion_tutorial":null,"numero_de_veces_visto":null,"numero_de_veces_total":null,"niveles_tutorial":null,"tutorial_recursos_castellano":null,"tutorial_recursos_catalan":null,"dias_disponibles":null,"dias_de_la_semana":null,"dias_del_mes":null,"other_lang_post_id":null,"lang":"ca","campanya_descripcion":null,"campanya_fecha_inicio":null,"campanya_fecha_fin":null,"campanya_legales":null,"campanya_imagen":null,"campanya_characteristics":null,"campanya_url":null,"campanya_posicion_visualizacion":null,"campanya_estado":null,"_links":{"self":[{"href":"https:\/\/www.ametllerorigenwp.com\/ca\/wp-json\/wp\/v2\/posts\/3070","targetHints":{"allow":["GET"]}}],"collection":[{"href":"https:\/\/www.ametllerorigenwp.com\/ca\/wp-json\/wp\/v2\/posts"}],"about":[{"href":"https:\/\/www.ametllerorigenwp.com\/ca\/wp-json\/wp\/v2\/types\/post"}],"author":[{"embeddable":true,"href":"https:\/\/www.ametllerorigenwp.com\/ca\/wp-json\/wp\/v2\/users\/5"}],"replies":[{"embeddable":true,"href":"https:\/\/www.ametllerorigenwp.com\/ca\/wp-json\/wp\/v2\/comments?post=3070"}],"version-history":[{"count":1,"href":"https:\/\/www.ametllerorigenwp.com\/ca\/wp-json\/wp\/v2\/posts\/3070\/revisions"}],"predecessor-version":[{"id":3073,"href":"https:\/\/www.ametllerorigenwp.com\/ca\/wp-json\/wp\/v2\/posts\/3070\/revisions\/3073"}],"wp:featuredmedia":[{"embeddable":true,"href":"https:\/\/www.ametllerorigenwp.com\/ca\/wp-json\/wp\/v2\/media\/3071"}],"wp:attachment":[{"href":"https:\/\/www.ametllerorigenwp.com\/ca\/wp-json\/wp\/v2\/media?parent=3070"}],"wp:term":[{"taxonomy":"category","embeddable":true,"href":"https:\/\/www.ametllerorigenwp.com\/ca\/wp-json\/wp\/v2\/categories?post=3070"},{"taxonomy":"post_tag","embeddable":true,"href":"https:\/\/www.ametllerorigenwp.com\/ca\/wp-json\/wp\/v2\/tags?post=3070"}],"curies":[{"name":"wp","href":"https:\/\/api.w.org\/{rel}","templated":true}]}}