{"id":3099,"date":"2021-08-24T14:23:35","date_gmt":"2021-08-24T14:23:35","guid":{"rendered":"https:\/\/www.ametllerorigenwp.com\/?p=3099"},"modified":"2021-08-24T14:23:39","modified_gmt":"2021-08-24T14:23:39","slug":"tomaquet-rosa-de-barbastro-ideal-per-a-amanides-carpaccios-i-tartars","status":"publish","type":"post","link":"https:\/\/www.ametllerorigenwp.com\/ca\/tomaquet-rosa-de-barbastro-ideal-per-a-amanides-carpaccios-i-tartars\/","title":{"rendered":"Tom\u00e0quet rosa de Barbastro, ideal per a amanides, carpaccios i t\u00e0rtars"},"content":{"rendered":"\n<p><strong>Rosat, molt gran i de forma irregular, <\/strong>aix\u00ed reconeixer\u00e0s la <strong>varietat de tom\u00e0quet rosa de Barbastro. <\/strong>\u00a0<strong>De textura molt carnosa, sucosa i de pell molt fina i de sabor molt dol\u00e7 i arom\u00e0tic<\/strong>, el <a href=\"https:\/\/www.ametllerorigen.com\/ca\/crosto-eco-pirinat-2\/p?utm_source=app&amp;utm_medium=appcat&amp;utm_campaign=continguts_app&amp;utm_content=\" target=\"_blank\" rel=\"noreferrer noopener\">rosa de Barbastro<\/a> \u00e9s <strong>ideal per amanir, fer carpaccios o preparar en t\u00e0rtar acompanyat d\u2019alvocat, mango i un bon salm\u00f3 marinat.<\/strong><\/p>\n\n\n\n<p>Prova aquesta varietat tan singular, que collim en el seu moment \u00f2ptim de maduraci\u00f3 per aconseguir el seu millor sabor, ara que est\u00e0 de temporada!<\/p>\n","protected":false},"excerpt":{"rendered":"<p>Rosat, molt gran i de forma irregular, aix\u00ed reconeixer\u00e0s la varietat de tom\u00e0quet rosa de Barbastro. \u00a0De textura molt carnosa, sucosa i de pell molt fina i de sabor molt dol\u00e7 i arom\u00e0tic, el rosa de Barbastro \u00e9s ideal per amanir, fer carpaccios o preparar en t\u00e0rtar acompanyat d\u2019alvocat, mango i un bon salm\u00f3 marinat. &hellip; <a href=\"https:\/\/www.ametllerorigenwp.com\/ca\/tomaquet-rosa-de-barbastro-ideal-per-a-amanides-carpaccios-i-tartars\/\" class=\"more-link\">Continua llegint <span class=\"screen-reader-text\">\u00abTom\u00e0quet rosa de Barbastro, ideal per a amanides, carpaccios i t\u00e0rtars\u00bb<\/span><\/a><\/p>\n","protected":false},"author":5,"featured_media":3100,"comment_status":"open","ping_status":"open","sticky":false,"template":"","format":"standard","meta":{"_uag_custom_page_level_css":"","advgb_blocks_editor_width":"","advgb_blocks_columns_visual_guide":"","footnotes":""},"categories":[2],"tags":[],"class_list":["post-3099","post","type-post","status-publish","format-standard","has-post-thumbnail","hentry","category-noticies"],"author_meta":{"display_name":"Mireia Zaragoza","author_link":"https:\/\/www.ametllerorigenwp.com\/ca\/author\/mzaragoza\/"},"featured_img":"https:\/\/www.ametllerorigenwp.com\/wp-content\/uploads\/2021\/08\/Tomaquet-rosa-barbastro-1-300x102.jpg","uagb_featured_image_src":{"full":["https:\/\/www.ametllerorigenwp.com\/wp-content\/uploads\/2021\/08\/Tomaquet-rosa-barbastro-1.jpg",1000,340,false],"thumbnail":["https:\/\/www.ametllerorigenwp.com\/wp-content\/uploads\/2021\/08\/Tomaquet-rosa-barbastro-1-150x150.jpg",150,150,true],"medium":["https:\/\/www.ametllerorigenwp.com\/wp-content\/uploads\/2021\/08\/Tomaquet-rosa-barbastro-1-300x102.jpg",300,102,true],"medium_large":["https:\/\/www.ametllerorigenwp.com\/wp-content\/uploads\/2021\/08\/Tomaquet-rosa-barbastro-1-768x261.jpg",768,261,true],"large":["https:\/\/www.ametllerorigenwp.com\/wp-content\/uploads\/2021\/08\/Tomaquet-rosa-barbastro-1.jpg",840,286,false],"1536x1536":["https:\/\/www.ametllerorigenwp.com\/wp-content\/uploads\/2021\/08\/Tomaquet-rosa-barbastro-1.jpg",1000,340,false],"2048x2048":["https:\/\/www.ametllerorigenwp.com\/wp-content\/uploads\/2021\/08\/Tomaquet-rosa-barbastro-1.jpg",1000,340,false],"post-thumbnail":["https:\/\/www.ametllerorigenwp.com\/wp-content\/uploads\/2021\/08\/Tomaquet-rosa-barbastro-1.jpg",1000,340,false]},"uagb_author_info":{"display_name":"Mireia Zaragoza","author_link":"https:\/\/www.ametllerorigenwp.com\/ca\/author\/mzaragoza\/"},"uagb_comment_info":0,"uagb_excerpt":"Rosat, molt gran i de forma irregular, aix\u00ed reconeixer\u00e0s la varietat de tom\u00e0quet rosa de Barbastro. \u00a0De textura molt carnosa, sucosa i de pell molt fina i de sabor molt dol\u00e7 i arom\u00e0tic, el rosa de Barbastro \u00e9s ideal per amanir, fer carpaccios o preparar en t\u00e0rtar acompanyat d\u2019alvocat, mango i un bon salm\u00f3 marinat.&hellip;","coauthors":[],"tax_additional":{"categories":{"linked":["<a href=\"https:\/\/www.ametllerorigenwp.com\/ca\/category\/noticies\/\" class=\"advgb-post-tax-term\">Noticies<\/a>"],"unlinked":["<span class=\"advgb-post-tax-term\">Noticies<\/span>"]}},"comment_count":"0","relative_dates":{"created":"Posted 5 anys ago","modified":"Updated 5 anys ago"},"absolute_dates":{"created":"Posted on 24 d'agost de 2021","modified":"Updated on 24 d'agost de 2021"},"absolute_dates_time":{"created":"Posted on 24 d'agost de 2021 14:23","modified":"Updated on 24 d'agost de 2021 14:23"},"featured_img_caption":"","series_order":"","show_in_app":true,"fecha_inicio_destacado":null,"hora_inicio_visualizacion":null,"minutos_inicio_visualizacion":null,"fecha_final_destacado":null,"hora_final_visualizacion":null,"minutos_final_visualizacion":null,"posicion_visualizacion":null,"estado_destacado":null,"niveles_destacados":null,"url_del_enlace":null,"banner_destacado":null,"posicion_visualizacion_de_la_noticia":null,"estado_noticia":null,"fecha_de_inicio_de_visualizacion_del_tutorial":null,"hora_inicio_visualizacion_tutorial":null,"minutos_inicio_visualizacion_tutorial":null,"fecha_de_final_de_visualizacion_del_tutorial":null,"hora_final_visualizacion_tutorial":null,"minutos_final_visualizacion_tutorial":null,"numero_de_veces_visto":null,"numero_de_veces_total":null,"niveles_tutorial":null,"tutorial_recursos_castellano":null,"tutorial_recursos_catalan":null,"dias_disponibles":null,"dias_de_la_semana":null,"dias_del_mes":null,"other_lang_post_id":null,"lang":"ca","campanya_descripcion":null,"campanya_fecha_inicio":null,"campanya_fecha_fin":null,"campanya_legales":null,"campanya_imagen":null,"campanya_characteristics":null,"campanya_url":null,"campanya_posicion_visualizacion":null,"campanya_estado":null,"_links":{"self":[{"href":"https:\/\/www.ametllerorigenwp.com\/ca\/wp-json\/wp\/v2\/posts\/3099","targetHints":{"allow":["GET"]}}],"collection":[{"href":"https:\/\/www.ametllerorigenwp.com\/ca\/wp-json\/wp\/v2\/posts"}],"about":[{"href":"https:\/\/www.ametllerorigenwp.com\/ca\/wp-json\/wp\/v2\/types\/post"}],"author":[{"embeddable":true,"href":"https:\/\/www.ametllerorigenwp.com\/ca\/wp-json\/wp\/v2\/users\/5"}],"replies":[{"embeddable":true,"href":"https:\/\/www.ametllerorigenwp.com\/ca\/wp-json\/wp\/v2\/comments?post=3099"}],"version-history":[{"count":1,"href":"https:\/\/www.ametllerorigenwp.com\/ca\/wp-json\/wp\/v2\/posts\/3099\/revisions"}],"predecessor-version":[{"id":3102,"href":"https:\/\/www.ametllerorigenwp.com\/ca\/wp-json\/wp\/v2\/posts\/3099\/revisions\/3102"}],"wp:featuredmedia":[{"embeddable":true,"href":"https:\/\/www.ametllerorigenwp.com\/ca\/wp-json\/wp\/v2\/media\/3100"}],"wp:attachment":[{"href":"https:\/\/www.ametllerorigenwp.com\/ca\/wp-json\/wp\/v2\/media?parent=3099"}],"wp:term":[{"taxonomy":"category","embeddable":true,"href":"https:\/\/www.ametllerorigenwp.com\/ca\/wp-json\/wp\/v2\/categories?post=3099"},{"taxonomy":"post_tag","embeddable":true,"href":"https:\/\/www.ametllerorigenwp.com\/ca\/wp-json\/wp\/v2\/tags?post=3099"}],"curies":[{"name":"wp","href":"https:\/\/api.w.org\/{rel}","templated":true}]}}