{"id":3378,"date":"2021-08-31T14:33:21","date_gmt":"2021-08-31T14:33:21","guid":{"rendered":"https:\/\/www.ametllerorigenwp.com\/?p=3378"},"modified":"2021-08-31T19:08:22","modified_gmt":"2021-08-31T19:08:22","slug":"tornem-amb-els-esdeveniments-de-setembre-apunta-thi","status":"publish","type":"post","link":"https:\/\/www.ametllerorigenwp.com\/ca\/tornem-amb-els-esdeveniments-de-setembre-apunta-thi\/","title":{"rendered":"Apunta&#8217;t als tallers de setembre, t&#8217;hi esperem!"},"content":{"rendered":"\n<p>Tornar mola! Preparat per un setembre ple d\u2019activitats? Gaudeix dels millors <strong>tallers, xerrades i activitats, presencials i online, sobre alimentaci\u00f3 saludable i sostenibilitat, <\/strong>que hem organitzat en el marc del moviment Fem Cam\u00ed.<\/p>\n\n\n\n<p>Atent, aquest mes et proposem:<\/p>\n\n\n\n<ul class=\"wp-block-list\"><li><strong>I Concurs de tast del Club de vins amb Origen<\/strong>: tast a cegues de 6 dels vins del Club, dels quals els assistents hauran de respondre una s\u00e8rie de preguntes sobre la seva elaboraci\u00f3, varietat, envelliment&#8230;<\/li><li><strong>Di\u00e0legs des de Catalunya sobre sistemes alimentaris<\/strong>: Coincidint amb l\u2019Any Internacional de les Fruites i les Verdures, organitzem, de la m\u00e0 de Nacions Unides Espanya, una jornada sobre el sistemes alimentaris al m\u00f3n, amb la participaci\u00f3 de Carme Ruscalleda.<\/li><li><strong>Quan et cuides, l\u2019Alzheimer fa un pas enrere<\/strong>: La Dra. Nina Gramunt de la Fundaci\u00f3 Pasqual Maragall aprofundeix sobre els h\u00e0bits que hem de seguir per prevenir aquesta malaltia.<\/li><li><strong>Cuida la natura amb Pened\u00e8s Verd<\/strong>: Comparteix un gran mat\u00ed en fam\u00edlia, amics i mascotes recollint residus i netejant els espais naturals de la comarca.<\/li><li><strong>Visita el celler on neixen els vins d\u2019Ametller<\/strong>: descobreix el nostre celler del Priorat!<\/li><\/ul>\n\n\n\n<p>Consulta el nostre <a href=\"https:\/\/www.femcami.org\/ca\/escola-del-bon-menjar\/esdeveniments\/?utm_source=app&amp;utm_medium=appcat&amp;utm_campaign=org\" target=\"_blank\" rel=\"noreferrer noopener\">calendari d\u2019activitats<\/a> per saber tots els detalls i no te\u2019n perdis ni una. T\u2019hi esperem!<\/p>\n\n\n\n<p><em>*Tots els nostres tallers presencials s\u2019imparteixen a Ametller Origen Mercat d\u2019Autors (C\/Num\u00e0ncia, 47 Barcelona)<\/em><\/p>\n","protected":false},"excerpt":{"rendered":"<p>Tornar mola! Preparat per un setembre ple d\u2019activitats? Gaudeix dels millors tallers, xerrades i activitats, presencials i online, sobre alimentaci\u00f3 saludable i sostenibilitat, que hem organitzat en el marc del moviment Fem Cam\u00ed. Atent, aquest mes et proposem: I Concurs de tast del Club de vins amb Origen: tast a cegues de 6 dels vins &hellip; <a href=\"https:\/\/www.ametllerorigenwp.com\/ca\/tornem-amb-els-esdeveniments-de-setembre-apunta-thi\/\" class=\"more-link\">Continua llegint <span class=\"screen-reader-text\">\u00abApunta&#8217;t als tallers de setembre, t&#8217;hi esperem!\u00bb<\/span><\/a><\/p>\n","protected":false},"author":5,"featured_media":3379,"comment_status":"open","ping_status":"open","sticky":false,"template":"","format":"standard","meta":{"_uag_custom_page_level_css":"","advgb_blocks_editor_width":"","advgb_blocks_columns_visual_guide":"","footnotes":""},"categories":[2],"tags":[],"class_list":["post-3378","post","type-post","status-publish","format-standard","has-post-thumbnail","hentry","category-noticies"],"author_meta":{"display_name":"Mireia Zaragoza","author_link":"https:\/\/www.ametllerorigenwp.com\/ca\/author\/mzaragoza\/"},"featured_img":"https:\/\/www.ametllerorigenwp.com\/wp-content\/uploads\/2021\/08\/APP_Tallers-setemre_CAT-300x102.jpg","uagb_featured_image_src":{"full":["https:\/\/www.ametllerorigenwp.com\/wp-content\/uploads\/2021\/08\/APP_Tallers-setemre_CAT.jpg",1001,341,false],"thumbnail":["https:\/\/www.ametllerorigenwp.com\/wp-content\/uploads\/2021\/08\/APP_Tallers-setemre_CAT-150x150.jpg",150,150,true],"medium":["https:\/\/www.ametllerorigenwp.com\/wp-content\/uploads\/2021\/08\/APP_Tallers-setemre_CAT-300x102.jpg",300,102,true],"medium_large":["https:\/\/www.ametllerorigenwp.com\/wp-content\/uploads\/2021\/08\/APP_Tallers-setemre_CAT-768x262.jpg",768,262,true],"large":["https:\/\/www.ametllerorigenwp.com\/wp-content\/uploads\/2021\/08\/APP_Tallers-setemre_CAT.jpg",840,286,false],"1536x1536":["https:\/\/www.ametllerorigenwp.com\/wp-content\/uploads\/2021\/08\/APP_Tallers-setemre_CAT.jpg",1001,341,false],"2048x2048":["https:\/\/www.ametllerorigenwp.com\/wp-content\/uploads\/2021\/08\/APP_Tallers-setemre_CAT.jpg",1001,341,false],"post-thumbnail":["https:\/\/www.ametllerorigenwp.com\/wp-content\/uploads\/2021\/08\/APP_Tallers-setemre_CAT.jpg",1001,341,false]},"uagb_author_info":{"display_name":"Mireia Zaragoza","author_link":"https:\/\/www.ametllerorigenwp.com\/ca\/author\/mzaragoza\/"},"uagb_comment_info":0,"uagb_excerpt":"Tornar mola! Preparat per un setembre ple d\u2019activitats? Gaudeix dels millors tallers, xerrades i activitats, presencials i online, sobre alimentaci\u00f3 saludable i sostenibilitat, que hem organitzat en el marc del moviment Fem Cam\u00ed. Atent, aquest mes et proposem: I Concurs de tast del Club de vins amb Origen: tast a cegues de 6 dels vins&hellip;","coauthors":[],"tax_additional":{"categories":{"linked":["<a href=\"https:\/\/www.ametllerorigenwp.com\/ca\/category\/noticies\/\" class=\"advgb-post-tax-term\">Noticies<\/a>"],"unlinked":["<span class=\"advgb-post-tax-term\">Noticies<\/span>"]}},"comment_count":"0","relative_dates":{"created":"Posted 5 anys ago","modified":"Updated 5 anys ago"},"absolute_dates":{"created":"Posted on 31 d'agost de 2021","modified":"Updated on 31 d'agost de 2021"},"absolute_dates_time":{"created":"Posted on 31 d'agost de 2021 14:33","modified":"Updated on 31 d'agost de 2021 19:08"},"featured_img_caption":"","series_order":"","show_in_app":true,"fecha_inicio_destacado":null,"hora_inicio_visualizacion":null,"minutos_inicio_visualizacion":null,"fecha_final_destacado":null,"hora_final_visualizacion":null,"minutos_final_visualizacion":null,"posicion_visualizacion":null,"estado_destacado":null,"niveles_destacados":null,"url_del_enlace":null,"banner_destacado":null,"posicion_visualizacion_de_la_noticia":null,"estado_noticia":null,"fecha_de_inicio_de_visualizacion_del_tutorial":null,"hora_inicio_visualizacion_tutorial":null,"minutos_inicio_visualizacion_tutorial":null,"fecha_de_final_de_visualizacion_del_tutorial":null,"hora_final_visualizacion_tutorial":null,"minutos_final_visualizacion_tutorial":null,"numero_de_veces_visto":null,"numero_de_veces_total":null,"niveles_tutorial":null,"tutorial_recursos_castellano":null,"tutorial_recursos_catalan":null,"dias_disponibles":null,"dias_de_la_semana":null,"dias_del_mes":null,"other_lang_post_id":null,"lang":"ca","campanya_descripcion":null,"campanya_fecha_inicio":null,"campanya_fecha_fin":null,"campanya_legales":null,"campanya_imagen":null,"campanya_characteristics":null,"campanya_url":null,"campanya_posicion_visualizacion":null,"campanya_estado":null,"_links":{"self":[{"href":"https:\/\/www.ametllerorigenwp.com\/ca\/wp-json\/wp\/v2\/posts\/3378","targetHints":{"allow":["GET"]}}],"collection":[{"href":"https:\/\/www.ametllerorigenwp.com\/ca\/wp-json\/wp\/v2\/posts"}],"about":[{"href":"https:\/\/www.ametllerorigenwp.com\/ca\/wp-json\/wp\/v2\/types\/post"}],"author":[{"embeddable":true,"href":"https:\/\/www.ametllerorigenwp.com\/ca\/wp-json\/wp\/v2\/users\/5"}],"replies":[{"embeddable":true,"href":"https:\/\/www.ametllerorigenwp.com\/ca\/wp-json\/wp\/v2\/comments?post=3378"}],"version-history":[{"count":3,"href":"https:\/\/www.ametllerorigenwp.com\/ca\/wp-json\/wp\/v2\/posts\/3378\/revisions"}],"predecessor-version":[{"id":3390,"href":"https:\/\/www.ametllerorigenwp.com\/ca\/wp-json\/wp\/v2\/posts\/3378\/revisions\/3390"}],"wp:featuredmedia":[{"embeddable":true,"href":"https:\/\/www.ametllerorigenwp.com\/ca\/wp-json\/wp\/v2\/media\/3379"}],"wp:attachment":[{"href":"https:\/\/www.ametllerorigenwp.com\/ca\/wp-json\/wp\/v2\/media?parent=3378"}],"wp:term":[{"taxonomy":"category","embeddable":true,"href":"https:\/\/www.ametllerorigenwp.com\/ca\/wp-json\/wp\/v2\/categories?post=3378"},{"taxonomy":"post_tag","embeddable":true,"href":"https:\/\/www.ametllerorigenwp.com\/ca\/wp-json\/wp\/v2\/tags?post=3378"}],"curies":[{"name":"wp","href":"https:\/\/api.w.org\/{rel}","templated":true}]}}