{"id":3391,"date":"2021-09-01T14:22:17","date_gmt":"2021-09-01T14:22:17","guid":{"rendered":"https:\/\/www.ametllerorigenwp.com\/?p=3391"},"modified":"2021-09-02T09:10:39","modified_gmt":"2021-09-02T09:10:39","slug":"cultivem-seguint-els-criteris-de-lagricultura-sostenible","status":"publish","type":"post","link":"https:\/\/www.ametllerorigenwp.com\/ca\/cultivem-seguint-els-criteris-de-lagricultura-sostenible\/","title":{"rendered":"Cultivem seguint els criteris de l\u2019agricultura sostenible"},"content":{"rendered":"\n<p>Apostem per la producci\u00f3 sostenible de baix impacte: totes les nostres fruites i verdures estan cultivades seguint els criteris de l\u2019agricultura sostenible que consisteixen en:<\/p>\n\n\n\n<ul class=\"wp-block-list\"><li><strong>Reducci\u00f3 de la petjada de CO<sub>2<\/sub> dels nostres conreus<\/strong><\/li><li><strong>Reducci\u00f3 de la petjada h\u00eddrica dels nostres conreus<\/strong><\/li><li><strong>Reducci\u00f3 del consum energ\u00e8tic<\/strong><\/li><li><strong>Maximitzaci\u00f3 de l\u2019absorci\u00f3 de carboni<\/strong><\/li><li><strong>Limitaci\u00f3 de l\u2019\u00fas de fertilitzants<\/strong><\/li><\/ul>\n\n\n\n<p>Algunes de les accions que duem a terme als nostres camps s\u00f3n <strong>la introducci\u00f3 i preservaci\u00f3 dels insectes enemics naturals de les plagues<\/strong>; aplicar <strong>alternatives de gesti\u00f3 eficient de l\u2019aigua<\/strong>; l\u2019aposta per fomentar <strong>la fauna i la flora aut\u00f2ctones<\/strong> plantant i conservant marges florals i fomentant<strong> l\u2019economia circular dels residus<\/strong> utilitzant&nbsp;nom\u00e9s envasos reutilitzables o reciclables, entre altres.<\/p>\n\n\n\n<p>Descobreix en qu\u00e8 consisteix l\u2019agricultura sostenible a <a href=\"https:\/\/www.femcami.org\/ca\/sostenibilitat\/agricultura-sostenible\/\" target=\"_blank\" rel=\"noreferrer noopener\">femcam\u00ed.org<\/a>.<\/p>\n\n\n\n<p>Seguim avan\u00e7ant junts cap al m\u00f3n on volem viure!&nbsp;<\/p>\n","protected":false},"excerpt":{"rendered":"<p>Apostem per la producci\u00f3 sostenible de baix impacte: totes les nostres fruites i verdures estan cultivades seguint els criteris de l\u2019agricultura sostenible que consisteixen en: Reducci\u00f3 de la petjada de CO2 dels nostres conreus Reducci\u00f3 de la petjada h\u00eddrica dels nostres conreus Reducci\u00f3 del consum energ\u00e8tic Maximitzaci\u00f3 de l\u2019absorci\u00f3 de carboni Limitaci\u00f3 de l\u2019\u00fas de &hellip; <a href=\"https:\/\/www.ametllerorigenwp.com\/ca\/cultivem-seguint-els-criteris-de-lagricultura-sostenible\/\" class=\"more-link\">Continua llegint <span class=\"screen-reader-text\">\u00abCultivem seguint els criteris de l\u2019agricultura sostenible\u00bb<\/span><\/a><\/p>\n","protected":false},"author":5,"featured_media":3401,"comment_status":"open","ping_status":"open","sticky":false,"template":"","format":"standard","meta":{"_uag_custom_page_level_css":"","advgb_blocks_editor_width":"","advgb_blocks_columns_visual_guide":"","footnotes":""},"categories":[2],"tags":[],"class_list":["post-3391","post","type-post","status-publish","format-standard","has-post-thumbnail","hentry","category-noticies"],"author_meta":{"display_name":"Mireia Zaragoza","author_link":"https:\/\/www.ametllerorigenwp.com\/ca\/author\/mzaragoza\/"},"featured_img":"https:\/\/www.ametllerorigenwp.com\/wp-content\/uploads\/2021\/09\/2021-09-02-300x102.jpg","uagb_featured_image_src":{"full":["https:\/\/www.ametllerorigenwp.com\/wp-content\/uploads\/2021\/09\/2021-09-02.jpg",1000,340,false],"thumbnail":["https:\/\/www.ametllerorigenwp.com\/wp-content\/uploads\/2021\/09\/2021-09-02-150x150.jpg",150,150,true],"medium":["https:\/\/www.ametllerorigenwp.com\/wp-content\/uploads\/2021\/09\/2021-09-02-300x102.jpg",300,102,true],"medium_large":["https:\/\/www.ametllerorigenwp.com\/wp-content\/uploads\/2021\/09\/2021-09-02-768x261.jpg",768,261,true],"large":["https:\/\/www.ametllerorigenwp.com\/wp-content\/uploads\/2021\/09\/2021-09-02.jpg",840,286,false],"1536x1536":["https:\/\/www.ametllerorigenwp.com\/wp-content\/uploads\/2021\/09\/2021-09-02.jpg",1000,340,false],"2048x2048":["https:\/\/www.ametllerorigenwp.com\/wp-content\/uploads\/2021\/09\/2021-09-02.jpg",1000,340,false],"post-thumbnail":["https:\/\/www.ametllerorigenwp.com\/wp-content\/uploads\/2021\/09\/2021-09-02.jpg",1000,340,false]},"uagb_author_info":{"display_name":"Mireia Zaragoza","author_link":"https:\/\/www.ametllerorigenwp.com\/ca\/author\/mzaragoza\/"},"uagb_comment_info":0,"uagb_excerpt":"Apostem per la producci\u00f3 sostenible de baix impacte: totes les nostres fruites i verdures estan cultivades seguint els criteris de l\u2019agricultura sostenible que consisteixen en: Reducci\u00f3 de la petjada de CO2 dels nostres conreus Reducci\u00f3 de la petjada h\u00eddrica dels nostres conreus Reducci\u00f3 del consum energ\u00e8tic Maximitzaci\u00f3 de l\u2019absorci\u00f3 de carboni Limitaci\u00f3 de l\u2019\u00fas de&hellip;","coauthors":[],"tax_additional":{"categories":{"linked":["<a href=\"https:\/\/www.ametllerorigenwp.com\/ca\/category\/noticies\/\" class=\"advgb-post-tax-term\">Noticies<\/a>"],"unlinked":["<span class=\"advgb-post-tax-term\">Noticies<\/span>"]}},"comment_count":"0","relative_dates":{"created":"Posted 5 anys ago","modified":"Updated 5 anys ago"},"absolute_dates":{"created":"Posted on 1 de setembre de 2021","modified":"Updated on 2 de setembre de 2021"},"absolute_dates_time":{"created":"Posted on 1 de setembre de 2021 14:22","modified":"Updated on 2 de setembre de 2021 09:10"},"featured_img_caption":"","series_order":"","show_in_app":true,"fecha_inicio_destacado":null,"hora_inicio_visualizacion":null,"minutos_inicio_visualizacion":null,"fecha_final_destacado":null,"hora_final_visualizacion":null,"minutos_final_visualizacion":null,"posicion_visualizacion":null,"estado_destacado":null,"niveles_destacados":null,"url_del_enlace":null,"banner_destacado":null,"posicion_visualizacion_de_la_noticia":null,"estado_noticia":null,"fecha_de_inicio_de_visualizacion_del_tutorial":null,"hora_inicio_visualizacion_tutorial":null,"minutos_inicio_visualizacion_tutorial":null,"fecha_de_final_de_visualizacion_del_tutorial":null,"hora_final_visualizacion_tutorial":null,"minutos_final_visualizacion_tutorial":null,"numero_de_veces_visto":null,"numero_de_veces_total":null,"niveles_tutorial":null,"tutorial_recursos_castellano":null,"tutorial_recursos_catalan":null,"dias_disponibles":null,"dias_de_la_semana":null,"dias_del_mes":null,"other_lang_post_id":null,"lang":"ca","campanya_descripcion":null,"campanya_fecha_inicio":null,"campanya_fecha_fin":null,"campanya_legales":null,"campanya_imagen":null,"campanya_characteristics":null,"campanya_url":null,"campanya_posicion_visualizacion":null,"campanya_estado":null,"_links":{"self":[{"href":"https:\/\/www.ametllerorigenwp.com\/ca\/wp-json\/wp\/v2\/posts\/3391","targetHints":{"allow":["GET"]}}],"collection":[{"href":"https:\/\/www.ametllerorigenwp.com\/ca\/wp-json\/wp\/v2\/posts"}],"about":[{"href":"https:\/\/www.ametllerorigenwp.com\/ca\/wp-json\/wp\/v2\/types\/post"}],"author":[{"embeddable":true,"href":"https:\/\/www.ametllerorigenwp.com\/ca\/wp-json\/wp\/v2\/users\/5"}],"replies":[{"embeddable":true,"href":"https:\/\/www.ametllerorigenwp.com\/ca\/wp-json\/wp\/v2\/comments?post=3391"}],"version-history":[{"count":1,"href":"https:\/\/www.ametllerorigenwp.com\/ca\/wp-json\/wp\/v2\/posts\/3391\/revisions"}],"predecessor-version":[{"id":3394,"href":"https:\/\/www.ametllerorigenwp.com\/ca\/wp-json\/wp\/v2\/posts\/3391\/revisions\/3394"}],"wp:featuredmedia":[{"embeddable":true,"href":"https:\/\/www.ametllerorigenwp.com\/ca\/wp-json\/wp\/v2\/media\/3401"}],"wp:attachment":[{"href":"https:\/\/www.ametllerorigenwp.com\/ca\/wp-json\/wp\/v2\/media?parent=3391"}],"wp:term":[{"taxonomy":"category","embeddable":true,"href":"https:\/\/www.ametllerorigenwp.com\/ca\/wp-json\/wp\/v2\/categories?post=3391"},{"taxonomy":"post_tag","embeddable":true,"href":"https:\/\/www.ametllerorigenwp.com\/ca\/wp-json\/wp\/v2\/tags?post=3391"}],"curies":[{"name":"wp","href":"https:\/\/api.w.org\/{rel}","templated":true}]}}