{"id":3454,"date":"2021-09-09T15:41:00","date_gmt":"2021-09-09T15:41:00","guid":{"rendered":"https:\/\/www.ametllerorigenwp.com\/?p=3454"},"modified":"2021-09-09T15:41:36","modified_gmt":"2021-09-09T15:41:36","slug":"amanida-de-sindria-i-formatge-feta-hidratant-i-refrescant","status":"publish","type":"post","link":"https:\/\/www.ametllerorigenwp.com\/ca\/amanida-de-sindria-i-formatge-feta-hidratant-i-refrescant\/","title":{"rendered":"Amanida de s\u00edndria i formatge feta: hidratant i refrescant"},"content":{"rendered":"\n<p>La s\u00edndria \u00e9s una opci\u00f3 ideal per donar un toc lleuger, hidratant i ben dol\u00e7 a les teves amanides. El Cintet t\u2019ensenya en aquest <a href=\"https:\/\/youtu.be\/MnCJZtp_WUs\" target=\"_blank\" rel=\"noreferrer noopener\">v\u00eddeo<\/a> <strong>una recepta molt saborosa i refrescant amb s\u00edndria, formatge feta, llima i menta<\/strong> que tindr\u00e0s llesta en cinc minuts. Una combinaci\u00f3 deliciosa que t\u2019encantar\u00e0.<\/p>\n\n\n\n<p>Anima\u2019t a tastar-la!<\/p>\n","protected":false},"excerpt":{"rendered":"<p>La s\u00edndria \u00e9s una opci\u00f3 ideal per donar un toc lleuger, hidratant i ben dol\u00e7 a les teves amanides. El Cintet t\u2019ensenya en aquest v\u00eddeo una recepta molt saborosa i refrescant amb s\u00edndria, formatge feta, llima i menta que tindr\u00e0s llesta en cinc minuts. Una combinaci\u00f3 deliciosa que t\u2019encantar\u00e0. Anima\u2019t a tastar-la!<\/p>\n","protected":false},"author":5,"featured_media":3451,"comment_status":"open","ping_status":"open","sticky":false,"template":"","format":"standard","meta":{"_uag_custom_page_level_css":"","advgb_blocks_editor_width":"","advgb_blocks_columns_visual_guide":"","footnotes":""},"categories":[2],"tags":[],"class_list":["post-3454","post","type-post","status-publish","format-standard","has-post-thumbnail","hentry","category-noticies"],"author_meta":{"display_name":"Mireia Zaragoza","author_link":"https:\/\/www.ametllerorigenwp.com\/ca\/author\/mzaragoza\/"},"featured_img":"https:\/\/www.ametllerorigenwp.com\/wp-content\/uploads\/2021\/09\/Diseno-sin-titulo-1-300x102.png","uagb_featured_image_src":{"full":["https:\/\/www.ametllerorigenwp.com\/wp-content\/uploads\/2021\/09\/Diseno-sin-titulo-1.png",1000,340,false],"thumbnail":["https:\/\/www.ametllerorigenwp.com\/wp-content\/uploads\/2021\/09\/Diseno-sin-titulo-1-150x150.png",150,150,true],"medium":["https:\/\/www.ametllerorigenwp.com\/wp-content\/uploads\/2021\/09\/Diseno-sin-titulo-1-300x102.png",300,102,true],"medium_large":["https:\/\/www.ametllerorigenwp.com\/wp-content\/uploads\/2021\/09\/Diseno-sin-titulo-1-768x261.png",768,261,true],"large":["https:\/\/www.ametllerorigenwp.com\/wp-content\/uploads\/2021\/09\/Diseno-sin-titulo-1.png",840,286,false],"1536x1536":["https:\/\/www.ametllerorigenwp.com\/wp-content\/uploads\/2021\/09\/Diseno-sin-titulo-1.png",1000,340,false],"2048x2048":["https:\/\/www.ametllerorigenwp.com\/wp-content\/uploads\/2021\/09\/Diseno-sin-titulo-1.png",1000,340,false],"post-thumbnail":["https:\/\/www.ametllerorigenwp.com\/wp-content\/uploads\/2021\/09\/Diseno-sin-titulo-1.png",1000,340,false]},"uagb_author_info":{"display_name":"Mireia Zaragoza","author_link":"https:\/\/www.ametllerorigenwp.com\/ca\/author\/mzaragoza\/"},"uagb_comment_info":0,"uagb_excerpt":"La s\u00edndria \u00e9s una opci\u00f3 ideal per donar un toc lleuger, hidratant i ben dol\u00e7 a les teves amanides. El Cintet t\u2019ensenya en aquest v\u00eddeo una recepta molt saborosa i refrescant amb s\u00edndria, formatge feta, llima i menta que tindr\u00e0s llesta en cinc minuts. Una combinaci\u00f3 deliciosa que t\u2019encantar\u00e0. Anima\u2019t a tastar-la!","coauthors":[],"tax_additional":{"categories":{"linked":["<a href=\"https:\/\/www.ametllerorigenwp.com\/ca\/category\/noticies\/\" class=\"advgb-post-tax-term\">Noticies<\/a>"],"unlinked":["<span class=\"advgb-post-tax-term\">Noticies<\/span>"]}},"comment_count":"0","relative_dates":{"created":"Posted 5 anys ago","modified":"Updated 5 anys ago"},"absolute_dates":{"created":"Posted on 9 de setembre de 2021","modified":"Updated on 9 de setembre de 2021"},"absolute_dates_time":{"created":"Posted on 9 de setembre de 2021 15:41","modified":"Updated on 9 de setembre de 2021 15:41"},"featured_img_caption":"","series_order":"","show_in_app":true,"fecha_inicio_destacado":null,"hora_inicio_visualizacion":null,"minutos_inicio_visualizacion":null,"fecha_final_destacado":null,"hora_final_visualizacion":null,"minutos_final_visualizacion":null,"posicion_visualizacion":null,"estado_destacado":null,"niveles_destacados":null,"url_del_enlace":null,"banner_destacado":null,"posicion_visualizacion_de_la_noticia":null,"estado_noticia":null,"fecha_de_inicio_de_visualizacion_del_tutorial":null,"hora_inicio_visualizacion_tutorial":null,"minutos_inicio_visualizacion_tutorial":null,"fecha_de_final_de_visualizacion_del_tutorial":null,"hora_final_visualizacion_tutorial":null,"minutos_final_visualizacion_tutorial":null,"numero_de_veces_visto":null,"numero_de_veces_total":null,"niveles_tutorial":null,"tutorial_recursos_castellano":null,"tutorial_recursos_catalan":null,"dias_disponibles":null,"dias_de_la_semana":null,"dias_del_mes":null,"other_lang_post_id":null,"lang":"ca","campanya_descripcion":null,"campanya_fecha_inicio":null,"campanya_fecha_fin":null,"campanya_legales":null,"campanya_imagen":null,"campanya_characteristics":null,"campanya_url":null,"campanya_posicion_visualizacion":null,"campanya_estado":null,"_links":{"self":[{"href":"https:\/\/www.ametllerorigenwp.com\/ca\/wp-json\/wp\/v2\/posts\/3454","targetHints":{"allow":["GET"]}}],"collection":[{"href":"https:\/\/www.ametllerorigenwp.com\/ca\/wp-json\/wp\/v2\/posts"}],"about":[{"href":"https:\/\/www.ametllerorigenwp.com\/ca\/wp-json\/wp\/v2\/types\/post"}],"author":[{"embeddable":true,"href":"https:\/\/www.ametllerorigenwp.com\/ca\/wp-json\/wp\/v2\/users\/5"}],"replies":[{"embeddable":true,"href":"https:\/\/www.ametllerorigenwp.com\/ca\/wp-json\/wp\/v2\/comments?post=3454"}],"version-history":[{"count":1,"href":"https:\/\/www.ametllerorigenwp.com\/ca\/wp-json\/wp\/v2\/posts\/3454\/revisions"}],"predecessor-version":[{"id":3455,"href":"https:\/\/www.ametllerorigenwp.com\/ca\/wp-json\/wp\/v2\/posts\/3454\/revisions\/3455"}],"wp:featuredmedia":[{"embeddable":true,"href":"https:\/\/www.ametllerorigenwp.com\/ca\/wp-json\/wp\/v2\/media\/3451"}],"wp:attachment":[{"href":"https:\/\/www.ametllerorigenwp.com\/ca\/wp-json\/wp\/v2\/media?parent=3454"}],"wp:term":[{"taxonomy":"category","embeddable":true,"href":"https:\/\/www.ametllerorigenwp.com\/ca\/wp-json\/wp\/v2\/categories?post=3454"},{"taxonomy":"post_tag","embeddable":true,"href":"https:\/\/www.ametllerorigenwp.com\/ca\/wp-json\/wp\/v2\/tags?post=3454"}],"curies":[{"name":"wp","href":"https:\/\/api.w.org\/{rel}","templated":true}]}}