{"id":3476,"date":"2021-09-13T14:11:35","date_gmt":"2021-09-13T14:11:35","guid":{"rendered":"https:\/\/www.ametllerorigenwp.com\/?p=3476"},"modified":"2021-09-13T14:40:44","modified_gmt":"2021-09-13T14:40:44","slug":"quan-et-cuides-lalzheimer-fa-un-pas-enrere","status":"publish","type":"post","link":"https:\/\/www.ametllerorigenwp.com\/ca\/quan-et-cuides-lalzheimer-fa-un-pas-enrere\/","title":{"rendered":"Quan et cuides, l\u2019Alzheimer fa un pas enrere"},"content":{"rendered":"\n<p>A partir d\u2019avui, i coincidint amb el Dia Mundial de l\u2019Alzheimer el dia 21 de setembre, posem en marxa una acci\u00f3 solid\u00e0ria amb la Fundaci\u00f3 Pasqual Maragall per donar suport a la recerca contra l\u2019Alzheimer. <strong>Destinarem 1 \u20ac per cada bossa de nous de 400 g que venguem des d\u2019avui i fins al 30 de setembre a totes les botigues f\u00edsiques, i fins al 14 d\u2019octubre a la <a href=\"https:\/\/www.ametllerorigen.com\/ca\/nous-ao-400g\/p\">botiga online<\/a>.<\/strong><\/p>\n\n\n\n<p>Tanmateix, <strong>dem\u00e0 a les 18 h oferirem una xerrada amb la Fundaci\u00f3 Pasqual Maragall sobre els h\u00e0bits que hem de seguir per prevenir aquesta malaltia<\/strong> de la m\u00e0 de la Dra. Nina Gramunt. Pots seguir-ho <a href=\"https:\/\/www.femcami.org\/ca\/esdeveniment\/quan-et-cuides-lalzheimer-fa-un-pas-enrere-amb-la-fundacio-pasqual-maragall\/\" target=\"_blank\" rel=\"noreferrer noopener\">aqu\u00ed<\/a>.&nbsp;<\/p>\n","protected":false},"excerpt":{"rendered":"<p>A partir d\u2019avui, i coincidint amb el Dia Mundial de l\u2019Alzheimer el dia 21 de setembre, posem en marxa una acci\u00f3 solid\u00e0ria amb la Fundaci\u00f3 Pasqual Maragall per donar suport a la recerca contra l\u2019Alzheimer. Destinarem 1 \u20ac per cada bossa de nous de 400 g que venguem des d\u2019avui i fins al 30 de &hellip; <a href=\"https:\/\/www.ametllerorigenwp.com\/ca\/quan-et-cuides-lalzheimer-fa-un-pas-enrere\/\" class=\"more-link\">Continua llegint <span class=\"screen-reader-text\">\u00abQuan et cuides, l\u2019Alzheimer fa un pas enrere\u00bb<\/span><\/a><\/p>\n","protected":false},"author":5,"featured_media":3477,"comment_status":"open","ping_status":"open","sticky":false,"template":"","format":"standard","meta":{"_uag_custom_page_level_css":"","advgb_blocks_editor_width":"","advgb_blocks_columns_visual_guide":"","footnotes":""},"categories":[2],"tags":[],"class_list":["post-3476","post","type-post","status-publish","format-standard","has-post-thumbnail","hentry","category-noticies"],"author_meta":{"display_name":"Mireia Zaragoza","author_link":"https:\/\/www.ametllerorigenwp.com\/ca\/author\/mzaragoza\/"},"featured_img":"https:\/\/www.ametllerorigenwp.com\/wp-content\/uploads\/2021\/09\/APP_Nous-Pasqual-Margall_CAT-300x102.jpg","uagb_featured_image_src":{"full":["https:\/\/www.ametllerorigenwp.com\/wp-content\/uploads\/2021\/09\/APP_Nous-Pasqual-Margall_CAT.jpg",1000,340,false],"thumbnail":["https:\/\/www.ametllerorigenwp.com\/wp-content\/uploads\/2021\/09\/APP_Nous-Pasqual-Margall_CAT-150x150.jpg",150,150,true],"medium":["https:\/\/www.ametllerorigenwp.com\/wp-content\/uploads\/2021\/09\/APP_Nous-Pasqual-Margall_CAT-300x102.jpg",300,102,true],"medium_large":["https:\/\/www.ametllerorigenwp.com\/wp-content\/uploads\/2021\/09\/APP_Nous-Pasqual-Margall_CAT-768x261.jpg",768,261,true],"large":["https:\/\/www.ametllerorigenwp.com\/wp-content\/uploads\/2021\/09\/APP_Nous-Pasqual-Margall_CAT.jpg",840,286,false],"1536x1536":["https:\/\/www.ametllerorigenwp.com\/wp-content\/uploads\/2021\/09\/APP_Nous-Pasqual-Margall_CAT.jpg",1000,340,false],"2048x2048":["https:\/\/www.ametllerorigenwp.com\/wp-content\/uploads\/2021\/09\/APP_Nous-Pasqual-Margall_CAT.jpg",1000,340,false],"post-thumbnail":["https:\/\/www.ametllerorigenwp.com\/wp-content\/uploads\/2021\/09\/APP_Nous-Pasqual-Margall_CAT.jpg",1000,340,false]},"uagb_author_info":{"display_name":"Mireia Zaragoza","author_link":"https:\/\/www.ametllerorigenwp.com\/ca\/author\/mzaragoza\/"},"uagb_comment_info":0,"uagb_excerpt":"A partir d\u2019avui, i coincidint amb el Dia Mundial de l\u2019Alzheimer el dia 21 de setembre, posem en marxa una acci\u00f3 solid\u00e0ria amb la Fundaci\u00f3 Pasqual Maragall per donar suport a la recerca contra l\u2019Alzheimer. Destinarem 1 \u20ac per cada bossa de nous de 400 g que venguem des d\u2019avui i fins al 30 de&hellip;","coauthors":[],"tax_additional":{"categories":{"linked":["<a href=\"https:\/\/www.ametllerorigenwp.com\/ca\/category\/noticies\/\" class=\"advgb-post-tax-term\">Noticies<\/a>"],"unlinked":["<span class=\"advgb-post-tax-term\">Noticies<\/span>"]}},"comment_count":"0","relative_dates":{"created":"Posted 5 anys ago","modified":"Updated 5 anys ago"},"absolute_dates":{"created":"Posted on 13 de setembre de 2021","modified":"Updated on 13 de setembre de 2021"},"absolute_dates_time":{"created":"Posted on 13 de setembre de 2021 14:11","modified":"Updated on 13 de setembre de 2021 14:40"},"featured_img_caption":"","series_order":"","show_in_app":true,"fecha_inicio_destacado":null,"hora_inicio_visualizacion":null,"minutos_inicio_visualizacion":null,"fecha_final_destacado":null,"hora_final_visualizacion":null,"minutos_final_visualizacion":null,"posicion_visualizacion":null,"estado_destacado":null,"niveles_destacados":null,"url_del_enlace":null,"banner_destacado":null,"posicion_visualizacion_de_la_noticia":null,"estado_noticia":null,"fecha_de_inicio_de_visualizacion_del_tutorial":null,"hora_inicio_visualizacion_tutorial":null,"minutos_inicio_visualizacion_tutorial":null,"fecha_de_final_de_visualizacion_del_tutorial":null,"hora_final_visualizacion_tutorial":null,"minutos_final_visualizacion_tutorial":null,"numero_de_veces_visto":null,"numero_de_veces_total":null,"niveles_tutorial":null,"tutorial_recursos_castellano":null,"tutorial_recursos_catalan":null,"dias_disponibles":null,"dias_de_la_semana":null,"dias_del_mes":null,"other_lang_post_id":null,"lang":"ca","campanya_descripcion":null,"campanya_fecha_inicio":null,"campanya_fecha_fin":null,"campanya_legales":null,"campanya_imagen":null,"campanya_characteristics":null,"campanya_url":null,"campanya_posicion_visualizacion":null,"campanya_estado":null,"_links":{"self":[{"href":"https:\/\/www.ametllerorigenwp.com\/ca\/wp-json\/wp\/v2\/posts\/3476","targetHints":{"allow":["GET"]}}],"collection":[{"href":"https:\/\/www.ametllerorigenwp.com\/ca\/wp-json\/wp\/v2\/posts"}],"about":[{"href":"https:\/\/www.ametllerorigenwp.com\/ca\/wp-json\/wp\/v2\/types\/post"}],"author":[{"embeddable":true,"href":"https:\/\/www.ametllerorigenwp.com\/ca\/wp-json\/wp\/v2\/users\/5"}],"replies":[{"embeddable":true,"href":"https:\/\/www.ametllerorigenwp.com\/ca\/wp-json\/wp\/v2\/comments?post=3476"}],"version-history":[{"count":2,"href":"https:\/\/www.ametllerorigenwp.com\/ca\/wp-json\/wp\/v2\/posts\/3476\/revisions"}],"predecessor-version":[{"id":3486,"href":"https:\/\/www.ametllerorigenwp.com\/ca\/wp-json\/wp\/v2\/posts\/3476\/revisions\/3486"}],"wp:featuredmedia":[{"embeddable":true,"href":"https:\/\/www.ametllerorigenwp.com\/ca\/wp-json\/wp\/v2\/media\/3477"}],"wp:attachment":[{"href":"https:\/\/www.ametllerorigenwp.com\/ca\/wp-json\/wp\/v2\/media?parent=3476"}],"wp:term":[{"taxonomy":"category","embeddable":true,"href":"https:\/\/www.ametllerorigenwp.com\/ca\/wp-json\/wp\/v2\/categories?post=3476"},{"taxonomy":"post_tag","embeddable":true,"href":"https:\/\/www.ametllerorigenwp.com\/ca\/wp-json\/wp\/v2\/tags?post=3476"}],"curies":[{"name":"wp","href":"https:\/\/api.w.org\/{rel}","templated":true}]}}