{"id":3554,"date":"2021-09-23T15:30:40","date_gmt":"2021-09-23T15:30:40","guid":{"rendered":"https:\/\/www.ametllerorigenwp.com\/?p=3554"},"modified":"2021-09-23T15:30:50","modified_gmt":"2021-09-23T15:30:50","slug":"taller-per-aprendre-a-tenyir-teixits-amb-tints-naturals","status":"publish","type":"post","link":"https:\/\/www.ametllerorigenwp.com\/ca\/taller-per-aprendre-a-tenyir-teixits-amb-tints-naturals\/","title":{"rendered":"Taller per aprendre a tenyir teixits amb tints naturals"},"content":{"rendered":"\n<p>En el marc de la setmana del 0% malbaratament alimentari que celebrem la setmana vinent, hem preparat un taller de tints naturals perqu\u00e8 puguis donar una segona vida als aliments. <strong>Apr\u00e8n amb La Tintorista com pots tenyir estovalles, samarretes i altres t\u00e8xtils de manera natural amb les fruites i verdures que tens a la nevera!<\/strong><\/p>\n\n\n\n<p><strong>T\u2019esperem el pr\u00f2xim divendres 1 d\u2019octubre, a les 18 h, a l\u2019espai Ametller Origen Mercat d\u2019Autors<\/strong> (C\/ Num\u00e0ncia, 47. Barcelona) per gaudir d\u2019aquest divertit taller familiar de la m\u00e0 de La Tintorista. <a href=\"https:\/\/www.inscribirme.com\/tallerdetintsnaturalsamblatintorista\" target=\"_blank\" rel=\"noreferrer noopener\">Reserva ja la teva pla\u00e7a<\/a>!<\/p>\n\n\n\n<p>Hi guanyes tu, hi guanya el planeta.<\/p>\n","protected":false},"excerpt":{"rendered":"<p>En el marc de la setmana del 0% malbaratament alimentari que celebrem la setmana vinent, hem preparat un taller de tints naturals perqu\u00e8 puguis donar una segona vida als aliments. Apr\u00e8n amb La Tintorista com pots tenyir estovalles, samarretes i altres t\u00e8xtils de manera natural amb les fruites i verdures que tens a la nevera! &hellip; <a href=\"https:\/\/www.ametllerorigenwp.com\/ca\/taller-per-aprendre-a-tenyir-teixits-amb-tints-naturals\/\" class=\"more-link\">Continua llegint <span class=\"screen-reader-text\">\u00abTaller per aprendre a tenyir teixits amb tints naturals\u00bb<\/span><\/a><\/p>\n","protected":false},"author":5,"featured_media":3555,"comment_status":"open","ping_status":"open","sticky":false,"template":"","format":"standard","meta":{"_uag_custom_page_level_css":"","advgb_blocks_editor_width":"","advgb_blocks_columns_visual_guide":"","footnotes":""},"categories":[2],"tags":[],"class_list":["post-3554","post","type-post","status-publish","format-standard","has-post-thumbnail","hentry","category-noticies"],"author_meta":{"display_name":"Mireia Zaragoza","author_link":"https:\/\/www.ametllerorigenwp.com\/ca\/author\/mzaragoza\/"},"featured_img":"https:\/\/www.ametllerorigenwp.com\/wp-content\/uploads\/2021\/09\/im-esdv-03-app-300x102.jpg","uagb_featured_image_src":{"full":["https:\/\/www.ametllerorigenwp.com\/wp-content\/uploads\/2021\/09\/im-esdv-03-app.jpg",1000,340,false],"thumbnail":["https:\/\/www.ametllerorigenwp.com\/wp-content\/uploads\/2021\/09\/im-esdv-03-app-150x150.jpg",150,150,true],"medium":["https:\/\/www.ametllerorigenwp.com\/wp-content\/uploads\/2021\/09\/im-esdv-03-app-300x102.jpg",300,102,true],"medium_large":["https:\/\/www.ametllerorigenwp.com\/wp-content\/uploads\/2021\/09\/im-esdv-03-app-768x261.jpg",768,261,true],"large":["https:\/\/www.ametllerorigenwp.com\/wp-content\/uploads\/2021\/09\/im-esdv-03-app.jpg",840,286,false],"1536x1536":["https:\/\/www.ametllerorigenwp.com\/wp-content\/uploads\/2021\/09\/im-esdv-03-app.jpg",1000,340,false],"2048x2048":["https:\/\/www.ametllerorigenwp.com\/wp-content\/uploads\/2021\/09\/im-esdv-03-app.jpg",1000,340,false],"post-thumbnail":["https:\/\/www.ametllerorigenwp.com\/wp-content\/uploads\/2021\/09\/im-esdv-03-app.jpg",1000,340,false]},"uagb_author_info":{"display_name":"Mireia Zaragoza","author_link":"https:\/\/www.ametllerorigenwp.com\/ca\/author\/mzaragoza\/"},"uagb_comment_info":0,"uagb_excerpt":"En el marc de la setmana del 0% malbaratament alimentari que celebrem la setmana vinent, hem preparat un taller de tints naturals perqu\u00e8 puguis donar una segona vida als aliments. Apr\u00e8n amb La Tintorista com pots tenyir estovalles, samarretes i altres t\u00e8xtils de manera natural amb les fruites i verdures que tens a la nevera!&hellip;","coauthors":[],"tax_additional":{"categories":{"linked":["<a href=\"https:\/\/www.ametllerorigenwp.com\/ca\/category\/noticies\/\" class=\"advgb-post-tax-term\">Noticies<\/a>"],"unlinked":["<span class=\"advgb-post-tax-term\">Noticies<\/span>"]}},"comment_count":"0","relative_dates":{"created":"Posted 5 anys ago","modified":"Updated 5 anys ago"},"absolute_dates":{"created":"Posted on 23 de setembre de 2021","modified":"Updated on 23 de setembre de 2021"},"absolute_dates_time":{"created":"Posted on 23 de setembre de 2021 15:30","modified":"Updated on 23 de setembre de 2021 15:30"},"featured_img_caption":"","series_order":"","show_in_app":true,"fecha_inicio_destacado":null,"hora_inicio_visualizacion":null,"minutos_inicio_visualizacion":null,"fecha_final_destacado":null,"hora_final_visualizacion":null,"minutos_final_visualizacion":null,"posicion_visualizacion":null,"estado_destacado":null,"niveles_destacados":null,"url_del_enlace":null,"banner_destacado":null,"posicion_visualizacion_de_la_noticia":null,"estado_noticia":null,"fecha_de_inicio_de_visualizacion_del_tutorial":null,"hora_inicio_visualizacion_tutorial":null,"minutos_inicio_visualizacion_tutorial":null,"fecha_de_final_de_visualizacion_del_tutorial":null,"hora_final_visualizacion_tutorial":null,"minutos_final_visualizacion_tutorial":null,"numero_de_veces_visto":null,"numero_de_veces_total":null,"niveles_tutorial":null,"tutorial_recursos_castellano":null,"tutorial_recursos_catalan":null,"dias_disponibles":null,"dias_de_la_semana":null,"dias_del_mes":null,"other_lang_post_id":null,"lang":"ca","campanya_descripcion":null,"campanya_fecha_inicio":null,"campanya_fecha_fin":null,"campanya_legales":null,"campanya_imagen":null,"campanya_characteristics":null,"campanya_url":null,"campanya_posicion_visualizacion":null,"campanya_estado":null,"_links":{"self":[{"href":"https:\/\/www.ametllerorigenwp.com\/ca\/wp-json\/wp\/v2\/posts\/3554","targetHints":{"allow":["GET"]}}],"collection":[{"href":"https:\/\/www.ametllerorigenwp.com\/ca\/wp-json\/wp\/v2\/posts"}],"about":[{"href":"https:\/\/www.ametllerorigenwp.com\/ca\/wp-json\/wp\/v2\/types\/post"}],"author":[{"embeddable":true,"href":"https:\/\/www.ametllerorigenwp.com\/ca\/wp-json\/wp\/v2\/users\/5"}],"replies":[{"embeddable":true,"href":"https:\/\/www.ametllerorigenwp.com\/ca\/wp-json\/wp\/v2\/comments?post=3554"}],"version-history":[{"count":1,"href":"https:\/\/www.ametllerorigenwp.com\/ca\/wp-json\/wp\/v2\/posts\/3554\/revisions"}],"predecessor-version":[{"id":3557,"href":"https:\/\/www.ametllerorigenwp.com\/ca\/wp-json\/wp\/v2\/posts\/3554\/revisions\/3557"}],"wp:featuredmedia":[{"embeddable":true,"href":"https:\/\/www.ametllerorigenwp.com\/ca\/wp-json\/wp\/v2\/media\/3555"}],"wp:attachment":[{"href":"https:\/\/www.ametllerorigenwp.com\/ca\/wp-json\/wp\/v2\/media?parent=3554"}],"wp:term":[{"taxonomy":"category","embeddable":true,"href":"https:\/\/www.ametllerorigenwp.com\/ca\/wp-json\/wp\/v2\/categories?post=3554"},{"taxonomy":"post_tag","embeddable":true,"href":"https:\/\/www.ametllerorigenwp.com\/ca\/wp-json\/wp\/v2\/tags?post=3554"}],"curies":[{"name":"wp","href":"https:\/\/api.w.org\/{rel}","templated":true}]}}