{"id":3560,"date":"2021-09-24T14:05:38","date_gmt":"2021-09-24T14:05:38","guid":{"rendered":"https:\/\/www.ametllerorigenwp.com\/?p=3560"},"modified":"2021-09-24T14:05:43","modified_gmt":"2021-09-24T14:05:43","slug":"20-anys-fent-cami-cap-a-un-mon-mes-saludable-i-sostenible","status":"publish","type":"post","link":"https:\/\/www.ametllerorigenwp.com\/ca\/20-anys-fent-cami-cap-a-un-mon-mes-saludable-i-sostenible\/","title":{"rendered":"20 anys fent cam\u00ed cap a un m\u00f3n m\u00e9s saludable i sostenible"},"content":{"rendered":"\n<p>Avui se celebra el <strong>Dia Mundial dels Objectius de Desenvolupament Sostenible<\/strong>, una data per donar visibilitat a les accions concretes que ciutadans i organitzacions estem duent a terme per a la consecuci\u00f3 dels Objectius de Desenvolupament Sostenible, en compliment de l\u2019Agenda 2030.&nbsp;<\/p>\n\n\n\n<p>Des d\u2019Ametller Origen<strong> estem fent cam\u00ed per ser neutres en emissions de CO<sup>2<\/sup> l\u2019any 2027<\/strong>, vint-i-tres anys abans dels objectius aprovats en l\u2019Acord de Par\u00eds. Durant aquests 20 anys, <strong>hem plantat m\u00e9s de 100 llavors<\/strong> que es corresponen a accions de millora en l\u2019\u00e0mbit de la salut i la sostenibilitat i hem posat en marxa Fem Cam\u00ed, un moviment per a tots aquells que volem avan\u00e7ar cap a un m\u00f3n millor.<\/p>\n\n\n\n<p>Descobreix totes les llavors a <a href=\"https:\/\/www.femcami.org\/\" target=\"_blank\" rel=\"noreferrer noopener\">femcam\u00ed.org<\/a>.<\/p>\n","protected":false},"excerpt":{"rendered":"<p>Avui se celebra el Dia Mundial dels Objectius de Desenvolupament Sostenible, una data per donar visibilitat a les accions concretes que ciutadans i organitzacions estem duent a terme per a la consecuci\u00f3 dels Objectius de Desenvolupament Sostenible, en compliment de l\u2019Agenda 2030.&nbsp; Des d\u2019Ametller Origen estem fent cam\u00ed per ser neutres en emissions de CO2 &hellip; <a href=\"https:\/\/www.ametllerorigenwp.com\/ca\/20-anys-fent-cami-cap-a-un-mon-mes-saludable-i-sostenible\/\" class=\"more-link\">Continua llegint <span class=\"screen-reader-text\">\u00ab20 anys fent cam\u00ed cap a un m\u00f3n m\u00e9s saludable i sostenible\u00bb<\/span><\/a><\/p>\n","protected":false},"author":5,"featured_media":3561,"comment_status":"open","ping_status":"open","sticky":false,"template":"","format":"standard","meta":{"_uag_custom_page_level_css":"","advgb_blocks_editor_width":"","advgb_blocks_columns_visual_guide":"","footnotes":""},"categories":[2],"tags":[],"class_list":["post-3560","post","type-post","status-publish","format-standard","has-post-thumbnail","hentry","category-noticies"],"author_meta":{"display_name":"Mireia Zaragoza","author_link":"https:\/\/www.ametllerorigenwp.com\/ca\/author\/mzaragoza\/"},"featured_img":"https:\/\/www.ametllerorigenwp.com\/wp-content\/uploads\/2021\/09\/app-2027-femcami-CAT-300x102.jpg","uagb_featured_image_src":{"full":["https:\/\/www.ametllerorigenwp.com\/wp-content\/uploads\/2021\/09\/app-2027-femcami-CAT.jpg",1000,340,false],"thumbnail":["https:\/\/www.ametllerorigenwp.com\/wp-content\/uploads\/2021\/09\/app-2027-femcami-CAT-150x150.jpg",150,150,true],"medium":["https:\/\/www.ametllerorigenwp.com\/wp-content\/uploads\/2021\/09\/app-2027-femcami-CAT-300x102.jpg",300,102,true],"medium_large":["https:\/\/www.ametllerorigenwp.com\/wp-content\/uploads\/2021\/09\/app-2027-femcami-CAT-768x261.jpg",768,261,true],"large":["https:\/\/www.ametllerorigenwp.com\/wp-content\/uploads\/2021\/09\/app-2027-femcami-CAT.jpg",840,286,false],"1536x1536":["https:\/\/www.ametllerorigenwp.com\/wp-content\/uploads\/2021\/09\/app-2027-femcami-CAT.jpg",1000,340,false],"2048x2048":["https:\/\/www.ametllerorigenwp.com\/wp-content\/uploads\/2021\/09\/app-2027-femcami-CAT.jpg",1000,340,false],"post-thumbnail":["https:\/\/www.ametllerorigenwp.com\/wp-content\/uploads\/2021\/09\/app-2027-femcami-CAT.jpg",1000,340,false]},"uagb_author_info":{"display_name":"Mireia Zaragoza","author_link":"https:\/\/www.ametllerorigenwp.com\/ca\/author\/mzaragoza\/"},"uagb_comment_info":0,"uagb_excerpt":"Avui se celebra el Dia Mundial dels Objectius de Desenvolupament Sostenible, una data per donar visibilitat a les accions concretes que ciutadans i organitzacions estem duent a terme per a la consecuci\u00f3 dels Objectius de Desenvolupament Sostenible, en compliment de l\u2019Agenda 2030.&nbsp; Des d\u2019Ametller Origen estem fent cam\u00ed per ser neutres en emissions de CO2&hellip;","coauthors":[],"tax_additional":{"categories":{"linked":["<a href=\"https:\/\/www.ametllerorigenwp.com\/ca\/category\/noticies\/\" class=\"advgb-post-tax-term\">Noticies<\/a>"],"unlinked":["<span class=\"advgb-post-tax-term\">Noticies<\/span>"]}},"comment_count":"0","relative_dates":{"created":"Posted 5 anys ago","modified":"Updated 5 anys ago"},"absolute_dates":{"created":"Posted on 24 de setembre de 2021","modified":"Updated on 24 de setembre de 2021"},"absolute_dates_time":{"created":"Posted on 24 de setembre de 2021 14:05","modified":"Updated on 24 de setembre de 2021 14:05"},"featured_img_caption":"","series_order":"","show_in_app":true,"fecha_inicio_destacado":null,"hora_inicio_visualizacion":null,"minutos_inicio_visualizacion":null,"fecha_final_destacado":null,"hora_final_visualizacion":null,"minutos_final_visualizacion":null,"posicion_visualizacion":null,"estado_destacado":null,"niveles_destacados":null,"url_del_enlace":null,"banner_destacado":null,"posicion_visualizacion_de_la_noticia":null,"estado_noticia":null,"fecha_de_inicio_de_visualizacion_del_tutorial":null,"hora_inicio_visualizacion_tutorial":null,"minutos_inicio_visualizacion_tutorial":null,"fecha_de_final_de_visualizacion_del_tutorial":null,"hora_final_visualizacion_tutorial":null,"minutos_final_visualizacion_tutorial":null,"numero_de_veces_visto":null,"numero_de_veces_total":null,"niveles_tutorial":null,"tutorial_recursos_castellano":null,"tutorial_recursos_catalan":null,"dias_disponibles":null,"dias_de_la_semana":null,"dias_del_mes":null,"other_lang_post_id":null,"lang":"ca","campanya_descripcion":null,"campanya_fecha_inicio":null,"campanya_fecha_fin":null,"campanya_legales":null,"campanya_imagen":null,"campanya_characteristics":null,"campanya_url":null,"campanya_posicion_visualizacion":null,"campanya_estado":null,"_links":{"self":[{"href":"https:\/\/www.ametllerorigenwp.com\/ca\/wp-json\/wp\/v2\/posts\/3560","targetHints":{"allow":["GET"]}}],"collection":[{"href":"https:\/\/www.ametllerorigenwp.com\/ca\/wp-json\/wp\/v2\/posts"}],"about":[{"href":"https:\/\/www.ametllerorigenwp.com\/ca\/wp-json\/wp\/v2\/types\/post"}],"author":[{"embeddable":true,"href":"https:\/\/www.ametllerorigenwp.com\/ca\/wp-json\/wp\/v2\/users\/5"}],"replies":[{"embeddable":true,"href":"https:\/\/www.ametllerorigenwp.com\/ca\/wp-json\/wp\/v2\/comments?post=3560"}],"version-history":[{"count":1,"href":"https:\/\/www.ametllerorigenwp.com\/ca\/wp-json\/wp\/v2\/posts\/3560\/revisions"}],"predecessor-version":[{"id":3563,"href":"https:\/\/www.ametllerorigenwp.com\/ca\/wp-json\/wp\/v2\/posts\/3560\/revisions\/3563"}],"wp:featuredmedia":[{"embeddable":true,"href":"https:\/\/www.ametllerorigenwp.com\/ca\/wp-json\/wp\/v2\/media\/3561"}],"wp:attachment":[{"href":"https:\/\/www.ametllerorigenwp.com\/ca\/wp-json\/wp\/v2\/media?parent=3560"}],"wp:term":[{"taxonomy":"category","embeddable":true,"href":"https:\/\/www.ametllerorigenwp.com\/ca\/wp-json\/wp\/v2\/categories?post=3560"},{"taxonomy":"post_tag","embeddable":true,"href":"https:\/\/www.ametllerorigenwp.com\/ca\/wp-json\/wp\/v2\/tags?post=3560"}],"curies":[{"name":"wp","href":"https:\/\/api.w.org\/{rel}","templated":true}]}}