{"id":3598,"date":"2021-09-29T16:04:11","date_gmt":"2021-09-29T16:04:11","guid":{"rendered":"https:\/\/www.ametllerorigenwp.com\/?p=3598"},"modified":"2021-09-29T16:04:48","modified_gmt":"2021-09-29T16:04:48","slug":"dues-receptes-de-carmanyoles-completes-saludables-i-saboroses","status":"publish","type":"post","link":"https:\/\/www.ametllerorigenwp.com\/ca\/dues-receptes-de-carmanyoles-completes-saludables-i-saboroses\/","title":{"rendered":"Dues receptes de carmanyoles completes, saludables i saboroses"},"content":{"rendered":"\n<p>Ets dels que menges sovint de carmanyola? En Cintet t\u2019ensenya en aquest <a href=\"https:\/\/www.instagram.com\/tv\/CT2BGAVoCDP\/?utm_medium=copy_link\">v\u00eddeo<\/a> com preparar <strong>dues receptes senzilles i completes a base de llegums i cereals amb verdures de temporada i fruita seca<\/strong>. Perqu\u00e8 menjar de carmanyola sigui sin\u00f2nim de menjar saludable i sabor\u00f3s!<\/p>\n\n\n\n<p>Prova-les!<\/p>\n","protected":false},"excerpt":{"rendered":"<p>Ets dels que menges sovint de carmanyola? En Cintet t\u2019ensenya en aquest v\u00eddeo com preparar dues receptes senzilles i completes a base de llegums i cereals amb verdures de temporada i fruita seca. Perqu\u00e8 menjar de carmanyola sigui sin\u00f2nim de menjar saludable i sabor\u00f3s! Prova-les!<\/p>\n","protected":false},"author":5,"featured_media":3599,"comment_status":"open","ping_status":"open","sticky":false,"template":"","format":"standard","meta":{"_uag_custom_page_level_css":"","advgb_blocks_editor_width":"","advgb_blocks_columns_visual_guide":"","footnotes":""},"categories":[2],"tags":[],"class_list":["post-3598","post","type-post","status-publish","format-standard","has-post-thumbnail","hentry","category-noticies"],"author_meta":{"display_name":"Mireia Zaragoza","author_link":"https:\/\/www.ametllerorigenwp.com\/ca\/author\/mzaragoza\/"},"featured_img":"https:\/\/www.ametllerorigenwp.com\/wp-content\/uploads\/2021\/09\/image00005-300x102.jpg","uagb_featured_image_src":{"full":["https:\/\/www.ametllerorigenwp.com\/wp-content\/uploads\/2021\/09\/image00005.jpg",1000,339,false],"thumbnail":["https:\/\/www.ametllerorigenwp.com\/wp-content\/uploads\/2021\/09\/image00005-150x150.jpg",150,150,true],"medium":["https:\/\/www.ametllerorigenwp.com\/wp-content\/uploads\/2021\/09\/image00005-300x102.jpg",300,102,true],"medium_large":["https:\/\/www.ametllerorigenwp.com\/wp-content\/uploads\/2021\/09\/image00005-768x260.jpg",768,260,true],"large":["https:\/\/www.ametllerorigenwp.com\/wp-content\/uploads\/2021\/09\/image00005.jpg",840,285,false],"1536x1536":["https:\/\/www.ametllerorigenwp.com\/wp-content\/uploads\/2021\/09\/image00005.jpg",1000,339,false],"2048x2048":["https:\/\/www.ametllerorigenwp.com\/wp-content\/uploads\/2021\/09\/image00005.jpg",1000,339,false],"post-thumbnail":["https:\/\/www.ametllerorigenwp.com\/wp-content\/uploads\/2021\/09\/image00005.jpg",1000,339,false]},"uagb_author_info":{"display_name":"Mireia Zaragoza","author_link":"https:\/\/www.ametllerorigenwp.com\/ca\/author\/mzaragoza\/"},"uagb_comment_info":0,"uagb_excerpt":"Ets dels que menges sovint de carmanyola? En Cintet t\u2019ensenya en aquest v\u00eddeo com preparar dues receptes senzilles i completes a base de llegums i cereals amb verdures de temporada i fruita seca. Perqu\u00e8 menjar de carmanyola sigui sin\u00f2nim de menjar saludable i sabor\u00f3s! Prova-les!","coauthors":[],"tax_additional":{"categories":{"linked":["<a href=\"https:\/\/www.ametllerorigenwp.com\/ca\/category\/noticies\/\" class=\"advgb-post-tax-term\">Noticies<\/a>"],"unlinked":["<span class=\"advgb-post-tax-term\">Noticies<\/span>"]}},"comment_count":"0","relative_dates":{"created":"Posted 5 anys ago","modified":"Updated 5 anys ago"},"absolute_dates":{"created":"Posted on 29 de setembre de 2021","modified":"Updated on 29 de setembre de 2021"},"absolute_dates_time":{"created":"Posted on 29 de setembre de 2021 16:04","modified":"Updated on 29 de setembre de 2021 16:04"},"featured_img_caption":"","series_order":"","show_in_app":true,"fecha_inicio_destacado":null,"hora_inicio_visualizacion":null,"minutos_inicio_visualizacion":null,"fecha_final_destacado":null,"hora_final_visualizacion":null,"minutos_final_visualizacion":null,"posicion_visualizacion":null,"estado_destacado":null,"niveles_destacados":null,"url_del_enlace":null,"banner_destacado":null,"posicion_visualizacion_de_la_noticia":null,"estado_noticia":null,"fecha_de_inicio_de_visualizacion_del_tutorial":null,"hora_inicio_visualizacion_tutorial":null,"minutos_inicio_visualizacion_tutorial":null,"fecha_de_final_de_visualizacion_del_tutorial":null,"hora_final_visualizacion_tutorial":null,"minutos_final_visualizacion_tutorial":null,"numero_de_veces_visto":null,"numero_de_veces_total":null,"niveles_tutorial":null,"tutorial_recursos_castellano":null,"tutorial_recursos_catalan":null,"dias_disponibles":null,"dias_de_la_semana":null,"dias_del_mes":null,"other_lang_post_id":null,"lang":"ca","campanya_descripcion":null,"campanya_fecha_inicio":null,"campanya_fecha_fin":null,"campanya_legales":null,"campanya_imagen":null,"campanya_characteristics":null,"campanya_url":null,"campanya_posicion_visualizacion":null,"campanya_estado":null,"_links":{"self":[{"href":"https:\/\/www.ametllerorigenwp.com\/ca\/wp-json\/wp\/v2\/posts\/3598","targetHints":{"allow":["GET"]}}],"collection":[{"href":"https:\/\/www.ametllerorigenwp.com\/ca\/wp-json\/wp\/v2\/posts"}],"about":[{"href":"https:\/\/www.ametllerorigenwp.com\/ca\/wp-json\/wp\/v2\/types\/post"}],"author":[{"embeddable":true,"href":"https:\/\/www.ametllerorigenwp.com\/ca\/wp-json\/wp\/v2\/users\/5"}],"replies":[{"embeddable":true,"href":"https:\/\/www.ametllerorigenwp.com\/ca\/wp-json\/wp\/v2\/comments?post=3598"}],"version-history":[{"count":1,"href":"https:\/\/www.ametllerorigenwp.com\/ca\/wp-json\/wp\/v2\/posts\/3598\/revisions"}],"predecessor-version":[{"id":3601,"href":"https:\/\/www.ametllerorigenwp.com\/ca\/wp-json\/wp\/v2\/posts\/3598\/revisions\/3601"}],"wp:featuredmedia":[{"embeddable":true,"href":"https:\/\/www.ametllerorigenwp.com\/ca\/wp-json\/wp\/v2\/media\/3599"}],"wp:attachment":[{"href":"https:\/\/www.ametllerorigenwp.com\/ca\/wp-json\/wp\/v2\/media?parent=3598"}],"wp:term":[{"taxonomy":"category","embeddable":true,"href":"https:\/\/www.ametllerorigenwp.com\/ca\/wp-json\/wp\/v2\/categories?post=3598"},{"taxonomy":"post_tag","embeddable":true,"href":"https:\/\/www.ametllerorigenwp.com\/ca\/wp-json\/wp\/v2\/tags?post=3598"}],"curies":[{"name":"wp","href":"https:\/\/api.w.org\/{rel}","templated":true}]}}