{"id":3604,"date":"2021-09-30T15:42:20","date_gmt":"2021-09-30T15:42:20","guid":{"rendered":"https:\/\/www.ametllerorigenwp.com\/?p=3604"},"modified":"2021-09-30T15:42:24","modified_gmt":"2021-09-30T15:42:24","slug":"saps-per-que-has-de-guardar-els-platans-separats-daltres-fruites","status":"publish","type":"post","link":"https:\/\/www.ametllerorigenwp.com\/ca\/saps-per-que-has-de-guardar-els-platans-separats-daltres-fruites\/","title":{"rendered":"Saps per qu\u00e8 has de guardar els pl\u00e0tans separats d\u2019altres fruites?"},"content":{"rendered":"\n<p>Sabies que guardar els pl\u00e0tans juntament amb altres fruites fa que aquestes es facin malb\u00e9 en poc temps? T\u2019ho expliquem: <strong>el pl\u00e0tan<\/strong>, de la mateixa manera que les pomes,<strong> t\u00e9 un alt contingut en etil\u00e8, un gas considerat com l\u2019hormona de l\u2019envelliment que fa que aquelles fruites ja madures emmagatzemades al seu costat envelleixin r\u00e0pidament.<\/strong> Per aix\u00f2, cal que guardis els pl\u00e0tans per separat per respectar el punt de maduraci\u00f3 de les altres fruites durant m\u00e9s temps i reduir el malbaratament alimentari.<\/p>\n\n\n\n<p>Vols saber quines altres fruites i verdures has de guardar soles i altres trucs antimalbaratament? T\u2019ho expliquem al <a href=\"https:\/\/www.ametllerorigen.com\/ca\/blog\/tips-per-evitar-el-malbaratament-de-fruites-i-verdures\" target=\"_blank\" rel=\"noreferrer noopener\">blog<\/a>!<\/p>\n","protected":false},"excerpt":{"rendered":"<p>Sabies que guardar els pl\u00e0tans juntament amb altres fruites fa que aquestes es facin malb\u00e9 en poc temps? T\u2019ho expliquem: el pl\u00e0tan, de la mateixa manera que les pomes, t\u00e9 un alt contingut en etil\u00e8, un gas considerat com l\u2019hormona de l\u2019envelliment que fa que aquelles fruites ja madures emmagatzemades al seu costat envelleixin r\u00e0pidament. &hellip; <a href=\"https:\/\/www.ametllerorigenwp.com\/ca\/saps-per-que-has-de-guardar-els-platans-separats-daltres-fruites\/\" class=\"more-link\">Continua llegint <span class=\"screen-reader-text\">\u00abSaps per qu\u00e8 has de guardar els pl\u00e0tans separats d\u2019altres fruites?\u00bb<\/span><\/a><\/p>\n","protected":false},"author":5,"featured_media":3605,"comment_status":"open","ping_status":"open","sticky":false,"template":"","format":"standard","meta":{"_uag_custom_page_level_css":"","advgb_blocks_editor_width":"","advgb_blocks_columns_visual_guide":"","footnotes":""},"categories":[2],"tags":[],"class_list":["post-3604","post","type-post","status-publish","format-standard","has-post-thumbnail","hentry","category-noticies"],"author_meta":{"display_name":"Mireia Zaragoza","author_link":"https:\/\/www.ametllerorigenwp.com\/ca\/author\/mzaragoza\/"},"featured_img":"https:\/\/www.ametllerorigenwp.com\/wp-content\/uploads\/2021\/09\/APP-platan-300x102.jpg","uagb_featured_image_src":{"full":["https:\/\/www.ametllerorigenwp.com\/wp-content\/uploads\/2021\/09\/APP-platan.jpg",1000,340,false],"thumbnail":["https:\/\/www.ametllerorigenwp.com\/wp-content\/uploads\/2021\/09\/APP-platan-150x150.jpg",150,150,true],"medium":["https:\/\/www.ametllerorigenwp.com\/wp-content\/uploads\/2021\/09\/APP-platan-300x102.jpg",300,102,true],"medium_large":["https:\/\/www.ametllerorigenwp.com\/wp-content\/uploads\/2021\/09\/APP-platan-768x261.jpg",768,261,true],"large":["https:\/\/www.ametllerorigenwp.com\/wp-content\/uploads\/2021\/09\/APP-platan.jpg",840,286,false],"1536x1536":["https:\/\/www.ametllerorigenwp.com\/wp-content\/uploads\/2021\/09\/APP-platan.jpg",1000,340,false],"2048x2048":["https:\/\/www.ametllerorigenwp.com\/wp-content\/uploads\/2021\/09\/APP-platan.jpg",1000,340,false],"post-thumbnail":["https:\/\/www.ametllerorigenwp.com\/wp-content\/uploads\/2021\/09\/APP-platan.jpg",1000,340,false]},"uagb_author_info":{"display_name":"Mireia Zaragoza","author_link":"https:\/\/www.ametllerorigenwp.com\/ca\/author\/mzaragoza\/"},"uagb_comment_info":0,"uagb_excerpt":"Sabies que guardar els pl\u00e0tans juntament amb altres fruites fa que aquestes es facin malb\u00e9 en poc temps? T\u2019ho expliquem: el pl\u00e0tan, de la mateixa manera que les pomes, t\u00e9 un alt contingut en etil\u00e8, un gas considerat com l\u2019hormona de l\u2019envelliment que fa que aquelles fruites ja madures emmagatzemades al seu costat envelleixin r\u00e0pidament.&hellip;","coauthors":[],"tax_additional":{"categories":{"linked":["<a href=\"https:\/\/www.ametllerorigenwp.com\/ca\/category\/noticies\/\" class=\"advgb-post-tax-term\">Noticies<\/a>"],"unlinked":["<span class=\"advgb-post-tax-term\">Noticies<\/span>"]}},"comment_count":"0","relative_dates":{"created":"Posted 5 anys ago","modified":"Updated 5 anys ago"},"absolute_dates":{"created":"Posted on 30 de setembre de 2021","modified":"Updated on 30 de setembre de 2021"},"absolute_dates_time":{"created":"Posted on 30 de setembre de 2021 15:42","modified":"Updated on 30 de setembre de 2021 15:42"},"featured_img_caption":"","series_order":"","show_in_app":true,"fecha_inicio_destacado":null,"hora_inicio_visualizacion":null,"minutos_inicio_visualizacion":null,"fecha_final_destacado":null,"hora_final_visualizacion":null,"minutos_final_visualizacion":null,"posicion_visualizacion":null,"estado_destacado":null,"niveles_destacados":null,"url_del_enlace":null,"banner_destacado":null,"posicion_visualizacion_de_la_noticia":null,"estado_noticia":null,"fecha_de_inicio_de_visualizacion_del_tutorial":null,"hora_inicio_visualizacion_tutorial":null,"minutos_inicio_visualizacion_tutorial":null,"fecha_de_final_de_visualizacion_del_tutorial":null,"hora_final_visualizacion_tutorial":null,"minutos_final_visualizacion_tutorial":null,"numero_de_veces_visto":null,"numero_de_veces_total":null,"niveles_tutorial":null,"tutorial_recursos_castellano":null,"tutorial_recursos_catalan":null,"dias_disponibles":null,"dias_de_la_semana":null,"dias_del_mes":null,"other_lang_post_id":null,"lang":"ca","campanya_descripcion":null,"campanya_fecha_inicio":null,"campanya_fecha_fin":null,"campanya_legales":null,"campanya_imagen":null,"campanya_characteristics":null,"campanya_url":null,"campanya_posicion_visualizacion":null,"campanya_estado":null,"_links":{"self":[{"href":"https:\/\/www.ametllerorigenwp.com\/ca\/wp-json\/wp\/v2\/posts\/3604","targetHints":{"allow":["GET"]}}],"collection":[{"href":"https:\/\/www.ametllerorigenwp.com\/ca\/wp-json\/wp\/v2\/posts"}],"about":[{"href":"https:\/\/www.ametllerorigenwp.com\/ca\/wp-json\/wp\/v2\/types\/post"}],"author":[{"embeddable":true,"href":"https:\/\/www.ametllerorigenwp.com\/ca\/wp-json\/wp\/v2\/users\/5"}],"replies":[{"embeddable":true,"href":"https:\/\/www.ametllerorigenwp.com\/ca\/wp-json\/wp\/v2\/comments?post=3604"}],"version-history":[{"count":1,"href":"https:\/\/www.ametllerorigenwp.com\/ca\/wp-json\/wp\/v2\/posts\/3604\/revisions"}],"predecessor-version":[{"id":3607,"href":"https:\/\/www.ametllerorigenwp.com\/ca\/wp-json\/wp\/v2\/posts\/3604\/revisions\/3607"}],"wp:featuredmedia":[{"embeddable":true,"href":"https:\/\/www.ametllerorigenwp.com\/ca\/wp-json\/wp\/v2\/media\/3605"}],"wp:attachment":[{"href":"https:\/\/www.ametllerorigenwp.com\/ca\/wp-json\/wp\/v2\/media?parent=3604"}],"wp:term":[{"taxonomy":"category","embeddable":true,"href":"https:\/\/www.ametllerorigenwp.com\/ca\/wp-json\/wp\/v2\/categories?post=3604"},{"taxonomy":"post_tag","embeddable":true,"href":"https:\/\/www.ametllerorigenwp.com\/ca\/wp-json\/wp\/v2\/tags?post=3604"}],"curies":[{"name":"wp","href":"https:\/\/api.w.org\/{rel}","templated":true}]}}