{"id":3706,"date":"2021-10-14T16:37:55","date_gmt":"2021-10-14T16:37:55","guid":{"rendered":"https:\/\/www.ametllerorigenwp.com\/?p=3706"},"modified":"2021-10-14T16:37:58","modified_gmt":"2021-10-14T16:37:58","slug":"gaudeix-dels-vermuts-dadaistes-els-diumenges-doctubre","status":"publish","type":"post","link":"https:\/\/www.ametllerorigenwp.com\/ca\/gaudeix-dels-vermuts-dadaistes-els-diumenges-doctubre\/","title":{"rendered":"Gaudeix dels vermuts dadaistes els diumenges d\u2019octubre"},"content":{"rendered":"\n<p>Et proposem un pla cultural i gastron\u00f2mic per als diumenges d&#8217;octubre! Gaudeix del <strong>vermut &#8216;VR.\u00a0MUTT&#8217; d&#8217;Ametller Origen<\/strong> <strong>a la terrassa de la Fundaci\u00f3 T\u00e0pies<\/strong> despr\u00e9s de visitar les exposicions &#8216;Els arxius de la Font&#8217; i &#8216;T\u00e0pies. La realitat en primer pla&#8217;.<\/p>\n\n\n\n<p>T&#8217;esperem els diumenges 17, 24 i 31 d&#8217;octubre a les 12 h. Apunta&#8217;t <a href=\"https:\/\/fundaciotapies.org\/activitat\/vermuts-dadaistes\/\" target=\"_blank\" rel=\"noreferrer noopener\">aqu\u00ed<\/a>!<\/p>\n","protected":false},"excerpt":{"rendered":"<p>Et proposem un pla cultural i gastron\u00f2mic per als diumenges d&#8217;octubre! Gaudeix del vermut &#8216;VR.\u00a0MUTT&#8217; d&#8217;Ametller Origen a la terrassa de la Fundaci\u00f3 T\u00e0pies despr\u00e9s de visitar les exposicions &#8216;Els arxius de la Font&#8217; i &#8216;T\u00e0pies. La realitat en primer pla&#8217;. T&#8217;esperem els diumenges 17, 24 i 31 d&#8217;octubre a les 12 h. Apunta&#8217;t aqu\u00ed!<\/p>\n","protected":false},"author":5,"featured_media":3707,"comment_status":"open","ping_status":"open","sticky":false,"template":"","format":"standard","meta":{"_uag_custom_page_level_css":"","advgb_blocks_editor_width":"","advgb_blocks_columns_visual_guide":"","footnotes":""},"categories":[2],"tags":[],"class_list":["post-3706","post","type-post","status-publish","format-standard","has-post-thumbnail","hentry","category-noticies"],"author_meta":{"display_name":"Mireia Zaragoza","author_link":"https:\/\/www.ametllerorigenwp.com\/ca\/author\/mzaragoza\/"},"featured_img":"https:\/\/www.ametllerorigenwp.com\/wp-content\/uploads\/2021\/10\/Nuevo-proyecto-16-300x102.jpg","uagb_featured_image_src":{"full":["https:\/\/www.ametllerorigenwp.com\/wp-content\/uploads\/2021\/10\/Nuevo-proyecto-16.jpg",1000,340,false],"thumbnail":["https:\/\/www.ametllerorigenwp.com\/wp-content\/uploads\/2021\/10\/Nuevo-proyecto-16-150x150.jpg",150,150,true],"medium":["https:\/\/www.ametllerorigenwp.com\/wp-content\/uploads\/2021\/10\/Nuevo-proyecto-16-300x102.jpg",300,102,true],"medium_large":["https:\/\/www.ametllerorigenwp.com\/wp-content\/uploads\/2021\/10\/Nuevo-proyecto-16-768x261.jpg",768,261,true],"large":["https:\/\/www.ametllerorigenwp.com\/wp-content\/uploads\/2021\/10\/Nuevo-proyecto-16.jpg",840,286,false],"1536x1536":["https:\/\/www.ametllerorigenwp.com\/wp-content\/uploads\/2021\/10\/Nuevo-proyecto-16.jpg",1000,340,false],"2048x2048":["https:\/\/www.ametllerorigenwp.com\/wp-content\/uploads\/2021\/10\/Nuevo-proyecto-16.jpg",1000,340,false],"post-thumbnail":["https:\/\/www.ametllerorigenwp.com\/wp-content\/uploads\/2021\/10\/Nuevo-proyecto-16.jpg",1000,340,false]},"uagb_author_info":{"display_name":"Mireia Zaragoza","author_link":"https:\/\/www.ametllerorigenwp.com\/ca\/author\/mzaragoza\/"},"uagb_comment_info":0,"uagb_excerpt":"Et proposem un pla cultural i gastron\u00f2mic per als diumenges d&#8217;octubre! Gaudeix del vermut &#8216;VR.\u00a0MUTT&#8217; d&#8217;Ametller Origen a la terrassa de la Fundaci\u00f3 T\u00e0pies despr\u00e9s de visitar les exposicions &#8216;Els arxius de la Font&#8217; i &#8216;T\u00e0pies. La realitat en primer pla&#8217;. T&#8217;esperem els diumenges 17, 24 i 31 d&#8217;octubre a les 12 h. Apunta&#8217;t aqu\u00ed!","coauthors":[],"tax_additional":{"categories":{"linked":["<a href=\"https:\/\/www.ametllerorigenwp.com\/ca\/category\/noticies\/\" class=\"advgb-post-tax-term\">Noticies<\/a>"],"unlinked":["<span class=\"advgb-post-tax-term\">Noticies<\/span>"]}},"comment_count":"0","relative_dates":{"created":"Posted 5 anys ago","modified":"Updated 5 anys ago"},"absolute_dates":{"created":"Posted on 14 d'octubre de 2021","modified":"Updated on 14 d'octubre de 2021"},"absolute_dates_time":{"created":"Posted on 14 d'octubre de 2021 16:37","modified":"Updated on 14 d'octubre de 2021 16:37"},"featured_img_caption":"","series_order":"","show_in_app":true,"fecha_inicio_destacado":null,"hora_inicio_visualizacion":null,"minutos_inicio_visualizacion":null,"fecha_final_destacado":null,"hora_final_visualizacion":null,"minutos_final_visualizacion":null,"posicion_visualizacion":null,"estado_destacado":null,"niveles_destacados":null,"url_del_enlace":null,"banner_destacado":null,"posicion_visualizacion_de_la_noticia":null,"estado_noticia":null,"fecha_de_inicio_de_visualizacion_del_tutorial":null,"hora_inicio_visualizacion_tutorial":null,"minutos_inicio_visualizacion_tutorial":null,"fecha_de_final_de_visualizacion_del_tutorial":null,"hora_final_visualizacion_tutorial":null,"minutos_final_visualizacion_tutorial":null,"numero_de_veces_visto":null,"numero_de_veces_total":null,"niveles_tutorial":null,"tutorial_recursos_castellano":null,"tutorial_recursos_catalan":null,"dias_disponibles":null,"dias_de_la_semana":null,"dias_del_mes":null,"other_lang_post_id":null,"lang":"ca","campanya_descripcion":null,"campanya_fecha_inicio":null,"campanya_fecha_fin":null,"campanya_legales":null,"campanya_imagen":null,"campanya_characteristics":null,"campanya_url":null,"campanya_posicion_visualizacion":null,"campanya_estado":null,"_links":{"self":[{"href":"https:\/\/www.ametllerorigenwp.com\/ca\/wp-json\/wp\/v2\/posts\/3706","targetHints":{"allow":["GET"]}}],"collection":[{"href":"https:\/\/www.ametllerorigenwp.com\/ca\/wp-json\/wp\/v2\/posts"}],"about":[{"href":"https:\/\/www.ametllerorigenwp.com\/ca\/wp-json\/wp\/v2\/types\/post"}],"author":[{"embeddable":true,"href":"https:\/\/www.ametllerorigenwp.com\/ca\/wp-json\/wp\/v2\/users\/5"}],"replies":[{"embeddable":true,"href":"https:\/\/www.ametllerorigenwp.com\/ca\/wp-json\/wp\/v2\/comments?post=3706"}],"version-history":[{"count":2,"href":"https:\/\/www.ametllerorigenwp.com\/ca\/wp-json\/wp\/v2\/posts\/3706\/revisions"}],"predecessor-version":[{"id":3710,"href":"https:\/\/www.ametllerorigenwp.com\/ca\/wp-json\/wp\/v2\/posts\/3706\/revisions\/3710"}],"wp:featuredmedia":[{"embeddable":true,"href":"https:\/\/www.ametllerorigenwp.com\/ca\/wp-json\/wp\/v2\/media\/3707"}],"wp:attachment":[{"href":"https:\/\/www.ametllerorigenwp.com\/ca\/wp-json\/wp\/v2\/media?parent=3706"}],"wp:term":[{"taxonomy":"category","embeddable":true,"href":"https:\/\/www.ametllerorigenwp.com\/ca\/wp-json\/wp\/v2\/categories?post=3706"},{"taxonomy":"post_tag","embeddable":true,"href":"https:\/\/www.ametllerorigenwp.com\/ca\/wp-json\/wp\/v2\/tags?post=3706"}],"curies":[{"name":"wp","href":"https:\/\/api.w.org\/{rel}","templated":true}]}}