{"id":3715,"date":"2021-10-15T15:02:28","date_gmt":"2021-10-15T15:02:28","guid":{"rendered":"https:\/\/www.ametllerorigenwp.com\/?p=3715"},"modified":"2021-10-15T15:02:32","modified_gmt":"2021-10-15T15:02:32","slug":"descobreix-amb-el-jordi-morera-tots-els-secrets-delaboracio-del-pa-de-mercat-dautors","status":"publish","type":"post","link":"https:\/\/www.ametllerorigenwp.com\/ca\/descobreix-amb-el-jordi-morera-tots-els-secrets-delaboracio-del-pa-de-mercat-dautors\/","title":{"rendered":"Descobreix amb el Jordi Morera tots els secrets d\u2019elaboraci\u00f3 del pa de Mercat d\u2019Autors"},"content":{"rendered":"\n<p>Sabies que tot el pa que tenim a la fleca del Mercat d\u2019Autors s\u2019elabora amb <strong>massa mare i amb farina pr\u00f2pia 100% ecol\u00f2gica<\/strong> molta all\u00e0 mateix al mol\u00ed de pedra?<\/p>\n\n\n\n<p>Avui celebrem el Dia Mundial del Pa, i volem mostrar-te de la m\u00e0 del Jordi Morera, forner de cinquena generaci\u00f3, i el Cintet, tots els secrets dels nostres pans, com s\u2019elaboren di\u00e0riament al mol\u00ed de pedra, un dels pocs que queden a Catalunya, i quins beneficis nutricionals t\u2019aporta aquesta aliment mil\u00b7lenari consumit di\u00e0riament a les nostres llars. <a href=\"https:\/\/youtu.be\/BjCHlSD8Rf8\">No t\u2019ho perdis<\/a>!<\/p>\n","protected":false},"excerpt":{"rendered":"<p>Sabies que tot el pa que tenim a la fleca del Mercat d\u2019Autors s\u2019elabora amb massa mare i amb farina pr\u00f2pia 100% ecol\u00f2gica molta all\u00e0 mateix al mol\u00ed de pedra? Avui celebrem el Dia Mundial del Pa, i volem mostrar-te de la m\u00e0 del Jordi Morera, forner de cinquena generaci\u00f3, i el Cintet, tots els &hellip; <a href=\"https:\/\/www.ametllerorigenwp.com\/ca\/descobreix-amb-el-jordi-morera-tots-els-secrets-delaboracio-del-pa-de-mercat-dautors\/\" class=\"more-link\">Continua llegint <span class=\"screen-reader-text\">\u00abDescobreix amb el Jordi Morera tots els secrets d\u2019elaboraci\u00f3 del pa de Mercat d\u2019Autors\u00bb<\/span><\/a><\/p>\n","protected":false},"author":5,"featured_media":3716,"comment_status":"open","ping_status":"open","sticky":false,"template":"","format":"standard","meta":{"_uag_custom_page_level_css":"","advgb_blocks_editor_width":"","advgb_blocks_columns_visual_guide":"","footnotes":""},"categories":[2],"tags":[],"class_list":["post-3715","post","type-post","status-publish","format-standard","has-post-thumbnail","hentry","category-noticies"],"author_meta":{"display_name":"Mireia Zaragoza","author_link":"https:\/\/www.ametllerorigenwp.com\/ca\/author\/mzaragoza\/"},"featured_img":"https:\/\/www.ametllerorigenwp.com\/wp-content\/uploads\/2021\/10\/App_pa-300x102.jpg","uagb_featured_image_src":{"full":["https:\/\/www.ametllerorigenwp.com\/wp-content\/uploads\/2021\/10\/App_pa.jpg",1000,340,false],"thumbnail":["https:\/\/www.ametllerorigenwp.com\/wp-content\/uploads\/2021\/10\/App_pa-150x150.jpg",150,150,true],"medium":["https:\/\/www.ametllerorigenwp.com\/wp-content\/uploads\/2021\/10\/App_pa-300x102.jpg",300,102,true],"medium_large":["https:\/\/www.ametllerorigenwp.com\/wp-content\/uploads\/2021\/10\/App_pa-768x261.jpg",768,261,true],"large":["https:\/\/www.ametllerorigenwp.com\/wp-content\/uploads\/2021\/10\/App_pa.jpg",840,286,false],"1536x1536":["https:\/\/www.ametllerorigenwp.com\/wp-content\/uploads\/2021\/10\/App_pa.jpg",1000,340,false],"2048x2048":["https:\/\/www.ametllerorigenwp.com\/wp-content\/uploads\/2021\/10\/App_pa.jpg",1000,340,false],"post-thumbnail":["https:\/\/www.ametllerorigenwp.com\/wp-content\/uploads\/2021\/10\/App_pa.jpg",1000,340,false]},"uagb_author_info":{"display_name":"Mireia Zaragoza","author_link":"https:\/\/www.ametllerorigenwp.com\/ca\/author\/mzaragoza\/"},"uagb_comment_info":0,"uagb_excerpt":"Sabies que tot el pa que tenim a la fleca del Mercat d\u2019Autors s\u2019elabora amb massa mare i amb farina pr\u00f2pia 100% ecol\u00f2gica molta all\u00e0 mateix al mol\u00ed de pedra? Avui celebrem el Dia Mundial del Pa, i volem mostrar-te de la m\u00e0 del Jordi Morera, forner de cinquena generaci\u00f3, i el Cintet, tots els&hellip;","coauthors":[],"tax_additional":{"categories":{"linked":["<a href=\"https:\/\/www.ametllerorigenwp.com\/ca\/category\/noticies\/\" class=\"advgb-post-tax-term\">Noticies<\/a>"],"unlinked":["<span class=\"advgb-post-tax-term\">Noticies<\/span>"]}},"comment_count":"0","relative_dates":{"created":"Posted 5 anys ago","modified":"Updated 5 anys ago"},"absolute_dates":{"created":"Posted on 15 d'octubre de 2021","modified":"Updated on 15 d'octubre de 2021"},"absolute_dates_time":{"created":"Posted on 15 d'octubre de 2021 15:02","modified":"Updated on 15 d'octubre de 2021 15:02"},"featured_img_caption":"","series_order":"","show_in_app":true,"fecha_inicio_destacado":null,"hora_inicio_visualizacion":null,"minutos_inicio_visualizacion":null,"fecha_final_destacado":null,"hora_final_visualizacion":null,"minutos_final_visualizacion":null,"posicion_visualizacion":null,"estado_destacado":null,"niveles_destacados":null,"url_del_enlace":null,"banner_destacado":null,"posicion_visualizacion_de_la_noticia":null,"estado_noticia":null,"fecha_de_inicio_de_visualizacion_del_tutorial":null,"hora_inicio_visualizacion_tutorial":null,"minutos_inicio_visualizacion_tutorial":null,"fecha_de_final_de_visualizacion_del_tutorial":null,"hora_final_visualizacion_tutorial":null,"minutos_final_visualizacion_tutorial":null,"numero_de_veces_visto":null,"numero_de_veces_total":null,"niveles_tutorial":null,"tutorial_recursos_castellano":null,"tutorial_recursos_catalan":null,"dias_disponibles":null,"dias_de_la_semana":null,"dias_del_mes":null,"other_lang_post_id":null,"lang":"ca","campanya_descripcion":null,"campanya_fecha_inicio":null,"campanya_fecha_fin":null,"campanya_legales":null,"campanya_imagen":null,"campanya_characteristics":null,"campanya_url":null,"campanya_posicion_visualizacion":null,"campanya_estado":null,"_links":{"self":[{"href":"https:\/\/www.ametllerorigenwp.com\/ca\/wp-json\/wp\/v2\/posts\/3715","targetHints":{"allow":["GET"]}}],"collection":[{"href":"https:\/\/www.ametllerorigenwp.com\/ca\/wp-json\/wp\/v2\/posts"}],"about":[{"href":"https:\/\/www.ametllerorigenwp.com\/ca\/wp-json\/wp\/v2\/types\/post"}],"author":[{"embeddable":true,"href":"https:\/\/www.ametllerorigenwp.com\/ca\/wp-json\/wp\/v2\/users\/5"}],"replies":[{"embeddable":true,"href":"https:\/\/www.ametllerorigenwp.com\/ca\/wp-json\/wp\/v2\/comments?post=3715"}],"version-history":[{"count":2,"href":"https:\/\/www.ametllerorigenwp.com\/ca\/wp-json\/wp\/v2\/posts\/3715\/revisions"}],"predecessor-version":[{"id":3719,"href":"https:\/\/www.ametllerorigenwp.com\/ca\/wp-json\/wp\/v2\/posts\/3715\/revisions\/3719"}],"wp:featuredmedia":[{"embeddable":true,"href":"https:\/\/www.ametllerorigenwp.com\/ca\/wp-json\/wp\/v2\/media\/3716"}],"wp:attachment":[{"href":"https:\/\/www.ametllerorigenwp.com\/ca\/wp-json\/wp\/v2\/media?parent=3715"}],"wp:term":[{"taxonomy":"category","embeddable":true,"href":"https:\/\/www.ametllerorigenwp.com\/ca\/wp-json\/wp\/v2\/categories?post=3715"},{"taxonomy":"post_tag","embeddable":true,"href":"https:\/\/www.ametllerorigenwp.com\/ca\/wp-json\/wp\/v2\/tags?post=3715"}],"curies":[{"name":"wp","href":"https:\/\/api.w.org\/{rel}","templated":true}]}}