{"id":3731,"date":"2021-10-18T15:21:26","date_gmt":"2021-10-18T15:21:26","guid":{"rendered":"https:\/\/www.ametllerorigenwp.com\/?p=3731"},"modified":"2021-10-18T15:42:57","modified_gmt":"2021-10-18T15:42:57","slug":"betacarotens-contra-el-cancer-de-mama","status":"publish","type":"post","link":"https:\/\/www.ametllerorigenwp.com\/ca\/betacarotens-contra-el-cancer-de-mama\/","title":{"rendered":"Betacarotens contra el c\u00e0ncer de mama"},"content":{"rendered":"\n<p>Coincidint amb el Dia Mundial del C\u00e0ncer de Mama, posem en marxa una acci\u00f3 solid\u00e0ria per donar suport a la investigaci\u00f3 del c\u00e0ncer de mama. <strong>Destinarem 1 \u20ac per cada crema de carbassa de 485 ml que venguem des d\u2019avui fins al 24 d\u2019octubre a totes les botigues f\u00edsiques i a la <a href=\"https:\/\/www.ametllerorigen.com\/ca\/crema-de-carbassa-ao-485ml\/p\">botiga online<\/a>.<\/strong><\/p>\n\n\n\n<p>Els <strong>betacarotens s\u00f3n uns components presents en determinades fruites i hortalisses<\/strong> (carbassa, pastanaga o moniato) <strong>i la seva ingesta podria tenir beneficis en la reducci\u00f3 del c\u00e0ncer de mama<\/strong>, en el context d\u2019una dieta equilibrada combinada amb activitat f\u00edsica. Aquests components s\u00f3n els responsables de donar el color groc, taronja i fins i tot vermell a fruites i hortalisses.<\/p>\n\n\n\n<p>Suma-t\u2019hi!<\/p>\n","protected":false},"excerpt":{"rendered":"<p>Coincidint amb el Dia Mundial del C\u00e0ncer de Mama, posem en marxa una acci\u00f3 solid\u00e0ria per donar suport a la investigaci\u00f3 del c\u00e0ncer de mama. Destinarem 1 \u20ac per cada crema de carbassa de 485 ml que venguem des d\u2019avui fins al 24 d\u2019octubre a totes les botigues f\u00edsiques i a la botiga online. Els &hellip; <a href=\"https:\/\/www.ametllerorigenwp.com\/ca\/betacarotens-contra-el-cancer-de-mama\/\" class=\"more-link\">Continua llegint <span class=\"screen-reader-text\">\u00abBetacarotens contra el c\u00e0ncer de mama\u00bb<\/span><\/a><\/p>\n","protected":false},"author":5,"featured_media":3732,"comment_status":"open","ping_status":"open","sticky":false,"template":"","format":"standard","meta":{"_uag_custom_page_level_css":"","advgb_blocks_editor_width":"","advgb_blocks_columns_visual_guide":"","footnotes":""},"categories":[2],"tags":[],"class_list":["post-3731","post","type-post","status-publish","format-standard","has-post-thumbnail","hentry","category-noticies"],"author_meta":{"display_name":"Mireia Zaragoza","author_link":"https:\/\/www.ametllerorigenwp.com\/ca\/author\/mzaragoza\/"},"featured_img":"https:\/\/www.ametllerorigenwp.com\/wp-content\/uploads\/2021\/10\/App_crema_carbassa_cancer_cat-300x102.jpg","uagb_featured_image_src":{"full":["https:\/\/www.ametllerorigenwp.com\/wp-content\/uploads\/2021\/10\/App_crema_carbassa_cancer_cat.jpg",1000,340,false],"thumbnail":["https:\/\/www.ametllerorigenwp.com\/wp-content\/uploads\/2021\/10\/App_crema_carbassa_cancer_cat-150x150.jpg",150,150,true],"medium":["https:\/\/www.ametllerorigenwp.com\/wp-content\/uploads\/2021\/10\/App_crema_carbassa_cancer_cat-300x102.jpg",300,102,true],"medium_large":["https:\/\/www.ametllerorigenwp.com\/wp-content\/uploads\/2021\/10\/App_crema_carbassa_cancer_cat-768x261.jpg",768,261,true],"large":["https:\/\/www.ametllerorigenwp.com\/wp-content\/uploads\/2021\/10\/App_crema_carbassa_cancer_cat.jpg",840,286,false],"1536x1536":["https:\/\/www.ametllerorigenwp.com\/wp-content\/uploads\/2021\/10\/App_crema_carbassa_cancer_cat.jpg",1000,340,false],"2048x2048":["https:\/\/www.ametllerorigenwp.com\/wp-content\/uploads\/2021\/10\/App_crema_carbassa_cancer_cat.jpg",1000,340,false],"post-thumbnail":["https:\/\/www.ametllerorigenwp.com\/wp-content\/uploads\/2021\/10\/App_crema_carbassa_cancer_cat.jpg",1000,340,false]},"uagb_author_info":{"display_name":"Mireia Zaragoza","author_link":"https:\/\/www.ametllerorigenwp.com\/ca\/author\/mzaragoza\/"},"uagb_comment_info":0,"uagb_excerpt":"Coincidint amb el Dia Mundial del C\u00e0ncer de Mama, posem en marxa una acci\u00f3 solid\u00e0ria per donar suport a la investigaci\u00f3 del c\u00e0ncer de mama. Destinarem 1 \u20ac per cada crema de carbassa de 485 ml que venguem des d\u2019avui fins al 24 d\u2019octubre a totes les botigues f\u00edsiques i a la botiga online. Els&hellip;","coauthors":[],"tax_additional":{"categories":{"linked":["<a href=\"https:\/\/www.ametllerorigenwp.com\/ca\/category\/noticies\/\" class=\"advgb-post-tax-term\">Noticies<\/a>"],"unlinked":["<span class=\"advgb-post-tax-term\">Noticies<\/span>"]}},"comment_count":"0","relative_dates":{"created":"Posted 5 anys ago","modified":"Updated 5 anys ago"},"absolute_dates":{"created":"Posted on 18 d'octubre de 2021","modified":"Updated on 18 d'octubre de 2021"},"absolute_dates_time":{"created":"Posted on 18 d'octubre de 2021 15:21","modified":"Updated on 18 d'octubre de 2021 15:42"},"featured_img_caption":"","series_order":"","show_in_app":true,"fecha_inicio_destacado":null,"hora_inicio_visualizacion":null,"minutos_inicio_visualizacion":null,"fecha_final_destacado":null,"hora_final_visualizacion":null,"minutos_final_visualizacion":null,"posicion_visualizacion":null,"estado_destacado":null,"niveles_destacados":null,"url_del_enlace":null,"banner_destacado":null,"posicion_visualizacion_de_la_noticia":null,"estado_noticia":null,"fecha_de_inicio_de_visualizacion_del_tutorial":null,"hora_inicio_visualizacion_tutorial":null,"minutos_inicio_visualizacion_tutorial":null,"fecha_de_final_de_visualizacion_del_tutorial":null,"hora_final_visualizacion_tutorial":null,"minutos_final_visualizacion_tutorial":null,"numero_de_veces_visto":null,"numero_de_veces_total":null,"niveles_tutorial":null,"tutorial_recursos_castellano":null,"tutorial_recursos_catalan":null,"dias_disponibles":null,"dias_de_la_semana":null,"dias_del_mes":null,"other_lang_post_id":null,"lang":"ca","campanya_descripcion":null,"campanya_fecha_inicio":null,"campanya_fecha_fin":null,"campanya_legales":null,"campanya_imagen":null,"campanya_characteristics":null,"campanya_url":null,"campanya_posicion_visualizacion":null,"campanya_estado":null,"_links":{"self":[{"href":"https:\/\/www.ametllerorigenwp.com\/ca\/wp-json\/wp\/v2\/posts\/3731","targetHints":{"allow":["GET"]}}],"collection":[{"href":"https:\/\/www.ametllerorigenwp.com\/ca\/wp-json\/wp\/v2\/posts"}],"about":[{"href":"https:\/\/www.ametllerorigenwp.com\/ca\/wp-json\/wp\/v2\/types\/post"}],"author":[{"embeddable":true,"href":"https:\/\/www.ametllerorigenwp.com\/ca\/wp-json\/wp\/v2\/users\/5"}],"replies":[{"embeddable":true,"href":"https:\/\/www.ametllerorigenwp.com\/ca\/wp-json\/wp\/v2\/comments?post=3731"}],"version-history":[{"count":3,"href":"https:\/\/www.ametllerorigenwp.com\/ca\/wp-json\/wp\/v2\/posts\/3731\/revisions"}],"predecessor-version":[{"id":3742,"href":"https:\/\/www.ametllerorigenwp.com\/ca\/wp-json\/wp\/v2\/posts\/3731\/revisions\/3742"}],"wp:featuredmedia":[{"embeddable":true,"href":"https:\/\/www.ametllerorigenwp.com\/ca\/wp-json\/wp\/v2\/media\/3732"}],"wp:attachment":[{"href":"https:\/\/www.ametllerorigenwp.com\/ca\/wp-json\/wp\/v2\/media?parent=3731"}],"wp:term":[{"taxonomy":"category","embeddable":true,"href":"https:\/\/www.ametllerorigenwp.com\/ca\/wp-json\/wp\/v2\/categories?post=3731"},{"taxonomy":"post_tag","embeddable":true,"href":"https:\/\/www.ametllerorigenwp.com\/ca\/wp-json\/wp\/v2\/tags?post=3731"}],"curies":[{"name":"wp","href":"https:\/\/api.w.org\/{rel}","templated":true}]}}