{"id":3752,"date":"2021-10-20T15:16:30","date_gmt":"2021-10-20T15:16:30","guid":{"rendered":"https:\/\/www.ametllerorigenwp.com\/?p=3752"},"modified":"2021-10-20T17:02:59","modified_gmt":"2021-10-20T17:02:59","slug":"com-combatre-el-malbaratament-alimentari-ho-debatem-al-femcami-talks-davui-apuntat-hi","status":"publish","type":"post","link":"https:\/\/www.ametllerorigenwp.com\/ca\/com-combatre-el-malbaratament-alimentari-ho-debatem-al-femcami-talks-davui-apuntat-hi\/","title":{"rendered":"\u201cCom combatre el malbaratament alimentari\u201d; ho debatem al FemCam\u00ed Talks d\u2019avui. Apunta\u2019t-hi!"},"content":{"rendered":"\n<p>Coincidint amb el nomenament de Barcelona com a Capital Mundial de l&#8217;Alimentaci\u00f3 Sostenible i amb l&#8217;aprovaci\u00f3 de l&#8217;avantprojecte de llei per fer front al malbaratament alimentari, <strong>avui a les 18:30 h, presentem la tercera sessi\u00f3 de FemCam\u00ed Talks sobre &#8220;Com combatre el malbaratament alimentari&#8221; a CASA SEAT.<\/strong><\/p>\n\n\n\n<p>La xerrada comptar\u00e0 amb la pres\u00e8ncia de Carles Tejedor, xef de la ONG World Central Kitchen; Ada Parellada, xef del restaurant Semproniana; Assumpci\u00f3 Ant\u00f3n Vallejo, investigadora de l\u2019Institut de Recerca i Tecnologia Agroaliment\u00e0ries i Pol Bernat, responsable de grans comptes d&#8217;Horeca a Too Good to Go i estar\u00e0 moderada per Sergi Saborit, periodista de The New Barcelona Post.<\/p>\n\n\n\n<p><strong>Reserva la teva entrada presencial <a href=\"https:\/\/events.yumiwi.io\/fem-cami-talks-malbaratament-alimentari\/registration#\/\" target=\"_blank\" rel=\"noreferrer noopener\">aqu\u00ed<\/a>, o segueix-ho en streaming <a href=\"https:\/\/events.yumiwi.io\/fem-cami-talks-malbaratament-alimentari\/registration#\/\" target=\"_blank\" rel=\"noreferrer noopener\">aqu\u00ed<\/a>!<\/strong><\/p>\n","protected":false},"excerpt":{"rendered":"<p>Coincidint amb el nomenament de Barcelona com a Capital Mundial de l&#8217;Alimentaci\u00f3 Sostenible i amb l&#8217;aprovaci\u00f3 de l&#8217;avantprojecte de llei per fer front al malbaratament alimentari, avui a les 18:30 h, presentem la tercera sessi\u00f3 de FemCam\u00ed Talks sobre &#8220;Com combatre el malbaratament alimentari&#8221; a CASA SEAT. La xerrada comptar\u00e0 amb la pres\u00e8ncia de Carles &hellip; <a href=\"https:\/\/www.ametllerorigenwp.com\/ca\/com-combatre-el-malbaratament-alimentari-ho-debatem-al-femcami-talks-davui-apuntat-hi\/\" class=\"more-link\">Continua llegint <span class=\"screen-reader-text\">\u00ab\u201cCom combatre el malbaratament alimentari\u201d; ho debatem al FemCam\u00ed Talks d\u2019avui. Apunta\u2019t-hi!\u00bb<\/span><\/a><\/p>\n","protected":false},"author":5,"featured_media":3753,"comment_status":"open","ping_status":"open","sticky":false,"template":"","format":"standard","meta":{"_uag_custom_page_level_css":"","advgb_blocks_editor_width":"","advgb_blocks_columns_visual_guide":"","footnotes":""},"categories":[2],"tags":[],"class_list":["post-3752","post","type-post","status-publish","format-standard","has-post-thumbnail","hentry","category-noticies"],"author_meta":{"display_name":"Mireia Zaragoza","author_link":"https:\/\/www.ametllerorigenwp.com\/ca\/author\/mzaragoza\/"},"featured_img":"https:\/\/www.ametllerorigenwp.com\/wp-content\/uploads\/2021\/10\/Banner_App_FCT_3-300x102.jpg","uagb_featured_image_src":{"full":["https:\/\/www.ametllerorigenwp.com\/wp-content\/uploads\/2021\/10\/Banner_App_FCT_3.jpg",2083,708,false],"thumbnail":["https:\/\/www.ametllerorigenwp.com\/wp-content\/uploads\/2021\/10\/Banner_App_FCT_3-150x150.jpg",150,150,true],"medium":["https:\/\/www.ametllerorigenwp.com\/wp-content\/uploads\/2021\/10\/Banner_App_FCT_3-300x102.jpg",300,102,true],"medium_large":["https:\/\/www.ametllerorigenwp.com\/wp-content\/uploads\/2021\/10\/Banner_App_FCT_3-768x261.jpg",768,261,true],"large":["https:\/\/www.ametllerorigenwp.com\/wp-content\/uploads\/2021\/10\/Banner_App_FCT_3-1024x348.jpg",840,285,true],"1536x1536":["https:\/\/www.ametllerorigenwp.com\/wp-content\/uploads\/2021\/10\/Banner_App_FCT_3-1536x522.jpg",1536,522,true],"2048x2048":["https:\/\/www.ametllerorigenwp.com\/wp-content\/uploads\/2021\/10\/Banner_App_FCT_3-2048x696.jpg",2048,696,true],"post-thumbnail":["https:\/\/www.ametllerorigenwp.com\/wp-content\/uploads\/2021\/10\/Banner_App_FCT_3-1200x408.jpg",1200,408,true]},"uagb_author_info":{"display_name":"Mireia Zaragoza","author_link":"https:\/\/www.ametllerorigenwp.com\/ca\/author\/mzaragoza\/"},"uagb_comment_info":0,"uagb_excerpt":"Coincidint amb el nomenament de Barcelona com a Capital Mundial de l&#8217;Alimentaci\u00f3 Sostenible i amb l&#8217;aprovaci\u00f3 de l&#8217;avantprojecte de llei per fer front al malbaratament alimentari, avui a les 18:30 h, presentem la tercera sessi\u00f3 de FemCam\u00ed Talks sobre &#8220;Com combatre el malbaratament alimentari&#8221; a CASA SEAT. La xerrada comptar\u00e0 amb la pres\u00e8ncia de Carles&hellip;","coauthors":[],"tax_additional":{"categories":{"linked":["<a href=\"https:\/\/www.ametllerorigenwp.com\/ca\/category\/noticies\/\" class=\"advgb-post-tax-term\">Noticies<\/a>"],"unlinked":["<span class=\"advgb-post-tax-term\">Noticies<\/span>"]}},"comment_count":"0","relative_dates":{"created":"Posted 5 anys ago","modified":"Updated 5 anys ago"},"absolute_dates":{"created":"Posted on 20 d'octubre de 2021","modified":"Updated on 20 d'octubre de 2021"},"absolute_dates_time":{"created":"Posted on 20 d'octubre de 2021 15:16","modified":"Updated on 20 d'octubre de 2021 17:02"},"featured_img_caption":"","series_order":"","show_in_app":true,"fecha_inicio_destacado":null,"hora_inicio_visualizacion":null,"minutos_inicio_visualizacion":null,"fecha_final_destacado":null,"hora_final_visualizacion":null,"minutos_final_visualizacion":null,"posicion_visualizacion":null,"estado_destacado":null,"niveles_destacados":null,"url_del_enlace":null,"banner_destacado":null,"posicion_visualizacion_de_la_noticia":null,"estado_noticia":null,"fecha_de_inicio_de_visualizacion_del_tutorial":null,"hora_inicio_visualizacion_tutorial":null,"minutos_inicio_visualizacion_tutorial":null,"fecha_de_final_de_visualizacion_del_tutorial":null,"hora_final_visualizacion_tutorial":null,"minutos_final_visualizacion_tutorial":null,"numero_de_veces_visto":null,"numero_de_veces_total":null,"niveles_tutorial":null,"tutorial_recursos_castellano":null,"tutorial_recursos_catalan":null,"dias_disponibles":null,"dias_de_la_semana":null,"dias_del_mes":null,"other_lang_post_id":null,"lang":"ca","campanya_descripcion":null,"campanya_fecha_inicio":null,"campanya_fecha_fin":null,"campanya_legales":null,"campanya_imagen":null,"campanya_characteristics":null,"campanya_url":null,"campanya_posicion_visualizacion":null,"campanya_estado":null,"_links":{"self":[{"href":"https:\/\/www.ametllerorigenwp.com\/ca\/wp-json\/wp\/v2\/posts\/3752","targetHints":{"allow":["GET"]}}],"collection":[{"href":"https:\/\/www.ametllerorigenwp.com\/ca\/wp-json\/wp\/v2\/posts"}],"about":[{"href":"https:\/\/www.ametllerorigenwp.com\/ca\/wp-json\/wp\/v2\/types\/post"}],"author":[{"embeddable":true,"href":"https:\/\/www.ametllerorigenwp.com\/ca\/wp-json\/wp\/v2\/users\/5"}],"replies":[{"embeddable":true,"href":"https:\/\/www.ametllerorigenwp.com\/ca\/wp-json\/wp\/v2\/comments?post=3752"}],"version-history":[{"count":3,"href":"https:\/\/www.ametllerorigenwp.com\/ca\/wp-json\/wp\/v2\/posts\/3752\/revisions"}],"predecessor-version":[{"id":3765,"href":"https:\/\/www.ametllerorigenwp.com\/ca\/wp-json\/wp\/v2\/posts\/3752\/revisions\/3765"}],"wp:featuredmedia":[{"embeddable":true,"href":"https:\/\/www.ametllerorigenwp.com\/ca\/wp-json\/wp\/v2\/media\/3753"}],"wp:attachment":[{"href":"https:\/\/www.ametllerorigenwp.com\/ca\/wp-json\/wp\/v2\/media?parent=3752"}],"wp:term":[{"taxonomy":"category","embeddable":true,"href":"https:\/\/www.ametllerorigenwp.com\/ca\/wp-json\/wp\/v2\/categories?post=3752"},{"taxonomy":"post_tag","embeddable":true,"href":"https:\/\/www.ametllerorigenwp.com\/ca\/wp-json\/wp\/v2\/tags?post=3752"}],"curies":[{"name":"wp","href":"https:\/\/api.w.org\/{rel}","templated":true}]}}